{"id":1290,"date":"2022-01-20T13:55:16","date_gmt":"2022-01-20T12:55:16","guid":{"rendered":"https:\/\/blogs.laverdad.es\/faro\/?p=1290"},"modified":"2022-01-20T14:31:06","modified_gmt":"2022-01-20T13:31:06","slug":"consejos-de-un-profesor-jubilado","status":"publish","type":"post","link":"https:\/\/blogs.laverdad.es\/faro\/2022\/01\/20\/consejos-de-un-profesor-jubilado\/","title":{"rendered":"Consejos de un profesor jubilado"},"content":{"rendered":"<p>El otro d\u00eda una compa\u00f1era, con la mejor de las intenciones,\u00a0 me felicitaba por <em>&#8220;pasar a mejor vida&#8221;<\/em>\u00a0. Nos re\u00edmos cuando le aclar\u00e9 que la propiedad conmutativa no es aplicable en este caso y que en lo que pondr\u00eda el m\u00e1ximo empe\u00f1o ser\u00eda en tener\u00a0 <strong>una <em>vida mejor<\/em><\/strong>,\u00a0 a partir de ahora, con las limitaciones propias de mi edad.<\/p>\n<p>Durante m\u00e1s de 40 a\u00f1os he podido disfrutar de una experiencia profesional larga y variada.\u00a0 Por lo que respecta a la ense\u00f1anza he dado clases de Matem\u00e1ticas, y algunos cursos tambi\u00e9n de Inform\u00e1tica, en el Colegio Marista &#8220;La Merced&#8221;, pasando luego al IES Miguel de Cervantes y recalando finalmente\u00a0 en el IES Alfonso X El Sabio, donde he estado casi 20 a\u00f1os y en el que me ha llegado la hora de la jubilaci\u00f3n.<\/p>\n<p>De forma simult\u00e1nea,\u00a0 en muchos per\u00edodos, he compatibilizado mis obligaciones docentes con el desempe\u00f1o de responsabilidades directivas en el sector privado, con la Secretar\u00eda de dos C\u00e1tedras en la UCAM y, en excedencia, en dos etapas distintas,\u00a0 he podido trabajar en la Administraci\u00f3n Regional durante casi 12 a\u00f1os.<\/p>\n<p>Como los abuelos contamos batallitas, en esta hora contradictoria de la despedida como profesor he querido trasladar a mis alumnos y a sus familias una serie de <strong>recomendaciones<\/strong> , aplicables tanto a la vida personal como acad\u00e9mica,\u00a0 \u00a0con las que se puede estar o no de acuerdo, pero que son fruto de mi experiencia y de mis reflexiones, necesariamente subjetivas, muchas de ellas vertidas en estas mismas p\u00e1ginas, que se pueden consultar al final de este extenso post.<\/p>\n<p>Nada me agradar\u00eda m\u00e1s que alg\u00fan punto de este <em>dec\u00e1logo<\/em>\u00a0pudiera ser de utilidad a un posible lector.<\/p>\n<p style=\"text-align: center;\"><strong>\u00a0\u201cPer aspera ad astra\u201d (S\u00e9neca)<\/strong><\/p>\n<p style=\"text-align: center;\"><em>Hacia lo m\u00e1s alto a trav\u00e9s del esfuerzo<\/em><\/p>\n<p style=\"text-align: center;\"><em>\u00a0<a href=\"https:\/\/static-blogs.laverdad.es\/wp-content\/uploads\/sites\/25\/2022\/01\/Mosaico-Per-Aspera-Ad-Astra.jpg\"><img loading=\"lazy\" class=\"alignnone size-medium wp-image-1291\" src=\"https:\/\/static-blogs.laverdad.es\/wp-content\/uploads\/sites\/25\/2022\/01\/Mosaico-Per-Aspera-Ad-Astra-300x286.jpg\" alt=\"\" width=\"300\" height=\"286\" srcset=\"https:\/\/static-blogs.laverdad.es\/wp-content\/uploads\/sites\/25\/2022\/01\/Mosaico-Per-Aspera-Ad-Astra-300x286.jpg 300w, https:\/\/static-blogs.laverdad.es\/wp-content\/uploads\/sites\/25\/2022\/01\/Mosaico-Per-Aspera-Ad-Astra-768x732.jpg 768w, https:\/\/static-blogs.laverdad.es\/wp-content\/uploads\/sites\/25\/2022\/01\/Mosaico-Per-Aspera-Ad-Astra-1024x977.jpg 1024w, https:\/\/static-blogs.laverdad.es\/wp-content\/uploads\/sites\/25\/2022\/01\/Mosaico-Per-Aspera-Ad-Astra.jpg 1080w\" sizes=\"(max-width: 300px) 100vw, 300px\" \/><\/a><\/em><\/p>\n<p style=\"text-align: center;\"><strong>\u00a0<\/strong><\/p>\n<ol>\n<li><em><strong>Actores principales<\/strong><\/em><em> <strong>del sistema educativo:<\/strong> Los Gobiernos, las familias, los estudiantes y los profesores. El <strong>profeso<\/strong>r es el gran protagonista, como reconocen los pa\u00edses m\u00e1s destacados en los rankings educativos. En la cultura oriental se venera esta figura. Respeta a tu profesor y facilita su trabajo. S\u00e9 receptivo a sus ense\u00f1anzas y orientaciones. No molestes en clase. Sin orden y disciplina en el aula es muy dif\u00edcil que puedan desarrollar su labor con eficacia.<\/em><\/li>\n<\/ol>\n<p><em>\u00a0<\/em><\/p>\n<ol start=\"2\">\n<li><em><strong>Sin formaci\u00f3n no hay futuro<\/strong><\/em><em>. La educaci\u00f3n es la primera pol\u00edtica econ\u00f3mica de un pa\u00eds. \u00a0 No s\u00f3lo es un requisito para acceder a un empleo de calidad, sino que constituye un instrumento para garantizar la participaci\u00f3n ciudadana, la inclusi\u00f3n social, la igualdad de oportunidades y la capacidad de decidir con criterio propio. Exijamos a los Gobiernos que sean consecuentes con este mandamiento estrat\u00e9gico, con generosidad y sin sectarismos, y que se esfuerce especialmente en la formaci\u00f3n y selecci\u00f3n del mejor profesorado posible.<\/em><\/li>\n<\/ol>\n<p><em>\u00a0<\/em><em>\u00a0<\/em><\/p>\n<ol start=\"3\">\n<li><strong><em>El entorno familiar es un gran facilitador del rendimiento acad\u00e9mico.<\/em><\/strong><em> Los padres deb\u00e9is ser conscientes de la gran importancia que ten\u00e9is en el desarrollo integral de vuestros hijos. Nadie como vosotros puede aconsejarles de forma m\u00e1s desinteresada ni proveer de los medios necesarios para garantizar su formaci\u00f3n. Implicaos al m\u00e1ximo en esta tarea, colaborando con los profesores.<\/em><\/li>\n<\/ol>\n<p><iframe loading=\"lazy\" width=\"500\" height=\"281\" src=\"https:\/\/www.youtube.com\/embed\/fwftO8wwp74?feature=oembed\" frameborder=\"0\" allow=\"accelerometer; autoplay; clipboard-write; encrypted-media; gyroscope; picture-in-picture\" allowfullscreen><\/iframe><\/p>\n<ol start=\"4\">\n<li><strong><em>Responsabilidad de los alumnos. <\/em><\/strong><em>Vosotros sois los primeros beneficiados en recibir una formaci\u00f3n de calidad. Nadie puede estudiar por vosotros. Respetad el esfuerzo de vuestras familias, el inter\u00e9s de los profesores y valorad el importante coste econ\u00f3mico que destina la sociedad a vuestra educaci\u00f3n.<\/em><\/li>\n<\/ol>\n<p>&nbsp;<\/p>\n<ol start=\"5\">\n<li><strong><em>La actitud es un factor multiplicador. <\/em><\/strong><em>Invertid en vosotros mismos, como nadie puede hacerlo. Poned pasi\u00f3n en el estudio y en los objetivos que os marqu\u00e9is. La comodidad es un freno que garantiza\u00a0 la mediocridad. Lo que vale la pena cuesta. Sed generosos en vuestro esfuerzo. A lo mejor os sorprend\u00e9is con los resultados. Si sois buenos estudiantes ayudad a los compa\u00f1eros que os lo demanden. \u201cEl que ense\u00f1a aprende dos veces\u201d. Si no lo sois, de momento, pod\u00e9is llegar a serlo con esfuerzo y sacrificio.<\/em><\/li>\n<\/ol>\n<p>&nbsp;<\/p>\n<ol start=\"6\">\n<li><em><strong>Aspirad a lo m\u00e1ximo<\/strong>. No os resign\u00e9is a la mediocridad. Tratad de ser excelentes en todo lo que hag\u00e1is. Garc\u00eda M\u00e1rquez animaba a sus alumnos de un taller de escritura para que aspiraran a escribir \u201cEl Quijote\u201d, que ya se encargar\u00edan las circunstancias y sus propias limitaciones personales de situarlos en su justa posici\u00f3n como novelistas. El camino\u00a0 hacia la excelencia est\u00e1 lleno de dificultades pero vale la pena recorrerlo. <strong>\u201cRecordemos mirar a las estrellas y no a los pies\u201d,<\/strong> recomendaba Stephen Hawking. Intentad aprovechar al m\u00e1ximo vuestros talentos. Si de entrada apunt\u00e1is bajo nunca har\u00e9is nada que valga la pena<\/em>. <em>Como norma, ex\u00edgete mucho a ti mismo y espera poco de los dem\u00e1s.<\/em><\/li>\n<\/ol>\n<p><em>\u00a0<\/em><\/p>\n<ol start=\"7\">\n<li><em><strong>Evitad el \u201cs\u00edndrome del estudiante\u201d. <\/strong>La disciplina consiste en hacer lo que se tiene que hacer, en tiempo y forma, sin ning\u00fan tipo de excusa. Por el contrario, la pereza es el mayor enemigo para conseguir vuestras metas. Procrastinar es el defecto de aplazar sistem\u00e1ticamente vuestras obligaciones: estudio, deberes, trabajos, \u2026 y luego vienen las prisas y los agobios. si lo pierdes lastimosamente el tiempo es un monstruo vengativo que siempre pasa factura . La obligaci\u00f3n siempre antes que la devoci\u00f3n. La TV y sobre todo las RRSS, con la impulsividad y dedicaci\u00f3n que demandan (adicciones incluidas), pueden ser factores limitantes del rendimiento acad\u00e9mico, lo que no es \u00f3bice para valorar el enorme caudal de conocimientos que provee Internet. <\/em><\/li>\n<\/ol>\n<p><em>\u00a0<\/em><\/p>\n<ol start=\"8\">\n<li><strong><em>La importancia de las Matem\u00e1ticas. <\/em><\/strong><em>Todas las materias son importantes, pero en un entorno cada vez m\u00e1s tecnol\u00f3gico, de una manera sin precedentes, esta disciplina ocupa un papel fundamental en los planes de estudio de todos los pa\u00edses del mundo por dos razones. En primer lugar, por los valores intr\u00ednsecos que promueve: capacidad de razonamiento l\u00f3gico y de resoluci\u00f3n de problemas, creatividad, abstracci\u00f3n, rigor, precisi\u00f3n, esp\u00edritu cr\u00edtico, identificaci\u00f3n de patrones, etc. En segundo lugar, por sus aplicaciones cient\u00edficas y tecnol\u00f3gicas. Vale la pena conocer los fundamentos de este lenguaje universal \u201cen el que Dios ha escrito el Universo\u201d (<\/em><strong>Galileo Galilei)<\/strong><\/li>\n<\/ol>\n<p>&nbsp;<\/p>\n<ol start=\"9\">\n<li><strong><em>La pr\u00e1ctica hace al maestro. <\/em><\/strong><em>Como todas las disciplinas humanas, dominar el lenguaje matem\u00e1tico cuesta trabajo y requiere disciplina y entrenamiento continuo. Pintar, escribir, hacer deporte, cocinar,\u2026 no se puede ser un buen profesional, un maestro,\u00a0 en ninguna de estas materias sin conocer sus rutinas, con esfuerzo y sacrificio<strong>. Para aprender Matem\u00e1ticas no hay caminos reales, como le dijo Euclides a Ptolomeo I, <\/strong>el fara\u00f3n de Egipto<strong>. <\/strong>En resumen, es una ciencia que est\u00e1 al alcance de cualquiera que quiera conocerla.<\/em><em> \u201cNada en este mundo es tan profundo y elegante, y al mismo<\/em><em> tiempo tan accesible para todo \u2026el que quiera\u201d (Frenkel) . Vale la pena intentarlo. <\/em><\/li>\n<\/ol>\n<p><em>\u00a0<\/em><\/p>\n<ol start=\"10\">\n<li><strong><em>\u201cLo esencial de las Matem\u00e1ticas radica en la LIBERTAD\u201d (Georg Cantor<\/em><\/strong><strong>) <\/strong><em>Las verdades matem\u00e1ticas son objetivas, persistentes y necesarias. Nos ense\u00f1an a analizar rigurosamente la realidad, liber\u00e1ndonos de dogmas y de prejuicios. El conocimiento matem\u00e1tico nos ayuda a abrir nuestra mente, a analizar con rigor los hechos, a formar nuestra capacidad de tomar decisiones, a protegernos de manipulaciones interesadas y sectarias y a ejercer la ciudadan\u00eda de manera m\u00e1s cr\u00edtica, a ser m\u00e1s libres, en definitiva. La libertad es el don m\u00e1s sagrado del hombre y todos los instrumentos ser\u00e1n pocos para defenderla y preservarla.<\/em><\/li>\n<\/ol>\n<p><em>\u00a0<\/em><\/p>\n<p>&nbsp;<\/p>\n<h2><a href=\"https:\/\/sites.google.com\/view\/juanjo-rios-pinera\/p%C3%A1gina-principal\">Web del autor<\/a><\/h2>\n<h2><strong>Art\u00edculos relacionados:<\/strong><\/h2>\n<blockquote class=\"wp-embedded-content\" data-secret=\"kLDgPscSUO\"><p><a href=\"https:\/\/blogs.laverdad.es\/faro\/2020\/07\/31\/churchill-y-parkinson\/\">Churchill y Parkinson<\/a><\/p><\/blockquote>\n<p><iframe class=\"wp-embedded-content\" sandbox=\"allow-scripts\" security=\"restricted\" style=\"position: absolute; clip: rect(1px, 1px, 1px, 1px);\" src=\"https:\/\/blogs.laverdad.es\/faro\/2020\/07\/31\/churchill-y-parkinson\/embed\/#?secret=kLDgPscSUO\" data-secret=\"kLDgPscSUO\" width=\"500\" height=\"282\" title=\"&#8220;Churchill y Parkinson&#8221; &#8212; La i de innovaci\u00f3n\" frameborder=\"0\" marginwidth=\"0\" marginheight=\"0\" scrolling=\"no\"><\/iframe><\/p>\n<blockquote class=\"wp-embedded-content\" data-secret=\"ZXCI2xI1C2\"><p><a href=\"https:\/\/blogs.laverdad.es\/faro\/2020\/03\/22\/coronavirus-y-matematicas\/\">Coronavirus y Matem\u00e1ticas<\/a><\/p><\/blockquote>\n<p><iframe class=\"wp-embedded-content\" sandbox=\"allow-scripts\" security=\"restricted\" style=\"position: absolute; clip: rect(1px, 1px, 1px, 1px);\" src=\"https:\/\/blogs.laverdad.es\/faro\/2020\/03\/22\/coronavirus-y-matematicas\/embed\/#?secret=ZXCI2xI1C2\" data-secret=\"ZXCI2xI1C2\" width=\"500\" height=\"282\" title=\"&#8220;Coronavirus y Matem\u00e1ticas&#8221; &#8212; La i de innovaci\u00f3n\" frameborder=\"0\" marginwidth=\"0\" marginheight=\"0\" scrolling=\"no\"><\/iframe><\/p>\n<p>&nbsp;<\/p>\n<blockquote class=\"wp-embedded-content\" data-secret=\"QHJlb73bqI\"><p><a href=\"https:\/\/blogs.laverdad.es\/faro\/2020\/02\/17\/provocar-vocaciones-cientificas\/\">Provocar vocaciones cient\u00edficas<\/a><\/p><\/blockquote>\n<p><iframe class=\"wp-embedded-content\" sandbox=\"allow-scripts\" security=\"restricted\" style=\"position: absolute; clip: rect(1px, 1px, 1px, 1px);\" src=\"https:\/\/blogs.laverdad.es\/faro\/2020\/02\/17\/provocar-vocaciones-cientificas\/embed\/#?secret=QHJlb73bqI\" data-secret=\"QHJlb73bqI\" width=\"500\" height=\"282\" title=\"&#8220;Provocar vocaciones cient\u00edficas&#8221; &#8212; La i de innovaci\u00f3n\" frameborder=\"0\" marginwidth=\"0\" marginheight=\"0\" scrolling=\"no\"><\/iframe><\/p>\n<blockquote class=\"wp-embedded-content\" data-secret=\"jzZ2qMOovs\"><p><a href=\"https:\/\/blogs.laverdad.es\/faro\/2019\/12\/31\/los-articulos-mas-leidos-y-un-descubrimiento\/\">Los art\u00edculos m\u00e1s le\u00eddos y un descubrimiento<\/a><\/p><\/blockquote>\n<p><iframe class=\"wp-embedded-content\" sandbox=\"allow-scripts\" security=\"restricted\" style=\"position: absolute; clip: rect(1px, 1px, 1px, 1px);\" src=\"https:\/\/blogs.laverdad.es\/faro\/2019\/12\/31\/los-articulos-mas-leidos-y-un-descubrimiento\/embed\/#?secret=jzZ2qMOovs\" data-secret=\"jzZ2qMOovs\" width=\"500\" height=\"282\" title=\"&#8220;Los art\u00edculos m\u00e1s le\u00eddos y un descubrimiento&#8221; &#8212; La i de innovaci\u00f3n\" frameborder=\"0\" marginwidth=\"0\" marginheight=\"0\" scrolling=\"no\"><\/iframe><\/p>\n<blockquote class=\"wp-embedded-content\" data-secret=\"zryzBTfKsZ\"><p><a href=\"https:\/\/blogs.laverdad.es\/faro\/2019\/08\/29\/la-tecnologia-cuantica-ya-esta-aqui\/\">La tecnolog\u00eda cu\u00e1ntica ya est\u00e1 aqu\u00ed<\/a><\/p><\/blockquote>\n<p><iframe class=\"wp-embedded-content\" sandbox=\"allow-scripts\" security=\"restricted\" style=\"position: absolute; clip: rect(1px, 1px, 1px, 1px);\" src=\"https:\/\/blogs.laverdad.es\/faro\/2019\/08\/29\/la-tecnologia-cuantica-ya-esta-aqui\/embed\/#?secret=zryzBTfKsZ\" data-secret=\"zryzBTfKsZ\" width=\"500\" height=\"282\" title=\"&#8220;La tecnolog\u00eda cu\u00e1ntica ya est\u00e1 aqu\u00ed&#8221; &#8212; La i de innovaci\u00f3n\" frameborder=\"0\" marginwidth=\"0\" marginheight=\"0\" scrolling=\"no\"><\/iframe><\/p>\n<blockquote class=\"wp-embedded-content\" data-secret=\"YCLV1g20z3\"><p><a href=\"https:\/\/blogs.laverdad.es\/faro\/2019\/04\/26\/el-infierno-de-todos-los-examenes\/\">El infierno de todos los ex\u00e1menes<\/a><\/p><\/blockquote>\n<p><iframe class=\"wp-embedded-content\" sandbox=\"allow-scripts\" security=\"restricted\" style=\"position: absolute; clip: rect(1px, 1px, 1px, 1px);\" src=\"https:\/\/blogs.laverdad.es\/faro\/2019\/04\/26\/el-infierno-de-todos-los-examenes\/embed\/#?secret=YCLV1g20z3\" data-secret=\"YCLV1g20z3\" width=\"500\" height=\"282\" title=\"&#8220;El infierno de todos los ex\u00e1menes&#8221; &#8212; La i de innovaci\u00f3n\" frameborder=\"0\" marginwidth=\"0\" marginheight=\"0\" scrolling=\"no\"><\/iframe><\/p>\n<blockquote class=\"wp-embedded-content\" data-secret=\"TdSyiLavUu\"><p><a href=\"https:\/\/blogs.laverdad.es\/faro\/2019\/03\/29\/corea-y-mi-lejano-bachillerato\/\">Corea y mi lejano bachillerato<\/a><\/p><\/blockquote>\n<p><iframe class=\"wp-embedded-content\" sandbox=\"allow-scripts\" security=\"restricted\" style=\"position: absolute; clip: rect(1px, 1px, 1px, 1px);\" src=\"https:\/\/blogs.laverdad.es\/faro\/2019\/03\/29\/corea-y-mi-lejano-bachillerato\/embed\/#?secret=TdSyiLavUu\" data-secret=\"TdSyiLavUu\" width=\"500\" height=\"282\" title=\"&#8220;Corea y mi lejano bachillerato&#8221; &#8212; La i de innovaci\u00f3n\" frameborder=\"0\" marginwidth=\"0\" marginheight=\"0\" scrolling=\"no\"><\/iframe><\/p>\n<blockquote class=\"wp-embedded-content\" data-secret=\"A4OizmGhR4\"><p><a href=\"https:\/\/blogs.laverdad.es\/faro\/2017\/05\/12\/el-pensamiento-computacional\/\">El pensamiento computacional<\/a><\/p><\/blockquote>\n<p><iframe class=\"wp-embedded-content\" sandbox=\"allow-scripts\" security=\"restricted\" style=\"position: absolute; clip: rect(1px, 1px, 1px, 1px);\" src=\"https:\/\/blogs.laverdad.es\/faro\/2017\/05\/12\/el-pensamiento-computacional\/embed\/#?secret=A4OizmGhR4\" data-secret=\"A4OizmGhR4\" width=\"500\" height=\"282\" title=\"&#8220;El pensamiento computacional&#8221; &#8212; La i de innovaci\u00f3n\" frameborder=\"0\" marginwidth=\"0\" marginheight=\"0\" scrolling=\"no\"><\/iframe><\/p>\n<blockquote class=\"wp-embedded-content\" data-secret=\"xuTYtMKMbT\"><p><a href=\"https:\/\/blogs.laverdad.es\/faro\/2017\/03\/17\/la-educacion-que-viene\/\">La educaci\u00f3n que viene<\/a><\/p><\/blockquote>\n<p><iframe class=\"wp-embedded-content\" sandbox=\"allow-scripts\" security=\"restricted\" style=\"position: absolute; clip: rect(1px, 1px, 1px, 1px);\" src=\"https:\/\/blogs.laverdad.es\/faro\/2017\/03\/17\/la-educacion-que-viene\/embed\/#?secret=xuTYtMKMbT\" data-secret=\"xuTYtMKMbT\" width=\"500\" height=\"282\" title=\"&#8220;La educaci\u00f3n que viene&#8221; &#8212; La i de innovaci\u00f3n\" frameborder=\"0\" marginwidth=\"0\" marginheight=\"0\" scrolling=\"no\"><\/iframe><\/p>\n<blockquote class=\"wp-embedded-content\" data-secret=\"3FZ4imtTjI\"><p><a href=\"https:\/\/blogs.laverdad.es\/faro\/2017\/02\/28\/gobernar-con-conocimiento-de-causa\/\">Gobernar con conocimiento de causa<\/a><\/p><\/blockquote>\n<p><iframe class=\"wp-embedded-content\" sandbox=\"allow-scripts\" security=\"restricted\" style=\"position: absolute; clip: rect(1px, 1px, 1px, 1px);\" src=\"https:\/\/blogs.laverdad.es\/faro\/2017\/02\/28\/gobernar-con-conocimiento-de-causa\/embed\/#?secret=3FZ4imtTjI\" data-secret=\"3FZ4imtTjI\" width=\"500\" height=\"282\" title=\"&#8220;Gobernar con conocimiento de causa&#8221; &#8212; La i de innovaci\u00f3n\" frameborder=\"0\" marginwidth=\"0\" marginheight=\"0\" scrolling=\"no\"><\/iframe><\/p>\n<blockquote class=\"wp-embedded-content\" data-secret=\"gp3tkMG7hZ\"><p><a href=\"https:\/\/blogs.laverdad.es\/faro\/2016\/11\/09\/estudiar-para-trabajar\/\">Estudiar para trabajar<\/a><\/p><\/blockquote>\n<p><iframe class=\"wp-embedded-content\" sandbox=\"allow-scripts\" security=\"restricted\" style=\"position: absolute; clip: rect(1px, 1px, 1px, 1px);\" src=\"https:\/\/blogs.laverdad.es\/faro\/2016\/11\/09\/estudiar-para-trabajar\/embed\/#?secret=gp3tkMG7hZ\" data-secret=\"gp3tkMG7hZ\" width=\"500\" height=\"282\" title=\"&#8220;Estudiar para trabajar&#8221; &#8212; La i de innovaci\u00f3n\" frameborder=\"0\" marginwidth=\"0\" marginheight=\"0\" scrolling=\"no\"><\/iframe><\/p>\n<p>&nbsp;<\/p>\n<blockquote class=\"wp-embedded-content\" data-secret=\"J0Jg7Jnyu7\"><p><a href=\"https:\/\/blogs.laverdad.es\/faro\/2014\/07\/12\/hijo-quiero-que-seas-movilista\/\">\u201cHijo, quiero que seas \u2026 movilista\u201c<\/a><\/p><\/blockquote>\n<p><iframe class=\"wp-embedded-content\" sandbox=\"allow-scripts\" security=\"restricted\" style=\"position: absolute; clip: rect(1px, 1px, 1px, 1px);\" src=\"https:\/\/blogs.laverdad.es\/faro\/2014\/07\/12\/hijo-quiero-que-seas-movilista\/embed\/#?secret=J0Jg7Jnyu7\" data-secret=\"J0Jg7Jnyu7\" width=\"500\" height=\"282\" title=\"&#8220;\u201cHijo, quiero que seas \u2026 movilista\u201c&#8221; &#8212; La i de innovaci\u00f3n\" frameborder=\"0\" marginwidth=\"0\" marginheight=\"0\" scrolling=\"no\"><\/iframe><\/p>\n<p>&nbsp;<\/p>\n","protected":false},"excerpt":{"rendered":"<p>El otro d\u00eda una compa\u00f1era, con la mejor de las intenciones,\u00a0 me felicitaba por &#8220;pasar a mejor vida&#8221;\u00a0. Nos re\u00edmos cuando le aclar\u00e9 que la propiedad conmutativa no es aplicable en este caso y que en lo que pondr\u00eda el m\u00e1ximo empe\u00f1o ser\u00eda en tener\u00a0 una vida mejor,\u00a0 a partir de ahora, con las limitaciones [&hellip;]<\/p>\n","protected":false},"author":26,"featured_media":0,"comment_status":"open","ping_status":"closed","sticky":false,"template":"","format":"standard","meta":[],"categories":[564,1],"tags":[864,863,861,859,372,858,862,860],"_links":{"self":[{"href":"https:\/\/blogs.laverdad.es\/faro\/wp-json\/wp\/v2\/posts\/1290"}],"collection":[{"href":"https:\/\/blogs.laverdad.es\/faro\/wp-json\/wp\/v2\/posts"}],"about":[{"href":"https:\/\/blogs.laverdad.es\/faro\/wp-json\/wp\/v2\/types\/post"}],"author":[{"embeddable":true,"href":"https:\/\/blogs.laverdad.es\/faro\/wp-json\/wp\/v2\/users\/26"}],"replies":[{"embeddable":true,"href":"https:\/\/blogs.laverdad.es\/faro\/wp-json\/wp\/v2\/comments?post=1290"}],"version-history":[{"count":7,"href":"https:\/\/blogs.laverdad.es\/faro\/wp-json\/wp\/v2\/posts\/1290\/revisions"}],"predecessor-version":[{"id":1298,"href":"https:\/\/blogs.laverdad.es\/faro\/wp-json\/wp\/v2\/posts\/1290\/revisions\/1298"}],"wp:attachment":[{"href":"https:\/\/blogs.laverdad.es\/faro\/wp-json\/wp\/v2\/media?parent=1290"}],"wp:term":[{"taxonomy":"category","embeddable":true,"href":"https:\/\/blogs.laverdad.es\/faro\/wp-json\/wp\/v2\/categories?post=1290"},{"taxonomy":"post_tag","embeddable":true,"href":"https:\/\/blogs.laverdad.es\/faro\/wp-json\/wp\/v2\/tags?post=1290"}],"curies":[{"name":"wp","href":"https:\/\/api.w.org\/{rel}","templated":true}]}}