{"id":13,"date":"2013-07-19T19:54:45","date_gmt":"2013-07-19T17:54:45","guid":{"rendered":"http:\/\/blogs.laverdad.es\/faro\/?p=13"},"modified":"2013-07-19T19:54:45","modified_gmt":"2013-07-19T17:54:45","slug":"la-imaginacion-al-poder","status":"publish","type":"post","link":"https:\/\/blogs.laverdad.es\/faro\/2013\/07\/19\/la-imaginacion-al-poder\/","title":{"rendered":"La imaginaci\u00f3n al poder"},"content":{"rendered":"<p>No hay empresas innovadoras sin personas\u00a0imaginativas.\u00a0\u00a0<strong><a href=\"http:\/\/www.junaalbert.com\/la-innovacion-una-prioridad-estrategica\/\">La creatividad,<\/a><\/strong> hist\u00f3ricamente asociada al mundo del arte, del dise\u00f1o y de la publicidad, aplicada a la econom\u00eda \u00a0es una cualidad cada vez m\u00e1s valorada como la principal habilidad personal del futuro.<\/p>\n<p><a href=\"\/faro\/wp-content\/uploads\/sites\/25\/2013\/07\/ADN-innovador.jpg\"><img loading=\"lazy\" class=\"alignleft size-full wp-image-95\" title=\"ADN innovador\" src=\"\/faro\/wp-content\/uploads\/sites\/25\/2013\/07\/ADN-innovador.jpg\" alt=\"\" width=\"280\" height=\"280\" srcset=\"https:\/\/static-blogs.laverdad.es\/wp-content\/uploads\/sites\/25\/2013\/07\/ADN-innovador.jpg 280w, https:\/\/static-blogs.laverdad.es\/wp-content\/uploads\/sites\/25\/2013\/07\/ADN-innovador-150x150.jpg 150w\" sizes=\"(max-width: 280px) 100vw, 280px\" \/><\/a><\/p>\n<p>No quiere decir esto que sean despreciables, ni mucho menos, las\u00a0<strong>habilidades de ejecuci\u00f3n,<\/strong>\u00a0fundamentales para el funcionamiento operativo de las empresas.\u00a0 Pero las ventajas competitivas, diferenciales provienen de la parte creativa de las personas, \u00a0de las habilidades de exploraci\u00f3n y descubrimiento.<\/p>\n<p>Es evidente que por razones gen\u00e9ticas, educativas o del entorno, hay personas m\u00e1s \u201cnaturalmente\u201d creativas que otras, pero esta condici\u00f3n no depende s\u00f3lo de nuestra personalidad sino tambi\u00e9n de nuestra actitud. Como casi siempre \u201c<strong>querer es poder\u201d<\/strong>\u00a0y si cambiamos nuestra actitud sin duda podemos mejorar nuestra creatividad. En general, se estima que la gen\u00e9tica configura s\u00f3lo 1\/3 de nuestra forma de ser, y que por lo tanto, los\u00a0\u00a0 2\/3 de nuestras habilidades personales se pueden adquirir y perfeccionar con la pr\u00e1ctica.<\/p>\n<p>Seg\u00fan se recoge en\u00a0<strong><a href=\"http:\/\/www.amazon.es\/ADN-del-innovador-habilidades-innovadores\/dp\/8423412431\">\u201cEl ADN del innovador\u201d,<\/a><\/strong> libro de obligada lectura, \u00a0la\u00a0<strong>creatividad\u00a0<\/strong>se basa en cinco habilidades concretas: <em>asociar, cuestionar, observar, desarrollar redes de contactos y experimentar.<\/em><\/p>\n<ol start=\"1\">\n<li>La capacidad de\u00a0<strong>asociaci\u00f3n<\/strong>\u00a0consiste en \u201crelacionar cosas aparentemente inconexas\u201d (<strong><a href=\"https:\/\/www.youtube.com\/watch?v=h_hJbXxPVp0\">Steve Jobs<\/a><\/strong>). Como\u00a0hizo Larry Page para dise\u00f1ar el motor de b\u00fasqueda de Google, asociando las veces que aparec\u00edan citados los investigadores cient\u00edficos en las revistas acad\u00e9micas con el n\u00famero de v\u00ednculos que contiene una web.<\/li>\n<li><strong>\u00a0\u201cCuestiona lo incuestionable\u201d\u00a0<\/strong>(Ratan Tata).Los innovadores son iconoclastas por naturaleza, se preguntan el porqu\u00e9 de todo constantemente, con mentalidad rebelde, se cuestionan el\u00a0<em>statu quo<\/em>, las rutinas, el hacer las cosas en modo \u201cpiloto autom\u00e1tico\u201d,\u2026 el <strong><a href=\"https:\/\/www.youtube.com\/watch?v=ewanact4lIU\">Circo del Sol<\/a><\/strong> surgi\u00f3 de preguntarse qu\u00e9 pasar\u00eda si se creara un circo sin animales.<\/li>\n<li>La capacidad de\u00a0<strong>observaci\u00f3n<\/strong>, de estar abierto a nuevas ideas y tendencias que a otros les pueden pasar desapercibidas, es una caracter\u00edstica b\u00e1sica de la personalidad innovadora. Observar el comportamiento humano en diversas situaciones puede ser otra\u00a0 gran fuente de innovaci\u00f3n. <strong><a href=\"http:\/\/www.tata.com\/aboutus\/articlesinside\/Ratan-N-Tata\">Tata<\/a><\/strong> cre\u00f3 su modelo de coche barato (2.200 d\u00f3lares), fij\u00e1ndose c\u00f3mo se calaban hasta los huesos \u00a04 personas api\u00f1adas en una motocicleta un d\u00eda de lluvia intensa en Bombay.<\/li>\n<li><strong>Networking:\u00a0<\/strong>Muchos innovadores suelen trabajar en red con un peque\u00f1o grupo de personas de confianza, multidisciplinar, con el que comparten y confrontan ideas creativas. De las intersecciones del conocimiento surgen oportunidades innovadoras. Hablar con gente diversa, de edades diferentes, de campos distintos, viajar, asistir a foros, eventos, ferias,\u2026 propicia que se dispare la creatividad.<\/li>\n<li><strong>Experimentaci\u00f3n:\u00a0<\/strong>Para <strong><a href=\"http:\/\/www.elmundo.es\/tecnologia\/2013\/12\/02\/529c2b5961fd3d48058b458c.html\">Joseph Bezos<\/a><\/strong>, fundador de Amazon, \u201clos experimentos son la llave de la innovaci\u00f3n\u201d. Hacer prototipos o realizar experiencias piloto son formas de depurar las innovaciones.<\/li>\n<\/ol>\n<p>&nbsp;<\/p>\n<p><strong>Pasatiempo creativo 4:\u00a0<em>Dicen que el monstruo del lago Ness mide 20 metros m\u00e1s la mitad de su longitud, \u00bfcu\u00e1nto mide?<\/em><\/strong><\/p>\n<p><strong><span style=\"text-decoration: underline;\">\u00a0<\/span><\/strong><\/p>\n","protected":false},"excerpt":{"rendered":"<p>No hay empresas innovadoras sin personas\u00a0imaginativas.\u00a0\u00a0La creatividad, hist\u00f3ricamente asociada al mundo del arte, del dise\u00f1o y de la publicidad, aplicada a la econom\u00eda \u00a0es una cualidad cada vez m\u00e1s valorada como la principal habilidad personal del futuro. No quiere decir esto que sean despreciables, ni mucho menos, las\u00a0habilidades de ejecuci\u00f3n,\u00a0fundamentales para el funcionamiento operativo de [&hellip;]<\/p>\n","protected":false},"author":26,"featured_media":0,"comment_status":"open","ping_status":"closed","sticky":false,"template":"","format":"standard","meta":[],"categories":[19,3,6,12,18],"tags":[32,91,102,137,274,288,495,502],"_links":{"self":[{"href":"https:\/\/blogs.laverdad.es\/faro\/wp-json\/wp\/v2\/posts\/13"}],"collection":[{"href":"https:\/\/blogs.laverdad.es\/faro\/wp-json\/wp\/v2\/posts"}],"about":[{"href":"https:\/\/blogs.laverdad.es\/faro\/wp-json\/wp\/v2\/types\/post"}],"author":[{"embeddable":true,"href":"https:\/\/blogs.laverdad.es\/faro\/wp-json\/wp\/v2\/users\/26"}],"replies":[{"embeddable":true,"href":"https:\/\/blogs.laverdad.es\/faro\/wp-json\/wp\/v2\/comments?post=13"}],"version-history":[{"count":0,"href":"https:\/\/blogs.laverdad.es\/faro\/wp-json\/wp\/v2\/posts\/13\/revisions"}],"wp:attachment":[{"href":"https:\/\/blogs.laverdad.es\/faro\/wp-json\/wp\/v2\/media?parent=13"}],"wp:term":[{"taxonomy":"category","embeddable":true,"href":"https:\/\/blogs.laverdad.es\/faro\/wp-json\/wp\/v2\/categories?post=13"},{"taxonomy":"post_tag","embeddable":true,"href":"https:\/\/blogs.laverdad.es\/faro\/wp-json\/wp\/v2\/tags?post=13"}],"curies":[{"name":"wp","href":"https:\/\/api.w.org\/{rel}","templated":true}]}}