{"id":1467,"date":"2024-09-01T09:20:27","date_gmt":"2024-09-01T07:20:27","guid":{"rendered":"https:\/\/blogs.laverdad.es\/faro\/?p=1467"},"modified":"2024-09-01T09:33:27","modified_gmt":"2024-09-01T07:33:27","slug":"transparencia-y-rendicion-de-cuentas","status":"publish","type":"post","link":"https:\/\/blogs.laverdad.es\/faro\/2024\/09\/01\/transparencia-y-rendicion-de-cuentas\/","title":{"rendered":"Transparencia y rendici\u00f3n de cuentas"},"content":{"rendered":"<p>El cuadro de honor de los <a href=\"https:\/\/fee.org.es\/articulos\/breve-historia-de-los-grandes-derrochadores-de-la-realeza\/\"><strong>gobernantes m\u00e1s derrochadores de la historia<\/strong><\/a> lo encabeza el emperador chino\u00a0<strong>Shi Huangdi\u00a0<\/strong> (221\u2013 210 A. C.), el tirano que comenz\u00f3 la construcci\u00f3n de la Gran Muralla y al que se debe el enorme mausoleo que contiene los famosos guerreros de terracota.<\/p>\n<p>Para la historiadora venezolana Alejandra Mart\u00ednez, <strong>Cal\u00edgula<\/strong>\u00a0(37-41 D.C.) es\u00a0 el siguiente en esta lista de despilfarradores p\u00fablicos, en las que son todos los que est\u00e1n pero no est\u00e1n todos los que son: <em>&#8220;Cuando vaci\u00f3 las arcas del Estado romano, confisc\u00f3 propiedades y herencias y cre\u00f3 nuevos impuestos &#8220;.<\/em><\/p>\n<p class=\"wp-block-heading\">No pod\u00eda faltar en esta breve relaci\u00f3n, el Rey Sol, <strong>Luis XIV de Francia<\/strong> (1643-1715), el del <em>Estado soy yo, <\/em>para el que el inter\u00e9s general y el suyo propio eran la misma cosa<em>. <\/em>Para financiar las enormes deudas que contra\u00eda no dudaba en masacrar a impuestos a nobles y ciudadanos<em>.\u00a0<\/em><\/p>\n<p>El \u00faltimo de la lista es un caso diferente\u00a0 pues hablamos de un gobernante democr\u00e1tico, <strong>Franklin D. Roosevelt<\/strong>, el Presidente de Estados Unidos (1933-1945),\u00a0 al que le toc\u00f3 lidiar con la Gran Depresi\u00f3n, decidiendo, con su programa <em>New Deal<\/em>, aumentar el gasto p\u00fablico muy por encima de los ingresos con objeto de reactivar la econom\u00eda. \u00bfC\u00f3mo lo hizo? Subiendo impuestos y confiscando bienes privados. El resultado final: prolongaci\u00f3n de la crisis, incremento del desempleo y de la deuda p\u00fablica.<\/p>\n<p>El economista Juan Manuel Rallo, destacado ap\u00f3stol de la <em><strong><a href=\"https:\/\/es.wikipedia.org\/wiki\/Minarquismo\">minarqu\u00eda<\/a>, <\/strong><\/em>prologa la s\u00e9ptima edici\u00f3n de un libro muy recomendable para todos los pol\u00edticos, cualquiera que sea su ideolog\u00eda:\u00a0<a href=\"https:\/\/www.academia.edu\/34874406\/La_econom%C3%ADa_en_una_leccion_Henry_Hazlitt_pdf\"><strong> &#8220;La econom\u00eda en una lecci\u00f3n&#8221;<\/strong>,<\/a> de Henry Hazlitt, que se puede resumir en un mensaje muy simple: las decisiones econ\u00f3micas de los gobernantes siempre\u00a0 deben contemplar el <strong>largo plazo<\/strong> y tener en cuenta sus efectos sobre <strong>todos los sectores<\/strong>.<\/p>\n<p>Para Rallo, la <strong>obra p\u00fablica <\/strong>fue un recurso cortoplacista utilizado por muchos pa\u00edses para luchar contra la crisis de 2008, lo que provoc\u00f3 mayor endeudamiento y mayor carga impositiva.\u00a0En Espa\u00f1a, el <a href=\"https:\/\/es.wikipedia.org\/wiki\/Plan_E\"><strong>Plan E<\/strong><\/a> supuso un agujero de casi 8.000 M\u20ac para las arcas del Estado, seg\u00fan el Tribunal de Cuentas.<\/p>\n<p>Lo que no admite duda alguna es que las decisiones de los dirigentes pol\u00edticos y los programas de gasto e ingresos fiscales de las Administraciones P\u00fablicas tienen un coste que finalmente <strong>siempre recae sobre los ciudadanos.<\/strong><\/p>\n<p>Los bur\u00f3cratas permanecen y siempre con tendencia a aumentar el presupuesto que manejan, el dinero de todos. El gobernante se marcha y deja como legado las posibles consecuencias de sus actuaciones para que las asuma la sociedad.<\/p>\n<p>Al fin y al cabo, como dec\u00eda <strong>James Buchanan<\/strong>, Premio Nobel en Econom\u00eda en 1986, uno de los fundadores de la <em>Public Choice,\u00a0<\/em>los pol\u00edticos y los bur\u00f3cratas son de carne y hueso, como todos,\u00a0 y tienden a maximizar sus incentivos y motivaciones particulares que no tienen por qu\u00e9 coincidir siempre con los intereses generales.<\/p>\n<p>&nbsp;<\/p>\n<div class=\"author\">\n<div id=\"attachment_1468\" style=\"width: 474px\" class=\"wp-caption alignnone\"><a href=\"https:\/\/static-blogs.laverdad.es\/wp-content\/uploads\/sites\/25\/2024\/08\/Buchanan-James.jpg\"><img aria-describedby=\"caption-attachment-1468\" loading=\"lazy\" class=\"wp-image-1468\" src=\"https:\/\/static-blogs.laverdad.es\/wp-content\/uploads\/sites\/25\/2024\/08\/Buchanan-James-300x141.jpg\" alt=\"\" width=\"464\" height=\"218\" srcset=\"https:\/\/static-blogs.laverdad.es\/wp-content\/uploads\/sites\/25\/2024\/08\/Buchanan-James-300x141.jpg 300w, https:\/\/static-blogs.laverdad.es\/wp-content\/uploads\/sites\/25\/2024\/08\/Buchanan-James-768x361.jpg 768w, https:\/\/static-blogs.laverdad.es\/wp-content\/uploads\/sites\/25\/2024\/08\/Buchanan-James.jpg 850w\" sizes=\"(max-width: 464px) 100vw, 464px\" \/><\/a><p id=\"caption-attachment-1468\" class=\"wp-caption-text\">https:\/\/www.azquotes.com\/quote\/1563615<\/p><\/div>\n<\/div>\n<p>La <a href=\"https:\/\/es.wikipedia.org\/wiki\/Teor%C3%ADa_de_la_elecci%C3%B3n_p%C3%BAblica\"><strong>Teor\u00eda de la Elecci\u00f3n P\u00fablica<\/strong><\/a>\u00a0(<em>Public Choice<\/em>) surge para reclamar el derecho de los ciudadanos, ya que tenemos que asumir los costes,\u00a0 a controlar a las instituciones p\u00fablicas mediante los mecanismos adecuados, pretendiendo desarrollar un marco institucional que <strong>modere el poder pol\u00edtico<\/strong> frente a la sociedad civil, postulando que el Estado, por el inter\u00e9s general, debe ser limitado o reducido.<\/p>\n<p>La democracia representativa no deber\u00eda servir para que los votantes otorguemos a los dirigente pol\u00edticos un cheque en blanco que les permita tomar\u00a0 las decisiones que m\u00e1s les convengan en cada momento, por inter\u00e9s personal o partidista, sobre todo cuando <strong>no se dan explicaciones<\/strong> en ruedas de prensa sin preguntas o no se responden las cuestiones que plantea la oposici\u00f3n en el Congreso, defraudando a millones de ciudadanos que tenemos derecho a saber.<\/p>\n<p>El proceso de <a href=\"https:\/\/transparencia.gob.es\/transparencia\/transparencia_Home\/index\/PublicidadActiva\/Presupuestaria\/RendicionCuentas.html\"><strong><em>rendici\u00f3n de cuentas<\/em><\/strong> <\/a>se entiende como una\u00a0obligaci\u00f3n de las instituciones de informar, dialogar y dar respuesta clara, concreta y eficaz\u00a0a las peticiones de los actores interesados sobre la eficiencia en la gesti\u00f3n de los recursos asignados y los resultados de sus planes de acci\u00f3n. La <strong>transparencia<\/strong> es un pilar fundamental de los gobiernos democr\u00e1ticos, que deben estar siempre abiertos al escrutinio p\u00fablico.<\/p>\n<p>Esta es la teor\u00eda. En la pr\u00e1ctica, para cualquier votante resulta muy laborioso recolectar la informaci\u00f3n necesaria para emitir un voto basado en informaci\u00f3n objetiva, lo que induce a que el elector medio se despreocupe de la pol\u00edtica, se conforme con creer con lo que le cuentan sus medios de cabecera, se deje llevar por su ideolog\u00eda,\u00a0 analice solo el corto plazo de las medidas econ\u00f3micas <em>(<strong>\u201cmiop\u00eda del votante<\/strong><\/em><strong>\u201d<\/strong>) \u00a0o que finalmente se abstenga de votar.<\/p>\n<p>Visionar una breve clase magistral, no exenta de cierta vehemencia,\u00a0 de un experto en la materia, como el Catedr\u00e1tico <strong>Jes\u00fas Huerta de Soto,<\/strong>\u00a0es la forma m\u00e1s c\u00f3moda y did\u00e1ctica que he encontrado de divulgar los fundamentos de la Teor\u00eda de la Elecci\u00f3n P\u00fablica.<\/p>\n<p><iframe loading=\"lazy\" width=\"500\" height=\"281\" src=\"https:\/\/www.youtube.com\/embed\/FHS5Os2YLPE?feature=oembed\" frameborder=\"0\" allow=\"accelerometer; autoplay; clipboard-write; encrypted-media; gyroscope; picture-in-picture; web-share\" referrerpolicy=\"strict-origin-when-cross-origin\" allowfullscreen title=\"La Escuela de la Elecci\u00f3n P\u00fablica (Public Choice School)\"><\/iframe><\/p>\n<p>Art\u00edculos relacionados:<\/p>\n<div class=\"oKdM2c ZZyype\">\n<div id=\"h.237b6216ca9163d7_0\" class=\"hJDwNd-AhqUyc-uQSCkd Ft7HRd-AhqUyc-uQSCkd jXK9ad D2fZ2 zu5uec\">\n<div class=\"jXK9ad-SmKAyb\">\n<div class=\"tyJCtd mGzaTb Depvyb baZpAe\">\n<div class=\"CjVfdc\"><a class=\"XqQF9c\" href=\"https:\/\/blogs.laverdad.es\/faro\/2024\/08\/22\/movimiento-politico-extremista\/\" target=\"_blank\" rel=\"noopener\"><span class=\"C9DxTc aw5Odc \">Movimiento pol\u00edtico extremista<\/span><\/a><span class=\"C9DxTc \">:<\/span><span class=\"C9DxTc \">\u00a0Tratamiento medi\u00e1tico desigual de los conceptos &#8220;ultraderecha&#8221; y &#8220;ultraizquierda&#8221;\u00a0<\/span><\/div>\n<\/div>\n<\/div>\n<\/div>\n<\/div>\n<div class=\"oKdM2c ZZyype\">\n<div id=\"h.49524d9a132fb7cf_0\" class=\"hJDwNd-AhqUyc-uQSCkd Ft7HRd-AhqUyc-uQSCkd jXK9ad D2fZ2 zu5uec\">\n<div class=\"jXK9ad-SmKAyb\">\n<div class=\"tyJCtd mGzaTb Depvyb baZpAe\">\n<div id=\"h.7qvc8a502vcb\" class=\"CobnVe yMxPgf aP9Z7e\"><\/div>\n<div class=\"CjVfdc\"><span class=\"C9DxTc \">\u00bf<\/span><a class=\"XqQF9c\" href=\"https:\/\/blogs.laverdad.es\/faro\/2024\/06\/20\/y-tu-me-lo-preguntas-el-estado-soy-yo\/\" target=\"_blank\" rel=\"noopener\"><span class=\"C9DxTc aw5Odc \">Y t\u00fa me lo preguntas? El Estado soy yo<\/span><\/a><span class=\"C9DxTc \">\u00a0:\u00a0<\/span><span class=\"C9DxTc \">Monarqu\u00edas absolutas, tiran\u00edas, dictadores de nuevo cu\u00f1o,&#8230; \u00bfpuede involucionar una democracia a una dictadura?\u00a0\u00a0<\/span><\/div>\n<\/div>\n<\/div>\n<\/div>\n<\/div>\n<div class=\"oKdM2c ZZyype\">\n<div id=\"h.4d607a8a6d94ca47_0\" class=\"hJDwNd-AhqUyc-uQSCkd Ft7HRd-AhqUyc-uQSCkd jXK9ad D2fZ2 zu5uec\">\n<div class=\"jXK9ad-SmKAyb\">\n<div class=\"tyJCtd mGzaTb Depvyb baZpAe\">\n<div id=\"h.go5x0vf3vm3w\" class=\"GV3q8e yMxPgf aP9Z7e\"><\/div>\n<div class=\"CjVfdc\"><a class=\"XqQF9c\" href=\"https:\/\/blogs.laverdad.es\/faro\/2024\/06\/09\/historia-insolidaria\/\" target=\"_blank\" rel=\"noopener\"><span class=\"puwcIf C9DxTc aw5Odc \">Historia insolidaria<\/span><\/a><span class=\"puwcIf C9DxTc \">\u00a0<\/span><span class=\"C9DxTc \">\u201c<\/span><span class=\"C9DxTc \">\u00bfQui\u00e9n duda que Catalu\u00f1a se ha hecho rica por Espa\u00f1a y con Espa\u00f1a? \u00bfQui\u00e9n duda que para hacerse rica, ha habido necesidad de concederla (sic) en las leyes ciertos privilegios, que le han dado ventajas sobre sus hermanas, las dem\u00e1s provincias de Espa\u00f1a?&#8221; (Sagasta, en su discurso ante las Cortes en 1901)\u00a0<\/span><\/div>\n<div><\/div>\n<div class=\"CjVfdc\"><a class=\"XqQF9c\" href=\"https:\/\/blogs.laverdad.es\/faro\/2024\/05\/26\/la-busqueda-de-la-verdad\/\" target=\"_blank\" rel=\"noopener\"><span class=\"jgG6ef C9DxTc \">La b\u00fasqueda de la verdad<\/span><\/a><span class=\"jgG6ef C9DxTc \">\u00a0<\/span><span class=\"puwcIf C9DxTc \">.\u00a0<\/span><span class=\"jgG6ef C9DxTc \">La Filosof\u00eda y las Matem\u00e1ticas pueden contribuir a mejorar la democracia y luchar contra el sectarismo\u00a0<\/span><\/div>\n<\/div>\n<\/div>\n<\/div>\n<\/div>\n<p><a href=\"https:\/\/sites.google.com\/view\/juanjo-rios-pinera\"><strong>Juan Jos\u00e9 R\u00edos<\/strong><\/a><\/p>\n","protected":false},"excerpt":{"rendered":"<p>El cuadro de honor de los gobernantes m\u00e1s derrochadores de la historia lo encabeza el emperador chino\u00a0Shi Huangdi\u00a0 (221\u2013 210 A. C.), el tirano que comenz\u00f3 la construcci\u00f3n de la Gran Muralla y al que se debe el enorme mausoleo que contiene los famosos guerreros de terracota. Para la historiadora venezolana Alejandra Mart\u00ednez, Cal\u00edgula\u00a0(37-41 D.C.) [&hellip;]<\/p>\n","protected":false},"author":26,"featured_media":0,"comment_status":"open","ping_status":"closed","sticky":false,"template":"","format":"standard","meta":[],"categories":[911],"tags":[915,914,917,916,913,912,918],"_links":{"self":[{"href":"https:\/\/blogs.laverdad.es\/faro\/wp-json\/wp\/v2\/posts\/1467"}],"collection":[{"href":"https:\/\/blogs.laverdad.es\/faro\/wp-json\/wp\/v2\/posts"}],"about":[{"href":"https:\/\/blogs.laverdad.es\/faro\/wp-json\/wp\/v2\/types\/post"}],"author":[{"embeddable":true,"href":"https:\/\/blogs.laverdad.es\/faro\/wp-json\/wp\/v2\/users\/26"}],"replies":[{"embeddable":true,"href":"https:\/\/blogs.laverdad.es\/faro\/wp-json\/wp\/v2\/comments?post=1467"}],"version-history":[{"count":15,"href":"https:\/\/blogs.laverdad.es\/faro\/wp-json\/wp\/v2\/posts\/1467\/revisions"}],"predecessor-version":[{"id":1483,"href":"https:\/\/blogs.laverdad.es\/faro\/wp-json\/wp\/v2\/posts\/1467\/revisions\/1483"}],"wp:attachment":[{"href":"https:\/\/blogs.laverdad.es\/faro\/wp-json\/wp\/v2\/media?parent=1467"}],"wp:term":[{"taxonomy":"category","embeddable":true,"href":"https:\/\/blogs.laverdad.es\/faro\/wp-json\/wp\/v2\/categories?post=1467"},{"taxonomy":"post_tag","embeddable":true,"href":"https:\/\/blogs.laverdad.es\/faro\/wp-json\/wp\/v2\/tags?post=1467"}],"curies":[{"name":"wp","href":"https:\/\/api.w.org\/{rel}","templated":true}]}}