{"id":1485,"date":"2024-09-11T17:53:00","date_gmt":"2024-09-11T15:53:00","guid":{"rendered":"https:\/\/blogs.laverdad.es\/faro\/?p=1485"},"modified":"2024-09-11T17:57:08","modified_gmt":"2024-09-11T15:57:08","slug":"ya-lo-dijo-andres-pedreno","status":"publish","type":"post","link":"https:\/\/blogs.laverdad.es\/faro\/2024\/09\/11\/ya-lo-dijo-andres-pedreno\/","title":{"rendered":"Ya lo dijo Andr\u00e9s Pedre\u00f1o&#8230;"},"content":{"rendered":"<p>Hace 4 a\u00f1os, en este mismo espacio me hac\u00eda eco de\u00a0 la publicaci\u00f3n de Andr\u00e9s Pedre\u00f1o, el reconocido\u00a0<a href=\"https:\/\/blogs.laverdad.es\/faro\/2015\/12\/03\/un-visionario-murciano\/\"><strong>visionario murciano<\/strong><\/a>,\u00a0 del libro\u00a0\u00a0<a href=\"https:\/\/andrespedreno.com\/\"><strong>\u201cPrevenir el declive en la era de la Inteligencia Artificial<\/strong><\/a>\u201c (Europa frente a EEUU y China), del que es coautor junto a Luis Moreno, obra que pretend\u00eda remover las conciencias, activar los resortes que deb\u00edan motivar <a href=\"https:\/\/blogs.laverdad.es\/faro\/2020\/11\/02\/la-inteligencia-artificial-el-nuevo-fuego\/\"><strong>actuaciones inmediatas de la UE.<\/strong><\/a><\/p>\n<p><em>&#8220;Europa necesita urgentemente un plan de <strong>inmersi\u00f3n disruptiva en econom\u00eda digital.<\/strong> Debe legislar para ser l\u00edderes no para sobreproteger nuestra privacidad. La Inteligencia Artificial, como el fuego, tiene sus riesgos, pero el futuro pasa por dominarla&#8221;.<\/em><\/p>\n<p>Esta misma semana, <strong>Mario Dragh<\/strong>i ha presentado su esperado informe sobre la p\u00e9rdida de competitividad de la Uni\u00f3n Europea con respecto a China y a Estados Unidos, en el que manifiesta la perentoria necesidad de abordar una nueva estrategia industrial basada en la innovaci\u00f3n, la descarbonizaci\u00f3n y la seguridad, dentro de un plan de enormes inversiones que algunos medios han calificado de nuevo <a href=\"https:\/\/es.wikipedia.org\/wiki\/Plan_Marshall\"><strong>Plan Marshall<\/strong><\/a>, con la diferencia de que ahora somos los europeos y no los americanos los que debemos financiarlo.<\/p>\n<p>El informe Draghi, que no es vinculante para los pa\u00edses miembros, contiene propuestas gen\u00e9ricas en 10 \u00e1mbitos\u00a0 fundamentales:\u00a0\u00a0energ\u00eda, materias primas cr\u00edticas, <strong>digitalizaci\u00f3n y tecnolog\u00edas avanzadas<\/strong>, industrias de alta intensidad energ\u00e9tica, tecnolog\u00edas limpias, automoci\u00f3n, defensa, espacio, sector farmac\u00e9utico y transporte.<\/p>\n<p>En referencia a la automoci\u00f3n y al transporte, un tema que sigo con especial inter\u00e9s \u00faltimamente, un experto como Enrique Dans, en un reciente art\u00edculo, <a href=\"https:\/\/www.enriquedans.com\/2024\/09\/los-problemas-de-la-automocion-tradicional.html\"><strong>&#8220;Los problemas de la automoci\u00f3n tradicional&#8221;<\/strong><\/a>, alerta de la inminencia de una crisis\u00a0 largamente anunciada en el sector, debida a la falta de innovaci\u00f3n: la industria automovil\u00edstica no est\u00e1 poniendo\u00a0 el foco adecuado en el hecho de que un veh\u00edculo ser\u00e1, de forma inexorable,\u00a0<em>un ordenador con ruedas permanentemente conectado.\u00a0<\/em><\/p>\n<p>El ex primer ministro italiano critica\u00a0<strong>la enorme y lenta burocracia<\/strong> de la UE que tanto dificulta la agilidad en la toma de decisiones, aportando algunos datos sobre el exceso regulatorio:\u00a0 demoras de casi 2 a\u00f1os en aprobar nuevas leyes o 13.000 actos legislativos s\u00f3lo en 2019, versus los 3.000 aprobados por EEUU en ese mismo a\u00f1o.<\/p>\n<p>Draghi resalta que Europa se est\u00e1 quedando atr\u00e1s en aspectos tecnol\u00f3gicos como la citada inteligencia artificial o en los campos tan relacionados con la misma como la ciberseguridad, la protecci\u00f3n de la privacidad y de la propiedad intelectual o los servicios de computaci\u00f3n en la nube,\u00a0como hace 4 a\u00f1os ya lo hizo Pedre\u00f1o, y ha vuelto a incidir sobre ellos en su \u00faltimo libro <a href=\"https:\/\/andrespedreno.com\/\"><strong>Espa<\/strong><span id=\"productTitle\" class=\"a-size-large celwidget\" data-csa-c-id=\"s5qi4v-5ppvbm-ipjlp8-huv4tt\" data-cel-widget=\"productTitle\"><strong>\u00f1a en la nube.: \u00bfUna Startup Nation o el pa\u00eds del desempleo juvenil? Afrontando los retos en la era de la inteligencia artificia<\/strong>l.\u00a0<\/span><\/a><span id=\"productSubtitle\" class=\"a-size-medium a-color-secondary celwidget\" data-csa-c-id=\"6daa0b-zhltim-bxag6y-ft4lwd\" data-cel-widget=\"productSubtitle\"><\/span><\/p>\n<p>Suelo someter al sabio pero ben\u00e9volo\u00a0 juicio de Andr\u00e9s algunos art\u00edculos\u00a0 que, por lo general,\u00a0 merecen su inmediata y generosa valoraci\u00f3n, tom\u00e1ndose incluso la molestia de realizar comentarios cr\u00edticos o sugerencias, todo un lujo para m\u00ed,\u00a0 que agradezco de forma especial, como ha ocurrido con motivo de mi \u00faltimo post:\u00a0<a class=\"XqQF9c\" href=\"https:\/\/blogs.laverdad.es\/faro\/2024\/09\/01\/transparencia-y-rendicion-de-cuentas\/\" target=\"_blank\" rel=\"noopener\"><span class=\"C9DxTc aw5Odc \">Transparencia y rendici\u00f3n de cuentas,\u00a0<\/span><\/a><span class=\"C9DxTc \">\u00a0en el que apelaba a que las\u00a0<\/span><span class=\"C9DxTc \">decisiones pol\u00edticas deben estar regidas por el inter\u00e9s general, mirando el largo plazo, contemplando sus efectos en todos los sectores, con el m\u00e1ximo rigor en la gesti\u00f3n de los fondos asignados y rindiendo cuentas ante los ciudadanos con la m\u00e1xima transparencia.<\/span><\/p>\n<p>En efecto, con su elegancia habitual, en esta ocasi\u00f3n me se\u00f1al\u00f3 una carencia que hab\u00eda detectado y que paso a transcribir de forma casi literal (espero que no le importe) por su inter\u00e9s, su impecable redacci\u00f3n y contundencia argumental:<\/p>\n<p>&#8220;L<em>a Inteligencia Artificial (IA) es un\u00a0<strong>recurso diferencial<\/strong> de nuestros d\u00edas.\u00a0<\/em><em>En un mundo donde los datos son cada vez m\u00e1s abundantes y la complejidad de los problemas econ\u00f3micos y sociales sigue aumentando, la IA se presenta no solo como un recurso indispensable, sino como una <strong>soluci\u00f3n potencial<\/strong> para muchos de los retos que mencionas.\u00a0<\/em><\/p>\n<p><em>Como sabes, la IA tiene la capacidad de analizar grandes vol\u00famenes de datos, identificar patrones ocultos y proporcionar modelos predictivos que pueden <strong>ayudar a los responsables pol\u00edticos a tomar decisiones informadas y a largo plazo<\/strong>, evitando as\u00ed los errores del pasado. <strong>Desde optimizar el gasto p\u00fablico hasta mejorar la transparencia y rendici\u00f3n de cuentas,<\/strong> la IA puede ofrecer respuestas basadas en datos precisos y actualizados, minimizando la influencia de intereses partidistas o cortoplacistas que se\u00f1alas en tu articulo.<\/em><\/p>\n<p><em>La IA se basa en algoritmos avanzados y modelos matem\u00e1ticos que permiten <strong>simular escenarios futuros cada vez con mayor precisi\u00f3n<\/strong>. Esta capacidad predictiva podr\u00eda ser clave para dise\u00f1ar pol\u00edticas econ\u00f3micas que no solo respondan a las necesidades actuales, sino que tambi\u00e9n anticipen y mitiguen posibles crisis futuras. <\/em><\/p>\n<p><em>Adem\u00e1s, la IA puede ser una herramienta crucial para <strong>mejorar la transparencia.<\/strong> Por ejemplo, mediante el an\u00e1lisis de datos p\u00fablicos y la automatizaci\u00f3n de procesos de auditor\u00eda, podemos crear sistemas que monitoricen en tiempo real el uso de los recursos p\u00fablicos, facilitando una <strong>rendici\u00f3n de cuentas m\u00e1s efectiva y reduciendo el margen para la corrupci\u00f3n o el despilfarro&#8221;<\/strong><\/em><\/p>\n<p>Da la casualidad de que ma\u00f1ana, d\u00eda 12,\u00a0tenemos la ocasi\u00f3n de contar con la presencia de Andr\u00e9s Pedre\u00f1o en Murcia, participando en la interesante jornada: L<strong>a IA en el sector Agroalimentario, <\/strong>organizada por el Colegio de Ingenieros Industriales de la Regi\u00f3n de Murcia y\u00a0 la <a href=\"https:\/\/eventos.f-integra.org\/proximos-eventos\/la-ia-en-el-sector-agroalimentario-235\"><strong>Fundaci\u00f3n Integra<\/strong><\/a>, una entidad que ha superado los 25 a\u00f1os de existencia tras su creaci\u00f3n en marzo de 1998 por parte del Gobierno Regional y m\u00e1s concretamente debido al apoyo y al impulso pol\u00edtico de <strong>Juan Bernal<\/strong>, Consejero de Econom\u00eda y Hacienda en ese momento.<\/p>\n<p>&nbsp;<\/p>\n<p><a href=\"https:\/\/static-blogs.laverdad.es\/wp-content\/uploads\/sites\/25\/2024\/09\/jornada_IA_sector_agroalimentario.png\"><img loading=\"lazy\" class=\"wp-image-1488 aligncenter\" src=\"https:\/\/static-blogs.laverdad.es\/wp-content\/uploads\/sites\/25\/2024\/09\/jornada_IA_sector_agroalimentario-300x190.png\" alt=\"\" width=\"390\" height=\"247\" srcset=\"https:\/\/static-blogs.laverdad.es\/wp-content\/uploads\/sites\/25\/2024\/09\/jornada_IA_sector_agroalimentario-300x190.png 300w, https:\/\/static-blogs.laverdad.es\/wp-content\/uploads\/sites\/25\/2024\/09\/jornada_IA_sector_agroalimentario.png 600w\" sizes=\"(max-width: 390px) 100vw, 390px\" \/><\/a><\/p>\n<p>&nbsp;<\/p>\n<p>Otros art\u00edculos relacionados:<\/p>\n<blockquote class=\"wp-embedded-content\" data-secret=\"cDtgQMuRNM\"><p><a href=\"https:\/\/blogs.laverdad.es\/faro\/2020\/12\/05\/la-inteligencia-artificial-un-futuro-presente\/\">La Inteligencia Artificial, un futuro presente<\/a><\/p><\/blockquote>\n<p><iframe class=\"wp-embedded-content\" sandbox=\"allow-scripts\" security=\"restricted\" style=\"position: absolute; clip: rect(1px, 1px, 1px, 1px);\" src=\"https:\/\/blogs.laverdad.es\/faro\/2020\/12\/05\/la-inteligencia-artificial-un-futuro-presente\/embed\/#?secret=cDtgQMuRNM\" data-secret=\"cDtgQMuRNM\" width=\"500\" height=\"282\" title=\"&#8220;La Inteligencia Artificial, un futuro presente&#8221; &#8212; La i de innovaci\u00f3n\" frameborder=\"0\" marginwidth=\"0\" marginheight=\"0\" scrolling=\"no\"><\/iframe><\/p>\n<blockquote class=\"wp-embedded-content\" data-secret=\"zmkY1ABRRq\"><p><a href=\"https:\/\/blogs.laverdad.es\/faro\/2020\/11\/02\/la-inteligencia-artificial-el-nuevo-fuego\/\">La Inteligencia Artificial, el nuevo fuego<\/a><\/p><\/blockquote>\n<p><iframe class=\"wp-embedded-content\" sandbox=\"allow-scripts\" security=\"restricted\" style=\"position: absolute; clip: rect(1px, 1px, 1px, 1px);\" src=\"https:\/\/blogs.laverdad.es\/faro\/2020\/11\/02\/la-inteligencia-artificial-el-nuevo-fuego\/embed\/#?secret=zmkY1ABRRq\" data-secret=\"zmkY1ABRRq\" width=\"500\" height=\"282\" title=\"&#8220;La Inteligencia Artificial, el nuevo fuego&#8221; &#8212; La i de innovaci\u00f3n\" frameborder=\"0\" marginwidth=\"0\" marginheight=\"0\" scrolling=\"no\"><\/iframe><\/p>\n<blockquote class=\"wp-embedded-content\" data-secret=\"QnRGsHGDrj\"><p><a href=\"https:\/\/blogs.laverdad.es\/faro\/2015\/12\/03\/un-visionario-murciano\/\">Un visionario murciano<\/a><\/p><\/blockquote>\n<p><iframe class=\"wp-embedded-content\" sandbox=\"allow-scripts\" security=\"restricted\" style=\"position: absolute; clip: rect(1px, 1px, 1px, 1px);\" src=\"https:\/\/blogs.laverdad.es\/faro\/2015\/12\/03\/un-visionario-murciano\/embed\/#?secret=QnRGsHGDrj\" data-secret=\"QnRGsHGDrj\" width=\"500\" height=\"282\" title=\"&#8220;Un visionario murciano&#8221; &#8212; La i de innovaci\u00f3n\" frameborder=\"0\" marginwidth=\"0\" marginheight=\"0\" scrolling=\"no\"><\/iframe><\/p>\n<blockquote class=\"wp-embedded-content\" data-secret=\"IWf4y2wFBg\"><p><a href=\"https:\/\/blogs.laverdad.es\/faro\/2018\/01\/31\/liderazgo-y-megatendencias-para-2018\/\">Liderazgo y megatendencias para 2018<\/a><\/p><\/blockquote>\n<p><iframe class=\"wp-embedded-content\" sandbox=\"allow-scripts\" security=\"restricted\" style=\"position: absolute; clip: rect(1px, 1px, 1px, 1px);\" src=\"https:\/\/blogs.laverdad.es\/faro\/2018\/01\/31\/liderazgo-y-megatendencias-para-2018\/embed\/#?secret=IWf4y2wFBg\" data-secret=\"IWf4y2wFBg\" width=\"500\" height=\"282\" title=\"&#8220;Liderazgo y megatendencias para 2018&#8221; &#8212; La i de innovaci\u00f3n\" frameborder=\"0\" marginwidth=\"0\" marginheight=\"0\" scrolling=\"no\"><\/iframe><\/p>\n<blockquote class=\"wp-embedded-content\" data-secret=\"zxOmXrzt5T\"><p><a href=\"https:\/\/blogs.laverdad.es\/faro\/2017\/11\/29\/8-sabios-consejos-para-sobrevivir-en-la-era-digital\/\">8 sabios consejos para sobrevivir en la era digital<\/a><\/p><\/blockquote>\n<p><iframe class=\"wp-embedded-content\" sandbox=\"allow-scripts\" security=\"restricted\" style=\"position: absolute; clip: rect(1px, 1px, 1px, 1px);\" src=\"https:\/\/blogs.laverdad.es\/faro\/2017\/11\/29\/8-sabios-consejos-para-sobrevivir-en-la-era-digital\/embed\/#?secret=zxOmXrzt5T\" data-secret=\"zxOmXrzt5T\" width=\"500\" height=\"282\" title=\"&#8220;8 sabios consejos para sobrevivir en la era digital&#8221; &#8212; La i de innovaci\u00f3n\" frameborder=\"0\" marginwidth=\"0\" marginheight=\"0\" scrolling=\"no\"><\/iframe><\/p>\n<p>&nbsp;<\/p>\n<p><a href=\"https:\/\/sites.google.com\/view\/juanjo-rios-pinera\/p%C3%A1gina-principal?authuser=0\"><strong>Juan Jos\u00e9 R\u00edos <\/strong><\/a><\/p>\n<p><strong>\u00a0(Todos los art\u00edculos publicados y m\u00e1s cosas)<\/strong><\/p>\n<p>&nbsp;<\/p>\n<p>&nbsp;<\/p>\n<div data-section=\"articleBody\">\n<p>&nbsp;<\/p>\n<\/div>\n","protected":false},"excerpt":{"rendered":"<p>Hace 4 a\u00f1os, en este mismo espacio me hac\u00eda eco de\u00a0 la publicaci\u00f3n de Andr\u00e9s Pedre\u00f1o, el reconocido\u00a0visionario murciano,\u00a0 del libro\u00a0\u00a0\u201cPrevenir el declive en la era de la Inteligencia Artificial\u201c (Europa frente a EEUU y China), del que es coautor junto a Luis Moreno, obra que pretend\u00eda remover las conciencias, activar los resortes que deb\u00edan [&hellip;]<\/p>\n","protected":false},"author":26,"featured_media":0,"comment_status":"open","ping_status":"closed","sticky":false,"template":"","format":"standard","meta":[],"categories":[840],"tags":[55,920,921,919,288,314],"_links":{"self":[{"href":"https:\/\/blogs.laverdad.es\/faro\/wp-json\/wp\/v2\/posts\/1485"}],"collection":[{"href":"https:\/\/blogs.laverdad.es\/faro\/wp-json\/wp\/v2\/posts"}],"about":[{"href":"https:\/\/blogs.laverdad.es\/faro\/wp-json\/wp\/v2\/types\/post"}],"author":[{"embeddable":true,"href":"https:\/\/blogs.laverdad.es\/faro\/wp-json\/wp\/v2\/users\/26"}],"replies":[{"embeddable":true,"href":"https:\/\/blogs.laverdad.es\/faro\/wp-json\/wp\/v2\/comments?post=1485"}],"version-history":[{"count":10,"href":"https:\/\/blogs.laverdad.es\/faro\/wp-json\/wp\/v2\/posts\/1485\/revisions"}],"predecessor-version":[{"id":1496,"href":"https:\/\/blogs.laverdad.es\/faro\/wp-json\/wp\/v2\/posts\/1485\/revisions\/1496"}],"wp:attachment":[{"href":"https:\/\/blogs.laverdad.es\/faro\/wp-json\/wp\/v2\/media?parent=1485"}],"wp:term":[{"taxonomy":"category","embeddable":true,"href":"https:\/\/blogs.laverdad.es\/faro\/wp-json\/wp\/v2\/categories?post=1485"},{"taxonomy":"post_tag","embeddable":true,"href":"https:\/\/blogs.laverdad.es\/faro\/wp-json\/wp\/v2\/tags?post=1485"}],"curies":[{"name":"wp","href":"https:\/\/api.w.org\/{rel}","templated":true}]}}