{"id":1498,"date":"2024-10-13T22:35:20","date_gmt":"2024-10-13T20:35:20","guid":{"rendered":"https:\/\/blogs.laverdad.es\/faro\/?p=1498"},"modified":"2024-10-13T22:46:01","modified_gmt":"2024-10-13T20:46:01","slug":"el-legado-de-juan-madrid","status":"publish","type":"post","link":"https:\/\/blogs.laverdad.es\/faro\/2024\/10\/13\/el-legado-de-juan-madrid\/","title":{"rendered":"El legado de Juan Madrid"},"content":{"rendered":"<p>El pasado s\u00e1bado, 5 de octubre fallec\u00eda mi querido amigo<a href=\"https:\/\/www.laverdad.es\/murcia\/juan-jose-rios-juan-madrid-memoriam-20241005190041-nt.html#vtm_modulosEngag=mod-rel:murcia:noticia:1:cmp:1-not\"> <strong>Juan Madrid Conesa<\/strong><\/a>, v\u00edctima de una crudel\u00edsima e inesperada enfermedad, dej\u00e1ndonos un enorme vac\u00edo, no solo a sus familiares y numerosos amigos sino a toda la sociedad murciana, hecho que recogieron de forma destacada todos los medios de <a href=\"https:\/\/www.laverdad.es\/murcia\/fallece-doctor-juan-madrid-pionero-divulgacion-medica-20241005135513-nt.html\"><strong>comunicaci\u00f3n<\/strong><\/a> <a href=\"https:\/\/www.laopiniondemurcia.es\/comunidad\/2024\/10\/05\/muere-doctor-juan-madrid-eminencia-108947257.html\"><strong>regionales<\/strong><\/a>, dada la notoriedad p\u00fablica de este m\u00e9dico endocrino que hizo de la divulgaci\u00f3n de los h\u00e1bitos saludables su gran proyecto de vida.<\/p>\n<p><iframe loading=\"lazy\" width=\"500\" height=\"281\" src=\"https:\/\/www.youtube.com\/embed\/QZ2dehHlVD4?feature=oembed\" frameborder=\"0\" allow=\"accelerometer; autoplay; clipboard-write; encrypted-media; gyroscope; picture-in-picture; web-share\" referrerpolicy=\"strict-origin-when-cross-origin\" allowfullscreen title=\"7\/10\/2024 Queremos recordar la figura de una persona muy querida en esta casa, el Dr. Juan Madrid\"><\/iframe><\/p>\n<p>De entre los innumerables testimonios de p\u00e9same conocidos, su colega, el exalcalde de Las Torres de Cotillas, <strong>Domingo Coronado<\/strong>, resum\u00eda de forma muy gr\u00e1fica el sentimiento de dolor que nos ha embargado a todos, mezcla de incredulidad, de falta de l\u00f3gica y hasta de cari\u00f1oso <em>reproche<\/em> por abandonarnos as\u00ed:\u00a0<em>&#8220;Demasiado pronto, demasiado r\u00e1pido, demasiado atropellado. T\u00fa, que predicabas la tranquilidad, el sosiego, el saber cuidarse, vas y nos dejas&#8221;.<\/em><\/p>\n<p><a href=\"https:\/\/scientiablog.com\/author\/josemln\/\"><strong>Jos\u00e9 Manuel L\u00f3pez Nicol\u00e1s<\/strong><\/a>, otro reconocido divulgador cient\u00edfico murciano que tambi\u00e9n se ha ocupado de los fundamentos de la buena alimentaci\u00f3n, adem\u00e1s de multitud de diversos temas de inter\u00e9s, expres\u00f3 sus condolencias p\u00fablicamente loando la figura humana y profesional de Juan Madrid.<\/p>\n<p>Su hija <strong>Elena<\/strong> nos emocion\u00f3 a todos en el funeral con un mensaje final lleno de sensibilidad y de cari\u00f1o, agradeciendo las incontables muestras de afecto recibidas por la familia Madrid en estos duros momento y traslad\u00e1ndonos frases tan ilustrativas de la personalidad de su padre como esta:\u00a0 &#8220;<em>Desde muy peque\u00f1os nos repet\u00eda a mi hermano y a mi\u00a0 que era dif\u00edcil\u00a0 ense\u00f1ar por medio de la teor\u00eda, pero breve y eficaz por medio del ejemplo. Y vaya ejemplo nos ha dado. Hasta el \u00faltimo segundo&#8221;<\/em><\/p>\n<p>En palabras del fundador de la diabetes moderna,\u00a0<a href=\"https:\/\/www.revistadiabetes.org\/miscelanea\/heroes-y-heroinas-de-la-historia-de-la-diabetes-elliot-proctor-joslin-primera-etapa-1869-1922\/\"><b>Elliot Joslin<\/b><\/a>\u00a0:&#8221;<i>Los genes cargan el arma. El estilo de vida dispara el gatillo.\u00a0<\/i><i>Cualquier tratamiento ser\u00e1 una p\u00e9rdida de tiempo y dinero hasta que no se le capacite al paciente para entender su propia enfermedad\u00bb.<\/i><\/p>\n<p>Al binomio formado por la gen\u00e9tica y los h\u00e1bitos saludables, a efectos de determinar la longevidad de una persona, Juan le a\u00f1ad\u00eda la importancia del factor <strong>suerte<\/strong>, la que le ha fallado fatal e incomprensiblemente en su caso. Lo que no le ha faltado a nuestro querido amigo, hasta el \u00faltimo momento, ha sido el af\u00e1n por que todos entendi\u00e9ramos los principios de la buena salud (como recomendaba Joslin hace m\u00e1s de 100 a\u00f1os)\u00a0 y como acreditan su curriculum, el <a href=\"https:\/\/lasaludentusmanos.ucam.edu\/\"><strong>portal de Internet<\/strong><\/a> que impuls\u00f3, su programa de TV, sus conferencias y <a href=\"https:\/\/www.todostuslibros.com\/autor\/juan-madrid-conesa\"><strong>sus libros.<\/strong><\/a><\/p>\n<p>Lo que m\u00e1s he admirado de \u00e9l,\u00a0 desde el punto de vista profesional,\u00a0 no ha sido solo su brillantez como m\u00e9dico o sus conocimientos como especialista, sino la humildad t\u00edpica de los sabios que se esfuerzan para divulgar su ciencia, ponerla al alcance de todos, como una forma de servir a la sociedad.<\/p>\n<p>Difundir\u00a0 el saber cient\u00edfico no era una tarea aparte de su labor, sino parte esencial de ella. Como dec\u00eda <strong>Richard Feynman<\/strong>, premio Nobel de F\u00edsica en 1965, uno de sus referentes, &#8220;<em>si no puedes explicarlo de manera simple, no lo entiendes lo suficiente&#8221;.<\/em> Y Juan dedicaba mucho tiempo a hacernos comprender conceptos complejos por medio de ejemplos did\u00e1cticos entendibles por cualquier persona.<\/p>\n<p>Una de las cruzadas a la que le dedic\u00f3 especial ah\u00ednco ha sido la lucha contra la <a href=\"https:\/\/www.laverdad.es\/murcia\/tercio-ninos-region-murcia-presentan-exceso-peso-20231124013655-nt.html\"><strong>obesidad infantil<\/strong><\/a>, enfermedad con una imparable tasa de crecimiento en los pa\u00edses desarrollados, y de forma singular en nuestra regi\u00f3n, en la que m\u00e1s de la tercera parte de nuestros ni\u00f1os tiene sobrepeso. Aqu\u00ed recojo sus recomendaciones:<\/p>\n<p><iframe loading=\"lazy\" width=\"500\" height=\"281\" src=\"https:\/\/www.youtube.com\/embed\/vsJS2E19hWc?feature=oembed\" frameborder=\"0\" allow=\"accelerometer; autoplay; clipboard-write; encrypted-media; gyroscope; picture-in-picture; web-share\" referrerpolicy=\"strict-origin-when-cross-origin\" allowfullscreen title=\"Charlando con el doctor Juan Madrid Conesa por el #D\u00edaMundialdelaObesidad (04\/03\/2022).\"><\/iframe><\/p>\n<p>Para finalizar, hoy, m\u00e1s que nunca, como fiel escudero que he sido suyo durante muchos a\u00f1os, recuerdo a Juan como el gran hombre que ha sido: un amigo cercano,\u00a0un maestro\u00a0 y un luchador\u00a0 incansable en la defensa de la salud. Su vida no ha sido tan larga como hubi\u00e9ramos deseado, pero su legado vivir\u00e1 en cada persona que lo hemos tratado, en cada seguidor de sus ense\u00f1anzas, en cada lector que descubri\u00f3 en sus libros el valor de los h\u00e1bitos saludables.<\/p>\n<p>&nbsp;<\/p>\n<p>&nbsp;<\/p>\n<p><strong>Art\u00edculos\u00a0contando con el asesoramiento de Juan Madrid o en los que aparece citado:<\/strong><\/p>\n<blockquote class=\"wp-embedded-content\" data-secret=\"aqngjg9YMI\"><p><a href=\"https:\/\/blogs.laverdad.es\/faro\/2021\/08\/23\/el-conocimiento-es-salud\/\">El conocimiento es salud<\/a><\/p><\/blockquote>\n<p><iframe class=\"wp-embedded-content\" sandbox=\"allow-scripts\" security=\"restricted\" style=\"position: absolute; clip: rect(1px, 1px, 1px, 1px);\" src=\"https:\/\/blogs.laverdad.es\/faro\/2021\/08\/23\/el-conocimiento-es-salud\/embed\/#?secret=aqngjg9YMI\" data-secret=\"aqngjg9YMI\" width=\"500\" height=\"282\" title=\"&#8220;El conocimiento es salud&#8221; &#8212; La i de innovaci\u00f3n\" frameborder=\"0\" marginwidth=\"0\" marginheight=\"0\" scrolling=\"no\"><\/iframe><\/p>\n<blockquote class=\"wp-embedded-content\" data-secret=\"x6iRfafJj1\"><p><a href=\"https:\/\/blogs.laverdad.es\/faro\/2013\/11\/04\/alimentacion-revolucionaria-la-de-siempre\/\">\u00bfAlimentaci\u00f3n revolucionaria?: la de siempre<\/a><\/p><\/blockquote>\n<p><iframe class=\"wp-embedded-content\" sandbox=\"allow-scripts\" security=\"restricted\" style=\"position: absolute; clip: rect(1px, 1px, 1px, 1px);\" src=\"https:\/\/blogs.laverdad.es\/faro\/2013\/11\/04\/alimentacion-revolucionaria-la-de-siempre\/embed\/#?secret=x6iRfafJj1\" data-secret=\"x6iRfafJj1\" width=\"500\" height=\"282\" title=\"&#8220;\u00bfAlimentaci\u00f3n revolucionaria?: la de siempre&#8221; &#8212; La i de innovaci\u00f3n\" frameborder=\"0\" marginwidth=\"0\" marginheight=\"0\" scrolling=\"no\"><\/iframe><\/p>\n<blockquote class=\"wp-embedded-content\" data-secret=\"XUafATZbBL\"><p><a href=\"https:\/\/blogs.laverdad.es\/faro\/2015\/07\/07\/242\/\">El negocio de la inmortalidad<\/a><\/p><\/blockquote>\n<p><iframe class=\"wp-embedded-content\" sandbox=\"allow-scripts\" security=\"restricted\" style=\"position: absolute; clip: rect(1px, 1px, 1px, 1px);\" src=\"https:\/\/blogs.laverdad.es\/faro\/2015\/07\/07\/242\/embed\/#?secret=XUafATZbBL\" data-secret=\"XUafATZbBL\" width=\"500\" height=\"282\" title=\"&#8220;El negocio de la inmortalidad&#8221; &#8212; La i de innovaci\u00f3n\" frameborder=\"0\" marginwidth=\"0\" marginheight=\"0\" scrolling=\"no\"><\/iframe><\/p>\n<h4 class=\"title single-title entry-title\"><a href=\"https:\/\/www.euroresidentes.com\/tecnologia\/in4u\/la-nueva-revolucion-biologica\/#google_vignette\">La nueva revoluci\u00f3n biol\u00f3gica<\/a><\/h4>\n<h4 class=\"title single-title entry-title\"><a href=\"https:\/\/www.euroresidentes.com\/tecnologia\/in4u\/smart-city-humana-y-saludable\/#google_vignette\">Smart city humana y saludable<\/a><\/h4>\n<p><a href=\"https:\/\/www.euroresidentes.com\/tecnologia\/in4u\/la-salud-es-lo-que-importa\/\"><strong>La salud es lo que importa<\/strong><\/a><\/p>\n<p>&nbsp;<\/p>\n<h2><a href=\"https:\/\/sites.google.com\/view\/juanjo-rios-pinera\"><strong>Web del autor<\/strong><\/a><\/h2>\n<p>&nbsp;<\/p>\n<p>&nbsp;<\/p>\n<p>&nbsp;<\/p>\n<p>&nbsp;<\/p>\n<p>&nbsp;<\/p>\n<p>&nbsp;<\/p>\n<p>&nbsp;<\/p>\n<p>&nbsp;<\/p>\n<p>&nbsp;<\/p>\n<p>&nbsp;<\/p>\n<p>&nbsp;<\/p>\n<p>&nbsp;<\/p>\n<p>&nbsp;<\/p>\n<p>&nbsp;<\/p>\n","protected":false},"excerpt":{"rendered":"<p>El pasado s\u00e1bado, 5 de octubre fallec\u00eda mi querido amigo Juan Madrid Conesa, v\u00edctima de una crudel\u00edsima e inesperada enfermedad, dej\u00e1ndonos un enorme vac\u00edo, no solo a sus familiares y numerosos amigos sino a toda la sociedad murciana, hecho que recogieron de forma destacada todos los medios de comunicaci\u00f3n regionales, dada la notoriedad p\u00fablica de [&hellip;]<\/p>\n","protected":false},"author":26,"featured_media":0,"comment_status":"open","ping_status":"closed","sticky":false,"template":"","format":"standard","meta":[],"categories":[923,922],"tags":[926,928,927,328,390,924,925],"_links":{"self":[{"href":"https:\/\/blogs.laverdad.es\/faro\/wp-json\/wp\/v2\/posts\/1498"}],"collection":[{"href":"https:\/\/blogs.laverdad.es\/faro\/wp-json\/wp\/v2\/posts"}],"about":[{"href":"https:\/\/blogs.laverdad.es\/faro\/wp-json\/wp\/v2\/types\/post"}],"author":[{"embeddable":true,"href":"https:\/\/blogs.laverdad.es\/faro\/wp-json\/wp\/v2\/users\/26"}],"replies":[{"embeddable":true,"href":"https:\/\/blogs.laverdad.es\/faro\/wp-json\/wp\/v2\/comments?post=1498"}],"version-history":[{"count":17,"href":"https:\/\/blogs.laverdad.es\/faro\/wp-json\/wp\/v2\/posts\/1498\/revisions"}],"predecessor-version":[{"id":1517,"href":"https:\/\/blogs.laverdad.es\/faro\/wp-json\/wp\/v2\/posts\/1498\/revisions\/1517"}],"wp:attachment":[{"href":"https:\/\/blogs.laverdad.es\/faro\/wp-json\/wp\/v2\/media?parent=1498"}],"wp:term":[{"taxonomy":"category","embeddable":true,"href":"https:\/\/blogs.laverdad.es\/faro\/wp-json\/wp\/v2\/categories?post=1498"},{"taxonomy":"post_tag","embeddable":true,"href":"https:\/\/blogs.laverdad.es\/faro\/wp-json\/wp\/v2\/tags?post=1498"}],"curies":[{"name":"wp","href":"https:\/\/api.w.org\/{rel}","templated":true}]}}