{"id":1564,"date":"2024-10-27T12:39:10","date_gmt":"2024-10-27T11:39:10","guid":{"rendered":"https:\/\/blogs.laverdad.es\/faro\/?p=1564"},"modified":"2024-10-27T12:39:10","modified_gmt":"2024-10-27T11:39:10","slug":"la-inteligencia-artificial-motor-de-innovacion","status":"publish","type":"post","link":"https:\/\/blogs.laverdad.es\/faro\/2024\/10\/27\/la-inteligencia-artificial-motor-de-innovacion\/","title":{"rendered":"La inteligencia Artificial motor de innovaci\u00f3n"},"content":{"rendered":"<p>La motivaci\u00f3n de este art\u00edculo surge de la oportunidad de haber compartido una interesante sesi\u00f3n de trabajo en Torre Juana, invitado por el magn\u00edfico anfitri\u00f3n que siempre lo es <a href=\"https:\/\/andrespedreno.com\/inicio\/\"><strong>Andr\u00e9s Pedre\u00f1o Mu\u00f1oz<\/strong><\/a>, una de las m\u00e1ximas autoridades en la materia (Presidente de\u00a0<a href=\"https:\/\/1millionbot.com\/\"><strong>1millionbot)<\/strong><\/a> en la que pudimos apreciar las posibilidades de aplicar la IA en despachos profesionales, liberando energ\u00eda creativa y motorizando la innovaci\u00f3n en las organizaciones.<\/p>\n<p><a href=\"https:\/\/www.linkedin.com\/pulse\/la-inteligencia-artificial-motor-de-innovaci%C3%B3n-juan-jos%C3%A9-r%C3%ADos-pi%C3%B1era-ggraf\/?trackingId=%2BYlihKcgTeKu1Y2w97JE%2Bw%3D%3D\"><strong>Adjunto el enlace al art\u00edculo en Linkedin<\/strong><\/a><\/p>\n<p>&nbsp;<\/p>\n<p><a href=\"https:\/\/sites.google.com\/view\/juanjo-rios-pinera\"><strong>Web del autor<\/strong><\/a><strong>\u00a0(Todos los art\u00edculos publicados y muchas m\u00e1s\u00a0 cosas)<\/strong><\/p>\n<p>&nbsp;<\/p>\n","protected":false},"excerpt":{"rendered":"<p>La motivaci\u00f3n de este art\u00edculo surge de la oportunidad de haber compartido una interesante sesi\u00f3n de trabajo en Torre Juana, invitado por el magn\u00edfico anfitri\u00f3n que siempre lo es Andr\u00e9s Pedre\u00f1o Mu\u00f1oz, una de las m\u00e1ximas autoridades en la materia (Presidente de\u00a01millionbot) en la que pudimos apreciar las posibilidades de aplicar la IA en despachos [&hellip;]<\/p>\n","protected":false},"author":26,"featured_media":0,"comment_status":"open","ping_status":"closed","sticky":false,"template":"","format":"standard","meta":[],"categories":[4,930],"tags":[932,55,134,151,935,931,934,383,933],"_links":{"self":[{"href":"https:\/\/blogs.laverdad.es\/faro\/wp-json\/wp\/v2\/posts\/1564"}],"collection":[{"href":"https:\/\/blogs.laverdad.es\/faro\/wp-json\/wp\/v2\/posts"}],"about":[{"href":"https:\/\/blogs.laverdad.es\/faro\/wp-json\/wp\/v2\/types\/post"}],"author":[{"embeddable":true,"href":"https:\/\/blogs.laverdad.es\/faro\/wp-json\/wp\/v2\/users\/26"}],"replies":[{"embeddable":true,"href":"https:\/\/blogs.laverdad.es\/faro\/wp-json\/wp\/v2\/comments?post=1564"}],"version-history":[{"count":5,"href":"https:\/\/blogs.laverdad.es\/faro\/wp-json\/wp\/v2\/posts\/1564\/revisions"}],"predecessor-version":[{"id":1569,"href":"https:\/\/blogs.laverdad.es\/faro\/wp-json\/wp\/v2\/posts\/1564\/revisions\/1569"}],"wp:attachment":[{"href":"https:\/\/blogs.laverdad.es\/faro\/wp-json\/wp\/v2\/media?parent=1564"}],"wp:term":[{"taxonomy":"category","embeddable":true,"href":"https:\/\/blogs.laverdad.es\/faro\/wp-json\/wp\/v2\/categories?post=1564"},{"taxonomy":"post_tag","embeddable":true,"href":"https:\/\/blogs.laverdad.es\/faro\/wp-json\/wp\/v2\/tags?post=1564"}],"curies":[{"name":"wp","href":"https:\/\/api.w.org\/{rel}","templated":true}]}}