{"id":176,"date":"2015-03-02T23:40:36","date_gmt":"2015-03-02T22:40:36","guid":{"rendered":"http:\/\/blogs.laverdad.es\/faro\/?p=176"},"modified":"2015-03-02T23:40:36","modified_gmt":"2015-03-02T22:40:36","slug":"ya-que-tu-pagas-tu-mandas","status":"publish","type":"post","link":"https:\/\/blogs.laverdad.es\/faro\/2015\/03\/02\/ya-que-tu-pagas-tu-mandas\/","title":{"rendered":"\u201cYa que t\u00fa pagas, t\u00fa mandas&#8221;"},"content":{"rendered":"<p>Con este eslogan tan gr\u00e1fico present\u00f3 el pasado 13\/12\/2014 la concejala de Econom\u00eda y Hacienda del Ayuntamiento de <strong>Murcia<\/strong>, <strong>Isabel Mart\u00ednez Conesa<\/strong>, un innovador servicio de <a href=\"https:\/\/www.murcia.es\/AMT\/\"><strong>gesti\u00f3n tributaria<\/strong><\/a> que puede calificarse de ejemplar dentro del nuevo paradigma de una Administraci\u00f3n Abierta, centrada en los ciudadanos.<\/p>\n<p>Que una instituci\u00f3n p\u00fablica asuma la tarea de <a href=\"http:\/\/www.europapress.es\/murcia\/noticia-ayuntamiento-murcia-pone-marcha-proyecto-ahorrar-desplazamientos-ciudadanos-tramites-municipales-20141212140954.html\"><strong>\u201cabsorber toda la burocracia posible\u201d<\/strong><\/a>, tanto internamente como en la relaci\u00f3n con otros agentes,\u00a0 p\u00fablicos o privados, como notar\u00edas, registros de la propiedad, delegaci\u00f3n de Tr\u00e1fico u otras instituciones, denota una voluntad de servicio a los ciudadanos fuera de lo com\u00fan.<\/p>\n<p>Y los ciudadanos, como no\u00a0 puede ser menos, reconocen las bondades de esta iniciativa pionera, con su utilizaci\u00f3n masiva, como reflejan los n\u00fameros facilitados por la <a href=\"https:\/\/www.murcia.es\/AMT\/wp-content\/uploads\/2014\/12\/2014-12-12-AMT-Conecta.pdf\"><strong>Agencia Municipal Tributaria<\/strong><\/a>: m\u00e1s de 5.500 expedientes gestionados con <strong>notarios; <\/strong>\u00a0casi 700 con <strong>registradores<\/strong> de la propiedad y cerca de 75.000 gestiones telem\u00e1ticas con <strong>Tr\u00e1fico<\/strong>.\u00a0 Sin olvidar el ejercicio de transparencia y fomento de la participaci\u00f3n ciudadana que supone el uso de <a href=\"https:\/\/www.facebook.com\/amtmurcia\"><strong>redes sociales<\/strong><\/a> en su relaci\u00f3n con los contribuyentes.<\/p>\n<p><a href=\"\/faro\/wp-content\/uploads\/sites\/25\/2015\/03\/encarna-lopez.jpg\"><img loading=\"lazy\" class=\"alignleft size-medium wp-image-177\" title=\"encarna lopez\" src=\"\/faro\/wp-content\/uploads\/sites\/25\/2015\/03\/encarna-lopez.jpg\" alt=\"\" width=\"278\" height=\"300\" srcset=\"https:\/\/static-blogs.laverdad.es\/wp-content\/uploads\/sites\/25\/2015\/03\/encarna-lopez.jpg 318w, https:\/\/static-blogs.laverdad.es\/wp-content\/uploads\/sites\/25\/2015\/03\/encarna-lopez-279x300.jpg 279w\" sizes=\"(max-width: 278px) 100vw, 278px\" \/><\/a>Sin desmerecer el indudable m\u00e9rito pol\u00edtico que tiene \u00a0apoyar y facilitar un proyecto como el que nos ocupa, no ser\u00eda justo obviar la figura \u00a0que, \u00a0desde el punto de vista t\u00e9cnico, \u00a0es la art\u00edfice de la iniciativa, \u00a0\u00a0<a href=\"http:\/\/www.laverdad.es\/murcia\/v\/20110730\/murcia\/concejalia-hacienda-ficha-experta-20110730.html\"><strong>Encarna L\u00f3pez<\/strong><\/a><strong>, <\/strong>\u00a0\u201cfichada\u201d por la concejala Mart\u00ednez Conesa hace\u00a0 casi 4 a\u00f1os.<\/p>\n<p>He tenido ocasi\u00f3n de compartir con Encarna inquietudes sobre la necesaria transformaci\u00f3n que deben experimentar las Administraciones P\u00fablicas para servir mejor a los ciudadanos, coincidiendo ambos en que uno de sus pilares fundamentales es la <strong>colaboraci\u00f3n leal entre instituciones p\u00fablicas<\/strong>, en todos los \u00e1mbitos posibles.<\/p>\n<p>Para dar a conocer un poco mejor la mentalidad de Encarna L\u00f3pez y la filosof\u00eda que inspira sus actuaciones, he seleccionado algunas \u00a0de las frases que reflejan su claridad de ideas y la determinaci\u00f3n con que las defiende.<\/p>\n<ul>\n<li>\u00a0<em>\u201c<\/em><em>Los ciudadanos critican y denuncian el elevado coste de las instituciones que \u201cellos\u201d financian. \u00a0Creo que debemos reaccionar de forma urgente, ante esa demanda o formaremos parte de una <strong>Administraci\u00f3n obsoleta<\/strong> y llamada a desaparecer<\/em>\u201d<\/li>\n<li><em>\u201cSimplemente consiste en que todas las instituciones <strong>nos pongamos de ACUERDO<\/strong>!!!\u201d<\/em><\/li>\n<li>\u201c\u00bf<em>Vamos a hacer el mismo trabajo (y el mismo gasto) todos y cada uno de los ayuntamientos de la Regi\u00f3n?. \u00bfVamos a seguir exigiendo a los ciudadanos que nos paguen m\u00e1s impuestos para que nosotros <strong>\u201cinventemos\u201d lo mismo en multitud de organismos p\u00fablicos<\/strong>?\u201d Yo estoy convencida \u00a0que no!!!<\/em><\/li>\n<li><em>\u201cEn definitiva: <strong>\u00bfPODEMOS COMPARTIR RECURSOS?\u201d<\/strong><\/em><\/li>\n<li><em>\u201cSinceramente creo que, como servidores p\u00fablicos, estamos obligados a ello. Eso nos \u201cmandan\u201d nuestros ciudadanos y para eso nos \u201cpagan\u201d\u2026. Y, si no somos capaces de hacerlo, nos mandar\u00e1n (con raz\u00f3n) a nuestra casa!!!\u201d<\/em><\/li>\n<\/ul>\n<p>Por evidente que parezca, las instituciones p\u00fablicas se deben a la sociedad civil, que es quien la financia. Lo que pasa es que ni la Administraci\u00f3n es consecuente con esta afirmaci\u00f3n ni los ciudadanos acabamos de cre\u00e9rnosla y de actuar en consecuencia.<\/p>\n<p>El eslogan <strong>\u201cYa que t\u00fa pagas, t\u00fa mandas\u201d,<\/strong> \u00a0aplicado en toda su extensi\u00f3n, encierra una carga de profundidad que puede sacudir las estructuras de unas Administraciones P\u00fablicas decimon\u00f3nicas, las cuales, m\u00e1s all\u00e1 de retoques cosm\u00e9ticos , precisan transformarse en \u00a0organizaciones que sirvan realmente a los ciudadanos por encima de ning\u00fan otro tipo de inter\u00e9s.<\/p>\n<p>Como me ha ocurrido otras veces, me he quedado sin espacio para compartir experiencias \u00a0y documentos que inciden con valent\u00eda en esta materia y cuestionan sin complejos todos los aspectos del actual modelo burocr\u00e1tico que rige, cual dogma inmutable,\u00a0 el funcionamiento de nuestras vetustas instituciones desde hace m\u00e1s de 100 a\u00f1os.<\/p>\n<p>Renuevo la promesa que hice en mi <a href=\"https:\/\/blogs.laverdad.es\/faro\/2015\/02\/20\/el-enorme-piano-de-las-administraciones-publicas\/\">post anterior<\/a>, pero de momento, cabe felicitar al Ayuntamiento de Murcia por \u00a0haber entendido la esencia de su transformaci\u00f3n en una instituci\u00f3n innovadora, centrada en el ciudadano. Que cunda el ejemplo.<\/p>\n<p>&nbsp;<\/p>\n","protected":false},"excerpt":{"rendered":"<p>Con este eslogan tan gr\u00e1fico present\u00f3 el pasado 13\/12\/2014 la concejala de Econom\u00eda y Hacienda del Ayuntamiento de Murcia, Isabel Mart\u00ednez Conesa, un innovador servicio de gesti\u00f3n tributaria que puede calificarse de ejemplar dentro del nuevo paradigma de una Administraci\u00f3n Abierta, centrada en los ciudadanos. Que una instituci\u00f3n p\u00fablica asuma la tarea de \u201cabsorber toda [&hellip;]<\/p>\n","protected":false},"author":26,"featured_media":0,"comment_status":"open","ping_status":"closed","sticky":false,"template":"","format":"standard","meta":[],"categories":[3,20,6,21,8],"tags":[28,36,51,201,301,318,520,554],"_links":{"self":[{"href":"https:\/\/blogs.laverdad.es\/faro\/wp-json\/wp\/v2\/posts\/176"}],"collection":[{"href":"https:\/\/blogs.laverdad.es\/faro\/wp-json\/wp\/v2\/posts"}],"about":[{"href":"https:\/\/blogs.laverdad.es\/faro\/wp-json\/wp\/v2\/types\/post"}],"author":[{"embeddable":true,"href":"https:\/\/blogs.laverdad.es\/faro\/wp-json\/wp\/v2\/users\/26"}],"replies":[{"embeddable":true,"href":"https:\/\/blogs.laverdad.es\/faro\/wp-json\/wp\/v2\/comments?post=176"}],"version-history":[{"count":0,"href":"https:\/\/blogs.laverdad.es\/faro\/wp-json\/wp\/v2\/posts\/176\/revisions"}],"wp:attachment":[{"href":"https:\/\/blogs.laverdad.es\/faro\/wp-json\/wp\/v2\/media?parent=176"}],"wp:term":[{"taxonomy":"category","embeddable":true,"href":"https:\/\/blogs.laverdad.es\/faro\/wp-json\/wp\/v2\/categories?post=176"},{"taxonomy":"post_tag","embeddable":true,"href":"https:\/\/blogs.laverdad.es\/faro\/wp-json\/wp\/v2\/tags?post=176"}],"curies":[{"name":"wp","href":"https:\/\/api.w.org\/{rel}","templated":true}]}}