{"id":18,"date":"2013-08-05T10:02:02","date_gmt":"2013-08-05T08:02:02","guid":{"rendered":"http:\/\/blogs.laverdad.es\/faro\/?p=18"},"modified":"2013-08-05T10:02:02","modified_gmt":"2013-08-05T08:02:02","slug":"francisco-el-papa-innovador","status":"publish","type":"post","link":"https:\/\/blogs.laverdad.es\/faro\/2013\/08\/05\/francisco-el-papa-innovador\/","title":{"rendered":"Francisco, el Papa innovador"},"content":{"rendered":"<p>Puede sorprender que se hable de\u00a0<strong>religi\u00f3n<\/strong>\u00a0en un blog sobre innovaci\u00f3n. Con todos mis respetos por cualquier creencia religiosa, <strong><a href=\"http:\/\/news.adventist.org\/es\/todas-las-noticias\/noticias\/go\/2013-10-12\/management-expert-hamel-exhorts-adventist-leaders-to-encourage-radicals-1\/\">\u201cIglesia innovadora\u201d<\/a><\/strong> parece un ox\u00edmoron, es decir, una expresi\u00f3n contradictoria, bien entendido que me refiero a ella como organizaci\u00f3n, sin entrar a valorar dogmas de fe ni cuestionar el mensaje cristiano.<\/p>\n<p>Es un hecho estad\u00edstico que la Iglesia<strong>\u00a0<\/strong><strong>ha perdido relevancia<\/strong>\u00a0social, sobre todo entre los\u00a0<strong>j\u00f3venes<\/strong>, que apenas acuden a los servicios religiosos los domingos. La desproporci\u00f3n entre las personas que se declaran cristianas y las que asisten con regularidad a misa dominical es abrumadora. En nuestro pa\u00eds, seg\u00fan <strong><a href=\"http:\/\/www.rtve.es\/alacarta\/videos\/telediario\/catolicismo-diferencia-confesion-mas-numerosa-espana\/1718843\/\">datos del CIS<\/a><\/strong>, un 7o% de la poblaci\u00f3n se considera cat\u00f3lico sin embargo, s\u00f3lo el 11% practica regularmente la religi\u00f3n.<\/p>\n<p><a href=\"\/faro\/wp-content\/uploads\/sites\/25\/2013\/08\/Papa-Francisco.jpg\"><img loading=\"lazy\" class=\"alignleft size-thumbnail wp-image-101\" title=\"Papa-Francisco\" src=\"\/faro\/wp-content\/uploads\/sites\/25\/2013\/08\/Papa-Francisco.jpg\" alt=\"\" width=\"150\" height=\"150\" \/><\/a><\/p>\n<p>La irrupci\u00f3n del nuevo Papa, Francisco, el <a href=\"https:\/\/www.youtube.com\/watch?v=Ox-dla1DhS8\">primer papa jesuita<\/a>, no est\u00e1 resultando indiferente para nadie, hasta el \u00a0punto de que ya, en pocos meses, se ha ganado la vitola de<strong>\u00a0<\/strong><strong>innovador<\/strong>. Aqu\u00ed se puede ver un breve resumen de la \u00a0<a href=\"http:\/\/www.elmundo.es\/elmundo\/2013\/03\/13\/internacional\/1363169538.html\">trayectoria de sus 10 antecesores:<\/a><\/p>\n<p>Los gestos de humildad\u00a0 Papa Francisco, contrario al boato de la curia romana,\u00a0 y las l\u00edneas maestras de su \u00a0mensaje que se resumen en el lema:\u00a0<em>\u201cuna Iglesia pobre para los pobres\u201d<\/em>\u00a0hacen presagiar vientos de cambio en la \u00a0Iglesia cat\u00f3lica. Finanzas vaticanas, aborto, eutanasia, \u00e9tica sexual, celibato de los sacerdotes, papel de las \u00a0mujeres, uniones homosexuales,\u2026son cuestiones sobre las que se deber\u00e1 pronunciar en su pontificado \u00a0que ha \u00a0calificado de lucha contra la\u00a0<strong>\u201cindiferencia global\u201d.<\/strong><\/p>\n<p>Aparte de ansias renovadoras,\u00a0<strong>sentido del humor<\/strong>\u00a0no le falta al <a href=\"https:\/\/www.youtube.com\/watch?v=ASre7vO7bh4\">nuevo Papa<\/a>. Preguntado por un periodista si estaba\u00a0<span style=\"text-decoration: underline;\">cansado<\/span>, en su reciente viaje a Brasil, <a href=\"https:\/\/ar.noticias.yahoo.com\/gesto-impactante-papa-soy-juzgar-gays-000000703.html\">Francisco I<\/a> respondi\u00f3: \u201cNo, no estoy\u00a0<em>casado<\/em>, soy soltero\u201d. Tambi\u00e9n ha trascendido su premonitoria declaraci\u00f3n de amor a una novia que tuvo a los 12 a\u00f1os:\u00a0<em>\u201co me caso contigo o me hago cura\u201d.<\/em><\/p>\n<p>Insisto, desde un enfoque puramente organizacional, la\u00a0<strong>actitud innovadora del Papa<\/strong>, como m\u00e1ximo responsable de una instituci\u00f3n esencialmente conservadora, \u00a0es en mi opini\u00f3n, encomiable y deber\u00eda servir de ejemplo a instituciones y a empresas.<\/p>\n<p>Desde mi punto de vista, y salvando todas las distancias, el fomento de la creatividad y de la cultura innovadora no difiere mucho \u00a0de la labor evangelizadora de la Iglesia. La innovaci\u00f3n necesita ser predicada, conocida, asimilada, \u2026 y practicada de forma sistem\u00e1tica. A las AAPP corresponde hacer esta doble labor que consiste en ser<strong>\u00a0<\/strong><strong>ejemplares como instituciones innovadoras y en fomentar la cultura de la innovaci\u00f3n en la sociedad<\/strong>.<\/p>\n<p>En una econom\u00eda globalizada, para una empresa, resultar\u00a0indiferente, irrelevante para sus potenciales clientes es un\u00a0<em><strong>pecado mortal.<\/strong><\/em><\/p>\n","protected":false},"excerpt":{"rendered":"<p>Puede sorprender que se hable de\u00a0religi\u00f3n\u00a0en un blog sobre innovaci\u00f3n. Con todos mis respetos por cualquier creencia religiosa, \u201cIglesia innovadora\u201d parece un ox\u00edmoron, es decir, una expresi\u00f3n contradictoria, bien entendido que me refiero a ella como organizaci\u00f3n, sin entrar a valorar dogmas de fe ni cuestionar el mensaje cristiano. Es un hecho estad\u00edstico que la [&hellip;]<\/p>\n","protected":false},"author":26,"featured_media":0,"comment_status":"open","ping_status":"closed","sticky":false,"template":"","format":"standard","meta":[],"categories":[6],"tags":[103,271,281,288,407,408],"_links":{"self":[{"href":"https:\/\/blogs.laverdad.es\/faro\/wp-json\/wp\/v2\/posts\/18"}],"collection":[{"href":"https:\/\/blogs.laverdad.es\/faro\/wp-json\/wp\/v2\/posts"}],"about":[{"href":"https:\/\/blogs.laverdad.es\/faro\/wp-json\/wp\/v2\/types\/post"}],"author":[{"embeddable":true,"href":"https:\/\/blogs.laverdad.es\/faro\/wp-json\/wp\/v2\/users\/26"}],"replies":[{"embeddable":true,"href":"https:\/\/blogs.laverdad.es\/faro\/wp-json\/wp\/v2\/comments?post=18"}],"version-history":[{"count":0,"href":"https:\/\/blogs.laverdad.es\/faro\/wp-json\/wp\/v2\/posts\/18\/revisions"}],"wp:attachment":[{"href":"https:\/\/blogs.laverdad.es\/faro\/wp-json\/wp\/v2\/media?parent=18"}],"wp:term":[{"taxonomy":"category","embeddable":true,"href":"https:\/\/blogs.laverdad.es\/faro\/wp-json\/wp\/v2\/categories?post=18"},{"taxonomy":"post_tag","embeddable":true,"href":"https:\/\/blogs.laverdad.es\/faro\/wp-json\/wp\/v2\/tags?post=18"}],"curies":[{"name":"wp","href":"https:\/\/api.w.org\/{rel}","templated":true}]}}