{"id":181,"date":"2015-03-10T23:48:50","date_gmt":"2015-03-10T22:48:50","guid":{"rendered":"http:\/\/blogs.laverdad.es\/faro\/?p=181"},"modified":"2015-03-10T23:48:50","modified_gmt":"2015-03-10T22:48:50","slug":"las-cuentas-claras","status":"publish","type":"post","link":"https:\/\/blogs.laverdad.es\/faro\/2015\/03\/10\/las-cuentas-claras\/","title":{"rendered":"Las cuentas claras"},"content":{"rendered":"<p><em>\u201cQue lo p\u00fablico funcione bien le interesa a los funcionarios y a los pol\u00edticos, pero sobre todo, al conjunto de los ciudadanos\u201d<\/em> (Carlos Mas, Presidente de PwC Espa\u00f1a)<\/p>\n<p><strong>\u201c<\/strong><a href=\"http:\/\/www.pwc.es\/es_ES\/es\/publicaciones\/sector-publico\/assets\/transformar-administracion-publica-esp.pdf\"><strong>En qu\u00e9 hay que transformar la Administraci\u00f3n P\u00fablica espa\u00f1ola<\/strong><\/a><strong>\u201d<\/strong> es un interesante documento de la consultora PwC,\u00a0 coordinado por <strong>Jordi Sevilla<\/strong>, de obligada lectura para todos los interesados en los cambios que debe afrontar el sector p\u00fablico, \u00a0necesarios, entre otras razones, porque <em>\u201cel escenario es diferente y en el siglo XXI no encajan modelos de otras \u00e9pocas\u201d<\/em> y porque <em>\u201csi seguimos como hasta ahora, las cuentas no salen\u201d<\/em><em>.<\/em><\/p>\n<p>Desde hace d\u00e9cadas se viene manejando \u00a0vocablos como reformar, renovar, reinventar, modernizar o transformar, \u00a0aplicados al cambio que deben experimentar las Administraciones P\u00fablicas. Personalmente, prefiero usar \u00a0<strong>transformaci\u00f3n<\/strong> para designar \u00a0este proceso disruptivo, centrado en los ciudadanos, \u00a0que deber\u00eda \u00a0marcar un antes y un despu\u00e9s en el devenir del modelo de servicios p\u00fablicos vigente.<\/p>\n<p><a href=\"\/faro\/wp-content\/uploads\/sites\/25\/2015\/03\/arenilla1.jpg\"><img loading=\"lazy\" class=\"alignleft size-medium wp-image-184\" title=\"arenilla\" src=\"\/faro\/wp-content\/uploads\/sites\/25\/2015\/03\/arenilla1.jpg\" alt=\"\" width=\"300\" height=\"65\" srcset=\"https:\/\/static-blogs.laverdad.es\/wp-content\/uploads\/sites\/25\/2015\/03\/arenilla1.jpg 480w, https:\/\/static-blogs.laverdad.es\/wp-content\/uploads\/sites\/25\/2015\/03\/arenilla1-300x66.jpg 300w\" sizes=\"(max-width: 300px) 100vw, 300px\" \/><\/a>Aunque tambi\u00e9n hay expertos que consideran sin\u00f3nimos todos estos t\u00e9rminos, como se puede apreciar en el video de la conferencia<strong> <\/strong>magistral titulada: <a href=\"http:\/\/tecnoformacion.ffis.es\/mainstream2\/default.aspx?action=play&#038;conferenceGUID=EAP-15_Aniversario-LQ\"><strong>\u201cLos empleados p\u00fablicos ante la nueva Administraci\u00f3n\u201d<\/strong><\/a><strong> , <\/strong>impartida en Murcia hace 2 a\u00f1os por una autoridad en la materia como<strong> <\/strong>\u00a0<a href=\"https:\/\/blogs.laverdad.es\/faro\/2015\/02\/20\/el-enorme-piano-de-las-administraciones-publicas\/\"><strong>Manuel Arenilla<\/strong><\/a><strong>, <\/strong>quien, \u00a0disquisiciones sem\u00e1nticas aparte<strong>, \u00a0<\/strong>desliz\u00f3 muchas ideas que merecen ser analizadas con detenimiento.<\/p>\n<p>Entresaco alguna de las frases que m\u00e1s me llamaron la atenci\u00f3n:<\/p>\n<ul>\n<li><em>Necesitamos una Administraci\u00f3n creativa e innovadora. La transformaci\u00f3n de las Administraciones P\u00fablicas debe ser un <strong>proceso continuo<\/strong>, orientado a las verdaderas necesidades de los ciudadanos.<\/em><\/li>\n<li><em>A los ciudadanos les molesta mucho la <strong>descoordinaci\u00f3n entre las instituciones<\/strong>. \u201dOrgan\u00edcense ustedes como quieran pero no me trasladen a m\u00ed la complejidad administrativa y del ordenamiento jur\u00eddico\u201d <\/em><\/li>\n<li><em>Las AAPP colaboran y se coordinan muy bien cuando quieren. Por ejemplo; para <strong>cobrar <\/strong>impuestos o multas.<\/em><\/li>\n<li><strong><em>Los ciudadanos son cada vez m\u00e1s exigentes y, a veces, m\u00e1s inconscientes<\/em><\/strong><em>. Todos, como ciudadanos, debemos mentalizarnos para hacer un uso racional de los servicios y recursos p\u00fablicos. Las Administraciones deben hacer una labor educadora\u00a0 en este sentido<\/em><\/li>\n<li><strong><em>\u00bfC\u00f3mo que el chico no va a clase o no estudia?<\/em><\/strong><em> Todos los alumnos de los centros p\u00fablicos tienen beca. El coste real de un alumno universitario es de 10.000\u20ac por curso. En el peor de los casos, los padres abonan s\u00f3lo el 15% de este coste.<\/em><\/li>\n<\/ul>\n<p>Con respecto a la labor educadora y de sensibilizaci\u00f3n del coste de los servicios p\u00fablicos, \u00a0a la que aludi\u00f3 Arenilla en su intervenci\u00f3n, es de destacar una iniciativa innovadora de la Agencia Tributaria poco conocida y quiz\u00e1 por eso, menos realzada: el <a href=\"http:\/\/www.agenciatributaria.es\/AEAT.educacion\/InformacionEducacion_es_ES.html\"><strong>Portal de Educaci\u00f3n C\u00edvico-Tributaria<\/strong><\/a><strong>, <\/strong>que contiene un interesante material educativo para alumnos de ESO.<\/p>\n<p><a href=\"\/faro\/wp-content\/uploads\/sites\/25\/2015\/03\/aragon-presup-abiertos.png\"><img loading=\"lazy\" class=\"alignleft size-medium wp-image-183\" title=\"aragon presup abiertos\" src=\"\/faro\/wp-content\/uploads\/sites\/25\/2015\/03\/aragon-presup-abiertos.png\" alt=\"\" width=\"300\" height=\"180\" srcset=\"https:\/\/static-blogs.laverdad.es\/wp-content\/uploads\/sites\/25\/2015\/03\/aragon-presup-abiertos.png 307w, https:\/\/static-blogs.laverdad.es\/wp-content\/uploads\/sites\/25\/2015\/03\/aragon-presup-abiertos-300x181.png 300w\" sizes=\"(max-width: 300px) 100vw, 300px\" \/><\/a><\/p>\n<p>Otra iniciativa notable de transparencia con efectos bidireccionales (conocer en qu\u00e9 se gasta el dinero p\u00fablico, pero tambi\u00e9n en qu\u00e9 medida contribuye cada ciudadano) es la de <strong>Presupuestos Abiertos<\/strong> del <a href=\"http:\/\/presupuesto.aragon.es\/recibo#ingresos=30000\"><strong>Gobierno de Arag\u00f3n<\/strong><\/a><strong>, <\/strong>incluida en su portal de Open Data.<\/p>\n<p>En la secci\u00f3n <strong>\u201c\u00bfQu\u00e9 aporto yo?\u201d<\/strong> se puede visualizar el desglose de las aportaciones personales que realiza cada contribuyente aragon\u00e9s a los presupuestos p\u00fablicos de su\u00a0 Comunidad Aut\u00f3noma en funci\u00f3n de sus ingresos.<\/p>\n<ul>\n<li>Una persona que gane <strong>30.000\u20ac al a\u00f1o<\/strong> paga 9.507\u20ac (31.6%) de impuestos, de los que aporta 4.838\u20ac (16%) a las arcas regionales, de los cuales, 1.462\u20ac se aplican a Sanidad, 817\u20ac a Educaci\u00f3n \u00f3 25\u20ac a sufragar la Alta Direcci\u00f3n auton\u00f3mica.<\/li>\n<li>Un contribuyente que declare <strong>100.000\u20ac brutos anuales<\/strong> pagar\u00eda 44.716\u20ac (44.7%) de impuestos, aportando \u00a0a los presupuestos regionales 21.694\u20ac (22%), \u00a0de los cuales se destinar\u00edan a Sanidad 6.559\u20ac, \u00a03.665\u20ac a Educaci\u00f3n \u00f3 111\u20ac a la Alta Direcci\u00f3n.<\/li>\n<\/ul>\n<p>Obviamente, <strong>el coste de los servicios p\u00fablicos no se afronta a t\u00edtulo individual<\/strong>, por lo que cabe exigir mesura y corresponsabilidad en el uso de los mismos por parte de todos. A t\u00edtulo orientativo citaremos algunos datos de inter\u00e9s:<\/p>\n<ul>\n<li>Un alumno de la ense\u00f1anza p\u00fablica cuesta m\u00e1s de 4.500\u20ac anuales en colegio de primaria, m\u00e1s de 6.500\u20ac por cada curso de la ESO, y m\u00e1s de 9.000\u20ac por cada curso de Bachillerato.<\/li>\n<li>Por lo que respecta a la sanidad p\u00fablica, 1 d\u00eda de estancia en un hospital tiene un coste de 700\u20ac<\/li>\n<li>Una consulta de urgencias cuesta 136\u20ac<\/li>\n<li>Una operaci\u00f3n de apendicitis, 3.000\u20ac<\/li>\n<li>Una ces\u00e1rea, 3.028\u20ac, mientras que un parto normal cuesta 1.870\u20ac<\/li>\n<li>Un trasplante de h\u00edgado o de coraz\u00f3n supera los 100.000\u20ac.<\/li>\n<li>1 Km de autov\u00eda cuesta entre 3 y 5 M\u20ac dependiendo de la orograf\u00eda.<\/li>\n<\/ul>\n<p>En el pr\u00f3ximo y \u00faltimo post de esta serie, por el momento,\u00a0 dedicada a la transformaci\u00f3n de la Administraci\u00f3n P\u00fablica abordaremos temas controvertidos como los relativos al modelo del\u00a0<strong>Estado del Bienestar y su sostenibilidad, al exceso de burocracia, al tama\u00f1o de las Administraciones P\u00fablicas o a la propia condici\u00f3n de funcionario vitalicio.<\/strong><\/p>\n<p>Y lo haremos sin complejos, \u00a0con mentalidad abierta, aportando opiniones y experiencias que buscan defender lo p\u00fablico, \u00a0por encima de ideolog\u00edas o de otro tipo de intereses, pensando siempre en lo m\u00e1s conveniente para los ciudadanos, que somos los que <a href=\"https:\/\/blogs.laverdad.es\/faro\/2015\/03\/02\/ya-que-tu-pagas-tu-mandas\/\"><strong>pagamos\u2026.y mandamos.<\/strong><\/a><\/p>\n","protected":false},"excerpt":{"rendered":"<p>\u201cQue lo p\u00fablico funcione bien le interesa a los funcionarios y a los pol\u00edticos, pero sobre todo, al conjunto de los ciudadanos\u201d (Carlos Mas, Presidente de PwC Espa\u00f1a) \u201cEn qu\u00e9 hay que transformar la Administraci\u00f3n P\u00fablica espa\u00f1ola\u201d es un interesante documento de la consultora PwC,\u00a0 coordinado por Jordi Sevilla, de obligada lectura para todos los [&hellip;]<\/p>\n","protected":false},"author":26,"featured_media":0,"comment_status":"open","ping_status":"closed","sticky":false,"template":"","format":"standard","meta":[],"categories":[20,6,8,10,13],"tags":[67,93,133,301,353,428,434,443,519],"_links":{"self":[{"href":"https:\/\/blogs.laverdad.es\/faro\/wp-json\/wp\/v2\/posts\/181"}],"collection":[{"href":"https:\/\/blogs.laverdad.es\/faro\/wp-json\/wp\/v2\/posts"}],"about":[{"href":"https:\/\/blogs.laverdad.es\/faro\/wp-json\/wp\/v2\/types\/post"}],"author":[{"embeddable":true,"href":"https:\/\/blogs.laverdad.es\/faro\/wp-json\/wp\/v2\/users\/26"}],"replies":[{"embeddable":true,"href":"https:\/\/blogs.laverdad.es\/faro\/wp-json\/wp\/v2\/comments?post=181"}],"version-history":[{"count":0,"href":"https:\/\/blogs.laverdad.es\/faro\/wp-json\/wp\/v2\/posts\/181\/revisions"}],"wp:attachment":[{"href":"https:\/\/blogs.laverdad.es\/faro\/wp-json\/wp\/v2\/media?parent=181"}],"wp:term":[{"taxonomy":"category","embeddable":true,"href":"https:\/\/blogs.laverdad.es\/faro\/wp-json\/wp\/v2\/categories?post=181"},{"taxonomy":"post_tag","embeddable":true,"href":"https:\/\/blogs.laverdad.es\/faro\/wp-json\/wp\/v2\/tags?post=181"}],"curies":[{"name":"wp","href":"https:\/\/api.w.org\/{rel}","templated":true}]}}