{"id":191,"date":"2015-04-09T19:43:14","date_gmt":"2015-04-09T17:43:14","guid":{"rendered":"http:\/\/blogs.laverdad.es\/faro\/?p=191"},"modified":"2015-04-09T19:43:14","modified_gmt":"2015-04-09T17:43:14","slug":"tus-datos-son-oro-protegelos","status":"publish","type":"post","link":"https:\/\/blogs.laverdad.es\/faro\/2015\/04\/09\/tus-datos-son-oro-protegelos\/","title":{"rendered":"Tus datos son oro: \u00a1prot\u00e9gelos\u00a1"},"content":{"rendered":"<p align=\"center\"><strong><em>El mundo al instante<\/em><\/strong><\/p>\n<p>\u00a0<a href=\"http:\/\/www.worldometers.info\/es\/\"><strong>Worldometer<\/strong>s<\/a> es una reconocida web, neutral y gratuita, que suministra estad\u00edsticas mundiales en tiempo real sobre temas como\u00a0 gobierno y econom\u00eda, sociedad, medio ambiente, energ\u00eda o salud.<\/p>\n<p>Destaco algunos indicadores interesantes, muchos de los cuales se van actualizando a un ritmo fren\u00e9tico, por lo que dar\u00e9 cifras aproximadas:<\/p>\n<ul>\n<li>Poblaci\u00f3n mundial: <strong>7.300 millones<\/strong> de personas<\/li>\n<li><strong>162.000 nacimientos y 67.000 defunciones<\/strong> se han producido hoy, hasta este momento.<\/li>\n<li>M\u00e1s de 800 millones de personas sufren desnutrici\u00f3n en el mundo mientras 1.600 millones tienen sobrepeso y 535 millones son obesas.<\/li>\n<li>En USA, cada d\u00eda se gastan casi 300 M$ en programas de p\u00e9rdida de peso y tratamientos contra la obesidad.<\/li>\n<li>Cada d\u00eda se fuman unos <strong>6.300 millones de cigarrillos<\/strong> en el mundo. M\u00e1s de 1.300.000 personas han fallecido, en lo que va de a\u00f1o por causa del tabaco.<\/li>\n<li>Al ritmo actual de consumo, nos quedar\u00edan <strong>reservas de petr\u00f3leo para 38 a\u00f1os<\/strong>.<\/li>\n<\/ul>\n<div id=\"attachment_192\" style=\"width: 310px\" class=\"wp-caption alignleft\"><a href=\"\/faro\/wp-content\/uploads\/sites\/25\/2015\/04\/el-universo-digital.png\"><img aria-describedby=\"caption-attachment-192\" loading=\"lazy\" class=\"size-medium wp-image-192\" title=\"el-universo-digital\" src=\"\/faro\/wp-content\/uploads\/sites\/25\/2015\/04\/el-universo-digital.png\" alt=\"\" width=\"300\" height=\"189\" srcset=\"https:\/\/static-blogs.laverdad.es\/wp-content\/uploads\/sites\/25\/2015\/04\/el-universo-digital.png 506w, https:\/\/static-blogs.laverdad.es\/wp-content\/uploads\/sites\/25\/2015\/04\/el-universo-digital-300x190.png 300w\" sizes=\"(max-width: 300px) 100vw, 300px\" \/><\/a><p id=\"caption-attachment-192\" class=\"wp-caption-text\">http:\/\/www.hashtag.pe\/2013\/09\/18\/la-convergencia-entre-search-y-social-seo\/<\/p><\/div>\n<p>En el apartado m\u00e1s tecnol\u00f3gico:<\/p>\n<ul>\n<li>Hay <strong>3.100 millones de usuarios de Internet<\/strong> en el mundo. Casi el 43% de la poblaci\u00f3n mundial, lo que me parece una cifra descomunal.<\/li>\n<li>Hasta este momento del d\u00eda de hoy, se han producido m\u00e1s de <strong>1.700 millones de b\u00fasquedas en Google.<\/strong> Se han enviado m\u00e1s de <strong>87.000 millones de correos<\/strong> electr\u00f3nicos, <strong>315 millones de tweets<\/strong>, <strong>30.000 millones de whatsapp<\/strong> \u2026<\/li>\n<li>Se han escrito m\u00e1s de <strong>1.500.000 posts<\/strong> en blogs. Supongo que contabilizar\u00e1n este m\u00edo tambi\u00e9n.<\/li>\n<\/ul>\n<p style=\"text-align: center;\">\u00a0<strong><em>El Universo Digital<\/em><\/strong><\/p>\n<p><strong>\u00a0<\/strong>Cada minuto que pasa el\u00a0<a href=\"http:\/\/www.computerworld.es\/tendencias\/el-universo-digital-se-expande-acelerado-por-el-crecimiento-de-los-datos\"><strong>universo de datos<\/strong><\/a> creado por el hombre se expande a un ritmo vertiginoso, doblando su crecimiento cada 2 a\u00f1os. Y est\u00e1 lleno de oportunidades para los que sepan explorarlo. Cada vez que una persona,\u00a0 una empresa o un dispositivo conectado a Internet realiza alguna actividad on line se generan datos muy valiosos \u2013 <a href=\"http:\/\/www.agenciasinc.es\/Noticias\/En-2014-toda-la-investigacion-financiada-con-dinero-de-la-UE-debera-ser-de-acceso-abierto\">el nuevo petr\u00f3leo,<\/a> &#8211; que hay que tratar, analizar y lo que es muy importante, proteger y conservar en alg\u00fan soporte f\u00edsico, bien sea personal, local o en la nube.<\/p>\n<p>Igual que ocurre con el cosmos, que tiene sus <a href=\"http:\/\/www.astromia.com\/universo\/medidas.htm\">propias medidas<\/a> que nos facilitan su comprensi\u00f3n \u2013 por ejemplo, 1 a\u00f1o luz= casi 10 billones de Km-, el universo digital tambi\u00e9n ha ido acu\u00f1ando sus unidades espec\u00edficas \u00a0para ir cuantificando su tama\u00f1o, que se estima alcanzar\u00e1 los 44 <strong><em>zettabytes<\/em><\/strong> en 2020, a una tasa de crecimiento de 2.5 <strong><em>exabytes<\/em><\/strong> diarios.<\/p>\n<p>Esta sencilla tabla de equivalencias nos ayudar\u00e1 a aclararnos con estas nuevas unidades:<\/p>\n<p style=\"text-align: center;\">\u00a01 gigabyte (GB)\u00a0\u00a0\u00a0=\u00a0\u00a0\u00a0\u00a0 1000 MB<\/p>\n<p style=\"text-align: center;\">1 terabyte (TB)\u00a0\u00a0\u00a0\u00a0=\u00a0\u00a0\u00a0\u00a0 1000 GB<\/p>\n<p style=\"text-align: center;\">1 petabyte (PB)\u00a0 \u00a0=\u00a0\u00a0\u00a0\u00a0 1000 TB = 1.000.000 GB<\/p>\n<p style=\"text-align: center;\">1 exabyte (EB)\u00a0\u00a0\u00a0\u00a0\u00a0=\u00a0\u00a0\u00a0\u00a0 1000 PB = 1.000.000 GB<\/p>\n<p style=\"text-align: center;\">1 zettabyte (ZB)\u00a0\u00a0\u00a0=\u00a0\u00a0\u00a0\u00a0 1000 EB = 1.000.000.000 GB<\/p>\n<p style=\"text-align: center;\">1 yottabyte (YB) \u00a0=\u00a0\u00a0\u00a0\u00a0\u00a0 1000 ZB = 1.000.000.000.000 GB<\/p>\n<div id=\"attachment_193\" style=\"width: 310px\" class=\"wp-caption alignleft\"><a href=\"\/faro\/wp-content\/uploads\/sites\/25\/2015\/04\/cerebro-digital.jpg\"><img aria-describedby=\"caption-attachment-193\" loading=\"lazy\" class=\"size-full wp-image-193\" title=\"cerebro digital\" src=\"\/faro\/wp-content\/uploads\/sites\/25\/2015\/04\/cerebro-digital.jpg\" alt=\"\" width=\"300\" height=\"168\" \/><\/a><p id=\"caption-attachment-193\" class=\"wp-caption-text\">http:\/\/www.taringa.net\/posts\/ciencia-educacion\/18047610\/IBM-Construye-Cerebro-Artificial.html<\/p><\/div>\n<p>Como dato curioso, se estima que un <a href=\"http:\/\/hipertextual.com\/2010\/04\/cuantos-gigabytes-caben-en-el-cerebro-humano\"><strong>cerebro humano<\/strong><\/a> normal posee una memoria cifrada en 2.5 PB que equivalen a unas 3 millones de hora de v\u00eddeo.<\/p>\n<p>Sin embargo, la capacidad de almacenamiento de datos no puede seguir el ritmo de crecimiento exponencial con el que se generan. Se calcula que en 2020 s\u00f3lo el 15% de los datos disponibles podr\u00e1n ser almacenados. El resto se desaprovechar\u00e1 o simplemente se desechar\u00e1 por irrelevante.<\/p>\n<p>La industria TIC se enfrenta a acuciantes retos de gesti\u00f3n, almacenamiento y protecci\u00f3n de los activos inform\u00e1ticos, desaf\u00edos generadores, a su vez, de oportunidades de negocio y de creaci\u00f3n de empleo relacionado con la ciberseguridad y con el an\u00e1lisis de datos.<\/p>\n<p style=\"text-align: center;\"><strong><em>Los datos no son inmortales<\/em><\/strong><\/p>\n<div id=\"attachment_194\" style=\"width: 310px\" class=\"wp-caption alignleft\"><a href=\"\/faro\/wp-content\/uploads\/sites\/25\/2015\/04\/seguridad-inform\u00e1tica.jpg\"><img aria-describedby=\"caption-attachment-194\" loading=\"lazy\" class=\"size-medium wp-image-194\" title=\"seguridad inform\u00e1tica\" src=\"\/faro\/wp-content\/uploads\/sites\/25\/2015\/04\/seguridad-inform\u00e1tica.jpg\" alt=\"\" width=\"300\" height=\"107\" srcset=\"https:\/\/static-blogs.laverdad.es\/wp-content\/uploads\/sites\/25\/2015\/04\/seguridad-inform\u00e1tica.jpg 560w, https:\/\/static-blogs.laverdad.es\/wp-content\/uploads\/sites\/25\/2015\/04\/seguridad-inform\u00e1tica-300x107.jpg 300w\" sizes=\"(max-width: 300px) 100vw, 300px\" \/><\/a><p id=\"caption-attachment-194\" class=\"wp-caption-text\">http:\/\/www.nop07security.com\/cursos.php<\/p><\/div>\n<p>Para cualquiera de nosotros, desde el punto de vista personal, supondr\u00eda un grave contratiempo la p\u00e9rdida de documentos, correos, fotos o v\u00eddeos, pero cualquier contingencia que afectara a la integridad de \u00a0los sistemas corporativos ser\u00eda una aut\u00e9ntica cat\u00e1strofe para una Administraci\u00f3n P\u00fablica, una entidad bancaria o una PYME.<\/p>\n<p>Estas contingencias pueden ser originadas por fallos de HW, de SW, por ciberataques, por robos, por problemas el\u00e9ctricos, inundaciones, incendios,\u2026 La <a href=\"http:\/\/actualidad.rt.com\/actualidad\/view\/138158-catastrofes-programacion-culpa-software-computadora\">historia<\/a> nos ense\u00f1a los devastadores efectos que pueden causar estos errores.<\/p>\n<p>El estudio\u00a0 <a href=\"http:\/\/emea.emc.com\/microsites\/2011\/emc-brs-survey\/index.htm?pid=press-release-brs-112311\">European Disaster Recovery Survey<\/a> recoge que un <strong>75%<\/strong> de los negocios europeos podr\u00edan desaparecer si sufrieran una p\u00e9rdida de datos. Lo curioso del caso es que m\u00e1s de la mitad de las 1.750 empresas y administraciones p\u00fablicas encuestadas manifestaron haber sufrido problemas de seguridad recientemente.<\/p>\n<p style=\"text-align: center;\">\u00a0<strong><em>SEGURO DE VIDA<\/em><\/strong><\/p>\n<p>\u00a0El pasado 31\/03\/15 se celebr\u00f3 el <a href=\"http:\/\/www.worldbackupday.com\/es\/\"><strong>D\u00eda mundial de las copias de seguridad<\/strong><\/a>\u00a0 con objeto de mentalizarnos a todos, como particulares, de la importancia de ser previsores y disponer de backups de nuestra informaci\u00f3n personal m\u00e1s sensible, \u2026al menos una vez al a\u00f1o.<\/p>\n<p>En Espa\u00f1a, <a href=\"https:\/\/www.osi.es\/es\/copias-de-seguridad-cifrado\"><strong>la Oficina de Seguridad Internauta<\/strong><\/a><strong>,<\/strong> dependiente del <a href=\"https:\/\/www.incibe.es\/blogs\/post\/Empresas\/BlogSeguridad\/Articulo_y_comentarios\/copias_seguridad_empresa\">Instituto Nacional de Ciberseguridad<\/a> (INCIBE) son sitios de referencia oficial \u00a0en materia de seguridad, \u00a0igual que \u00a0la <a title=\"Agencia protecci\u00f3n datos\" href=\"http:\/\/www.agpd.es\/portalwebAGPD\/index-ides-idphp.php\"><strong>Agencia Espa\u00f1ola de Protecci\u00f3n de datos<\/strong><\/a> lo es en cuestiones de privacidad de la informaci\u00f3n. Por cierto que ha publicado una interesante <strong><a title=\"Gu\u00eda contrataci\u00f3n servicios en la nube\" href=\"https:\/\/www.agpd.es\/portalwebAGPD\/canaldocumentacion\/publicaciones\/common\/Guias\/GUIA_Cloud.pdf\">Gu\u00eda<\/a><\/strong> para la contrataci\u00f3n de servicios en la nube de gran inter\u00e9s pr\u00e1ctico para empresas y para Administraciones P\u00fablicas.<\/p>\n<p>Los negocios son absolutamente dependientes de la disponibilidad de la informaci\u00f3n. <a title=\"estar en la nube\" href=\"http:\/\/profesoradeinformatica.com\/vivir-en-la-nube-no-es-lo-mismo-que-vivir-en-las-nubes\/\">Estar en la nube no es lo mismo que vivir en las nubes<\/a>. Un empresario no puede despreocuparse de las cuestiones de seguridad y de protecci\u00f3n de datos personales . Debe ser prudente y previsor en estas materias, so pena verse en riesgo de <strong>cerrar por defunci\u00f3n\u2026 de los datos.<\/strong><\/p>\n<p><strong>\u00a0<\/strong><\/p>\n<p>&nbsp;<\/p>\n<p><strong>\u00a0<\/strong><\/p>\n","protected":false},"excerpt":{"rendered":"<p>El mundo al instante \u00a0Worldometers es una reconocida web, neutral y gratuita, que suministra estad\u00edsticas mundiales en tiempo real sobre temas como\u00a0 gobierno y econom\u00eda, sociedad, medio ambiente, energ\u00eda o salud. Destaco algunos indicadores interesantes, muchos de los cuales se van actualizando a un ritmo fren\u00e9tico, por lo que dar\u00e9 cifras aproximadas: Poblaci\u00f3n mundial: 7.300 [&hellip;]<\/p>\n","protected":false},"author":26,"featured_media":0,"comment_status":"open","ping_status":"closed","sticky":false,"template":"","format":"standard","meta":[],"categories":[3,12,17],"tags":[35,87,130,280,404,468,532],"_links":{"self":[{"href":"https:\/\/blogs.laverdad.es\/faro\/wp-json\/wp\/v2\/posts\/191"}],"collection":[{"href":"https:\/\/blogs.laverdad.es\/faro\/wp-json\/wp\/v2\/posts"}],"about":[{"href":"https:\/\/blogs.laverdad.es\/faro\/wp-json\/wp\/v2\/types\/post"}],"author":[{"embeddable":true,"href":"https:\/\/blogs.laverdad.es\/faro\/wp-json\/wp\/v2\/users\/26"}],"replies":[{"embeddable":true,"href":"https:\/\/blogs.laverdad.es\/faro\/wp-json\/wp\/v2\/comments?post=191"}],"version-history":[{"count":0,"href":"https:\/\/blogs.laverdad.es\/faro\/wp-json\/wp\/v2\/posts\/191\/revisions"}],"wp:attachment":[{"href":"https:\/\/blogs.laverdad.es\/faro\/wp-json\/wp\/v2\/media?parent=191"}],"wp:term":[{"taxonomy":"category","embeddable":true,"href":"https:\/\/blogs.laverdad.es\/faro\/wp-json\/wp\/v2\/categories?post=191"},{"taxonomy":"post_tag","embeddable":true,"href":"https:\/\/blogs.laverdad.es\/faro\/wp-json\/wp\/v2\/tags?post=191"}],"curies":[{"name":"wp","href":"https:\/\/api.w.org\/{rel}","templated":true}]}}