{"id":20,"date":"2013-08-15T12:00:21","date_gmt":"2013-08-15T10:00:21","guid":{"rendered":"http:\/\/blogs.laverdad.es\/faro\/?p=20"},"modified":"2013-08-15T12:00:21","modified_gmt":"2013-08-15T10:00:21","slug":"que-paren-el-mundo-que-me-quiero-bajar","status":"publish","type":"post","link":"https:\/\/blogs.laverdad.es\/faro\/2013\/08\/15\/que-paren-el-mundo-que-me-quiero-bajar\/","title":{"rendered":"Que paren el mundo que me quiero bajar"},"content":{"rendered":"<p>La eclosi\u00f3n de las tecnolog\u00edas de la informaci\u00f3n y las comunicaciones (TIC) y la popularizaci\u00f3n de Internet origin\u00f3 el t\u00e9rmino sociedad de la informaci\u00f3n. Si consideramos la informaci\u00f3n como \u201cmateria prima\u201d, su procesamiento da lugar a la\u00a0<strong>sociedad del conocimiento<\/strong>\u00a0en la que estamos \u00a0inmersos actualmente.<\/p>\n<p><a href=\"\/faro\/wp-content\/uploads\/sites\/25\/2013\/08\/sociedad_creativa_eoi.jpg\"><img loading=\"lazy\" class=\"alignleft size-medium wp-image-102\" title=\"Imagen SOCIEDAD CREATIVA 3\" src=\"\/faro\/wp-content\/uploads\/sites\/25\/2013\/08\/sociedad_creativa_eoi.jpg\" alt=\"\" width=\"300\" height=\"193\" srcset=\"https:\/\/static-blogs.laverdad.es\/wp-content\/uploads\/sites\/25\/2013\/08\/sociedad_creativa_eoi.jpg 640w, https:\/\/static-blogs.laverdad.es\/wp-content\/uploads\/sites\/25\/2013\/08\/sociedad_creativa_eoi-300x193.jpg 300w\" sizes=\"(max-width: 300px) 100vw, 300px\" \/><\/a><\/p>\n<p>Aunque las <a href=\"http:\/\/elrincondelacienciaytecnologia.blogspot.com.es\/2011\/09\/10-inventos-que-cambiaron-la-historia.html\">innovaciones \u201ctecnol\u00f3gicas<\/a>\u201d han jalonado la historia de la Humanidad (fuego, rueda, imprenta, m\u00e1quina de vapor, autogiro, \u2026) y han originado \u00a0transformaciones sociales y econ\u00f3micas de gran trascendencia, nunca como ahora, y de ahora en adelante, la cultura de la innovaci\u00f3n, basada en el\u00a0<strong>conocimiento y <a href=\"https:\/\/blogs.laverdad.es\/faro\/2013\/07\/19\/la-imaginacion-al-poder\/\">la creatividad<\/a><\/strong>, se torna m\u00e1s relevante y estrat\u00e9gica para sobrevivir en un mundo globalizado.<\/p>\n<p>Qu\u00e9 duda cabe que las\u00a0<strong>tecnolog\u00edas del momento ser\u00e1n herramientas a tener en cuenta<\/strong><strong>\u00a0<\/strong>para innovar, pero\u00a0<strong>la innovaci\u00f3n es \u00a0multidisciplinar<\/strong>\u00a0(se puede apoyar en varias tecnolog\u00edas y afectar a diversas \u00e1reas de actuaci\u00f3n) y\u00a0<strong>trasciende a los \u00e1mbitos puramente tecnol\u00f3gicos<\/strong>, ya que se basa en las personas, en su creatividad, motivaci\u00f3n, capacidad de asociar ideas, de trabajar en equipo, de resolver problemas, de cuestionarse hechos que se consideran inamovibles, de crear redes de contactos, de experimentar sin miedo al fracaso.<\/p>\n<p>Por estas razones me atrevo a definir esta nueva etapa que nos ha tocado vivir como la\u00a0<strong><span style=\"text-decoration: underline;\"><a href=\"http:\/\/www.aqualogy.net\/blog\/el-desarrollo-de-negocio-y-la-innovacion-en-la-sociedad-del-conocimiento\/#more-82\">sociedad de la innovaci\u00f3n continua<\/a><\/span><\/strong>. Una nueva sociedad que asume, de forma generalizada el cambio como algo natural, consustancial a un mundo que evoluciona tan vertiginosamente que uno no puede decir que se baja de \u00e9l, como dec\u00eda el genial <a href=\"http:\/\/es.wikipedia.org\/wiki\/Groucho_Marx\">Groucho Marx<\/a>. No s\u00f3lo para no bajarse sino para todo lo contrario, para \u201cdarle cuerda\u201d al mundo, \u00a0deben prepararse nuestros j\u00f3venes adecuadamente.<\/p>\n<p>El <a href=\"http:\/\/comunidad-escolar.pntic.mec.es\/880\/report1.html\">modelo educativo actual<\/a> est\u00e1 dise\u00f1ado para ense\u00f1ar a desenvolverse en un mundo diferente, en una sociedad industrial ya superada. \u00a0El\u00a0<strong>paradigma del 2x4x6<\/strong>\u00a0(2 cubiertas de un libro, 4 paredes de un aula, 6 horas al d\u00eda) est\u00e1 obsoleto, no es v\u00e1lido para un tipo de sociedad distinta, \u00a0en la que la capacidad de memorizaci\u00f3n no es importante, en la que hay que fomentar la mentalidad emprendedora, \u00a0la creatividad y las habilidades necesarias para trabajar.\u00a0 Las personas que forman a nuestros hijos y las que les tienen que contratar deben dejar de ser \u201ctribus hostiles\u201d.<\/p>\n<p>Por desgracia, todav\u00eda se dan casos de <a href=\"http:\/\/firgoa.usc.es\/drupal\/node\/6403\">profesores que dictan apuntes<\/a> en sus clases y que consideran que adaptarse a los tiempos de los alumnos que deben preparar para ser protagonistas de un futuro cercano no forma parte de su obligaci\u00f3n profesional. Parafraseando a\u00a0<em><a href=\"http:\/\/www.rtve.es\/alacarta\/audios\/musica-en-el-archivo-de-rtve\/poesia-arma-cargada-futuro-interpretada-paco-ibanez\/1045477\/\">Celaya<\/a><\/em>\u00a0y la definici\u00f3n de\u00a0su poes\u00eda,\u00a0<strong>la educaci\u00f3n es un arma cargada de futuro.<\/strong><strong><\/strong><\/p>\n<p>Urge, por tanto, <a href=\"http:\/\/www.laverdad.es\/murcia\/v\/20140319\/region\/region-basa-despegue-revolucion-20140319.html\">cambiar el modelo educativo<\/a> para que los centros de ense\u00f1anza no sean \u00e1mbitos desconectados de la realidad sino todo lo contrario. La sociedad de la innovaci\u00f3n continua lo demanda.<\/p>\n<p><strong>\u00a0<\/strong><\/p>\n","protected":false},"excerpt":{"rendered":"<p>La eclosi\u00f3n de las tecnolog\u00edas de la informaci\u00f3n y las comunicaciones (TIC) y la popularizaci\u00f3n de Internet origin\u00f3 el t\u00e9rmino sociedad de la informaci\u00f3n. Si consideramos la informaci\u00f3n como \u201cmateria prima\u201d, su procesamiento da lugar a la\u00a0sociedad del conocimiento\u00a0en la que estamos \u00a0inmersos actualmente. Aunque las innovaciones \u201ctecnol\u00f3gicas\u201d han jalonado la historia de la Humanidad [&hellip;]<\/p>\n","protected":false},"author":26,"featured_media":0,"comment_status":"open","ping_status":"closed","sticky":false,"template":"","format":"standard","meta":[],"categories":[19,3,18],"tags":[137,288,372,409,488,489],"_links":{"self":[{"href":"https:\/\/blogs.laverdad.es\/faro\/wp-json\/wp\/v2\/posts\/20"}],"collection":[{"href":"https:\/\/blogs.laverdad.es\/faro\/wp-json\/wp\/v2\/posts"}],"about":[{"href":"https:\/\/blogs.laverdad.es\/faro\/wp-json\/wp\/v2\/types\/post"}],"author":[{"embeddable":true,"href":"https:\/\/blogs.laverdad.es\/faro\/wp-json\/wp\/v2\/users\/26"}],"replies":[{"embeddable":true,"href":"https:\/\/blogs.laverdad.es\/faro\/wp-json\/wp\/v2\/comments?post=20"}],"version-history":[{"count":0,"href":"https:\/\/blogs.laverdad.es\/faro\/wp-json\/wp\/v2\/posts\/20\/revisions"}],"wp:attachment":[{"href":"https:\/\/blogs.laverdad.es\/faro\/wp-json\/wp\/v2\/media?parent=20"}],"wp:term":[{"taxonomy":"category","embeddable":true,"href":"https:\/\/blogs.laverdad.es\/faro\/wp-json\/wp\/v2\/categories?post=20"},{"taxonomy":"post_tag","embeddable":true,"href":"https:\/\/blogs.laverdad.es\/faro\/wp-json\/wp\/v2\/tags?post=20"}],"curies":[{"name":"wp","href":"https:\/\/api.w.org\/{rel}","templated":true}]}}