{"id":228,"date":"2015-06-11T19:34:05","date_gmt":"2015-06-11T17:34:05","guid":{"rendered":"http:\/\/blogs.laverdad.es\/faro\/?p=228"},"modified":"2015-06-11T19:34:05","modified_gmt":"2015-06-11T17:34:05","slug":"10-razones-para-crear-una-agencia-regional-de-investigacion-e-innovacion","status":"publish","type":"post","link":"https:\/\/blogs.laverdad.es\/faro\/2015\/06\/11\/10-razones-para-crear-una-agencia-regional-de-investigacion-e-innovacion\/","title":{"rendered":"10 razones para crear una Agencia Regional de Investigaci\u00f3n e Innovaci\u00f3n"},"content":{"rendered":"<p>El prop\u00f3sito de este post es exponer, \u00a0a t\u00edtulo orientativo, los objetivos gen\u00e9ricos y proyectos iniciales que podr\u00eda abordar la Agencia Regional de Investigaci\u00f3n e Innovaci\u00f3n (AI2), de la que hemos venido hablando en los hilos anteriores, intentando justificar su creaci\u00f3n.<\/p>\n<p style=\"text-align: center;\"><a href=\"\/faro\/wp-content\/uploads\/sites\/25\/2015\/06\/logoIris2020_v3.png\"><img loading=\"lazy\" class=\"alignleft size-full wp-image-229\" title=\"logoIris2020_v3\" src=\"\/faro\/wp-content\/uploads\/sites\/25\/2015\/06\/logoIris2020_v3.png\" alt=\"\" width=\"188\" height=\"60\" \/><\/a>\u00a0<strong><em>Recapitulando<\/em><\/strong><\/p>\n<p>\u00a0Las ideas fuerza y argumentos principales que hemos ido desplegando hasta ahora han sido los siguientes:<\/p>\n<ol>\n<li>La innovaci\u00f3n requiere una <a href=\"https:\/\/blogs.laverdad.es\/faro\/2015\/05\/19\/una-innovacion-una-agencia-regional\/\"><strong>visi\u00f3n hol\u00edstica<\/strong><\/a>, de conjunto, que supere los planteamientos puramente tecnol\u00f3gicos y econ\u00f3micos, que fomente\u00a0 la conexi\u00f3n de sectores productivos diferentes y que implique a toda la sociedad en un proyecto global de transformaci\u00f3n del modelo productivo. Un proyecto de regi\u00f3n que debe tener la consideraci\u00f3n de altamente estrat\u00e9gico, como recoge el <a href=\"http:\/\/planiris2020.carm.es\/web\/pagina?IDCONTENIDO=33326&#038;IDTIPO=11&#038;RASTRO=c$m47432,47453\">Plan IRIS 2020<\/a>.<\/li>\n<li>De la innovaci\u00f3n como concepto \u00fanico, aunque poli\u00e9drico,\u00a0 surge la necesidad de disponer de un <strong>instrumento operativo <\/strong>que facilite el impulso y la coordinaci\u00f3n de actuaciones innovadoras, la colaboraci\u00f3n entre los agentes regionales de la I+D+i y la\u00a0 divulgaci\u00f3n de los conceptos relacionados con la innovaci\u00f3n.<\/li>\n<li>Para mejorar el crecimiento econ\u00f3mico\u00a0 es fundamental perfeccionar los mecanismos de <strong>transferencia de conocimiento<\/strong> desde los centros donde se genera a los sectores productivos, con objeto de disponer de un sistema de innovaci\u00f3n equilibrado.<\/li>\n<li>La educaci\u00f3n,\u00a0 la formaci\u00f3n y la divulgaci\u00f3n desempe\u00f1an un papel clave en este proceso puesto que finalmente <strong>las personas<\/strong> son las que innovan.<\/li>\n<li>Las <a href=\"https:\/\/blogs.laverdad.es\/faro\/2014\/03\/16\/tiburones-y-delfines\/\"><strong>Administraciones P\u00fablicas<\/strong><\/a> deben predicar con el ejemplo, transform\u00e1ndose en organizaciones\u00a0 innovadoras.<\/li>\n<li>La innovaci\u00f3n es un fen\u00f3meno de <strong><a href=\"https:\/\/blogs.laverdad.es\/faro\/2015\/05\/29\/newton-y-la-innovacion-la-proximidad-importa\/\">distancias cortas<\/a><\/strong>, puesto que la proximidad agiliza la transferencia de conocimiento. El entorno regional es el m\u00e1s adecuado para concentrar actuaciones locales pero siempre en estado de permanente vigilancia tecnol\u00f3gica, abiertos al conocimiento, a la colaboraci\u00f3n\u00a0 y a los avances\u00a0 que provengan de fuera.<\/li>\n<li>Murcia es, quiz\u00e1, la \u00fanica regi\u00f3n de Espa\u00f1a que no dispone de un instrumento de las caracter\u00edsticas de esta AI2 que preconizamos. Aparte de los casos rese\u00f1ados en anteriores posts, podemos a\u00f1adir\u00a0 el de <strong><a href=\"http:\/\/www.fundecyt.es\/\">Extremadura<\/a><\/strong> y el reciente anuncio de <strong><a href=\"http:\/\/www.elmundo.es\/comunidad-valenciana\/2015\/02\/23\/54eaf808268e3e31488b457b.html\">Valencia<\/a><\/strong> de crear una agencia espec\u00edfica dedicada a la innovaci\u00f3n.<\/li>\n<li>En relaci\u00f3n con estos esfuerzos integradores y de fertilizaci\u00f3n cruzada tan convenientes para florezca la innovaci\u00f3n, tambi\u00e9n son rese\u00f1ables los casos de cooperaci\u00f3n entre <strong>centros tecnol\u00f3gicos<\/strong>, como <a href=\"http:\/\/www.fedit.com\/\"><strong>Fedit<\/strong>,<\/a> a nivel nacional, <strong><a href=\"http:\/\/eurecat.org\/?lang=es\">Eurecat<\/a><\/strong>, en Catalu\u00f1a, y el de <strong><a href=\"http:\/\/www.coniun.es\/index.php\/es\/\">Coniun<\/a><\/strong> en Murcia.<\/li>\n<li>La ventaja que puede suponer el hecho de no ir en vanguardia es que nos permite estudiar y aprovechar la experiencia de otras regiones,\u00a0 teniendo la oportunidad de avanzar muy r\u00e1pidamente en nuestra propia <strong>v\u00eda a la innovaci\u00f3n<\/strong>, en la que un factor diferencial con el resto puede ser el de incluir la apuesta espec\u00edfica por la innovaci\u00f3n p\u00fablica.<\/li>\n<li>El rendimiento de conjunto del sistema regional de innovaci\u00f3n (SRI) es la clave del \u00e9xito de las pol\u00edticas de I+D+i. Un SRI efectivo es un sistema compensado en la producci\u00f3n de conocimiento y su transferencia al sector productivo, as\u00ed como entre las inversiones p\u00fablicas y privadas en esta materia.<\/li>\n<\/ol>\n<p>En definitiva, el concepto transversal de la innovaci\u00f3n como <strong>palanca transformadora de la sociedad<\/strong> murciana requiere y justifica la puesta en marcha de una agencia regional ad hoc, la AI2, como <strong>instrumento pr\u00e1ctico<\/strong> al servicio de los objetivos rese\u00f1ados. Este organismo no tiene porqu\u00e9 crearse <em>ex novo<\/em>, sino que puede surgir de la redefinici\u00f3n e integraci\u00f3n de organismos ya existentes y debe ser autofinanciable en gran parte.<\/p>\n<p>&nbsp;<\/p>\n<p style=\"text-align: center;\"><strong><em>Objetivos de la AI2<\/em><\/strong><\/p>\n<p align=\"center\">La AI2 tiene como objetivo fundamental impulsar una corriente innovadora en la sociedad murciana y facilitar la colaboraci\u00f3n y el flujo de conocimiento entre todos los actores implicados en el <a href=\"http:\/\/www.iat.es\/2013\/01\/sistemas-regionales-de-innovacion-europa-2020\/\">Sistema Regional de Innovaci\u00f3n<\/a>.<\/p>\n<p>\u00a0<a href=\"\/faro\/wp-content\/uploads\/sites\/25\/2015\/06\/sociedad_creativa_eoi.jpg\"><img loading=\"lazy\" class=\"alignleft size-medium wp-image-233\" title=\"Imagen SOCIEDAD CREATIVA \" src=\"\/faro\/wp-content\/uploads\/sites\/25\/2015\/06\/sociedad_creativa_eoi.jpg\" alt=\"\" width=\"300\" height=\"193\" srcset=\"https:\/\/static-blogs.laverdad.es\/wp-content\/uploads\/sites\/25\/2015\/06\/sociedad_creativa_eoi.jpg 640w, https:\/\/static-blogs.laverdad.es\/wp-content\/uploads\/sites\/25\/2015\/06\/sociedad_creativa_eoi-300x193.jpg 300w\" sizes=\"(max-width: 300px) 100vw, 300px\" \/><\/a><\/p>\n<p>Sus <strong>objetivos espec\u00edficos<\/strong>, como instrumento catalizador\u00a0 y aglutinador multidisciplinar en esta materia,\u00a0 podr\u00edan ser los siguientes:<\/p>\n<p>\u2013\u00a0\u00a0\u00a0\u00a0\u00a0\u00a0\u00a0 Difusi\u00f3n y sensibilizaci\u00f3n de actividades y conceptos \u00a0asociados a la cultura de la innovaci\u00f3n.<\/p>\n<p>\u2013\u00a0\u00a0\u00a0\u00a0\u00a0\u00a0\u00a0 Actuar como faro que est\u00e9 atento a todo el conocimiento e innovaciones que se generan, dentro y fuera de la regi\u00f3n, posibilitando\u00a0 su divulgaci\u00f3n masiva.<\/p>\n<p>\u2013\u00a0\u00a0\u00a0\u00a0\u00a0\u00a0\u00a0 Facilitar la transferencia equilibrada de conocimiento desde\u00a0 los centros que lo generan (oferta) a los sectores productivos (demanda)<\/p>\n<p>\u2013\u00a0\u00a0\u00a0\u00a0\u00a0\u00a0\u00a0 Fomento de la colaboraci\u00f3n p\u00fablico-privada en proyectos concretos<\/p>\n<p>\u2013\u00a0\u00a0\u00a0\u00a0\u00a0\u00a0\u00a0 Propiciar el aumento de la <a href=\"http:\/\/www.elmundo.es\/economia\/2015\/03\/23\/550ff404ca4741be188b457d.html\">tasa de intensidad de innovaci\u00f3n<\/a> y la inversi\u00f3n privada en materia de I+D+i. La UE considera que un sistema de innovaci\u00f3n est\u00e1 equilibrado cuando la inversi\u00f3n p\u00fablica es la tercera parte de la inversi\u00f3n privada.<\/p>\n<p>\u2013\u00a0\u00a0\u00a0\u00a0\u00a0\u00a0\u00a0 Establecer relaciones con entidades innovadoras nacionales e internacionales<\/p>\n<p>\u2013\u00a0\u00a0\u00a0\u00a0\u00a0\u00a0\u00a0 Crear espacios y foros pr\u00e1cticos de Intercambio de experiencias, ideas y recursos que contribuyan a que la sociedad y las empresas, sobre todo las Pymes visualicen las ventajas asociadas a la cultura de la innovaci\u00f3n.<\/p>\n<p>\u2013\u00a0\u00a0\u00a0\u00a0\u00a0\u00a0\u00a0 Colaborar con los agentes espec\u00edficos, tanto p\u00fablicos como privados,\u00a0 en la formaci\u00f3n y capacitaci\u00f3n de personas en metodolog\u00edas y actitudes innovadoras.<\/p>\n<p><a href=\"\/faro\/wp-content\/uploads\/sites\/25\/2015\/06\/PoliticaEstrategia_250X250.jpg\"><img loading=\"lazy\" class=\"alignleft size-full wp-image-230\" title=\"PoliticaEstrategia_250X250\" src=\"\/faro\/wp-content\/uploads\/sites\/25\/2015\/06\/PoliticaEstrategia_250X250.jpg\" alt=\"\" width=\"250\" height=\"187\" \/><\/a><\/p>\n<p align=\"center\"><strong><em>Algunos proyectos iniciales<\/em><\/strong><\/p>\n<p>\u2013 <strong>Portal de la innovaci\u00f3n<\/strong><strong>, <\/strong>con secciones como<strong>:<\/strong><\/p>\n<p>\u2022 Atalaya de las mejores pr\u00e1cticas innovadoras tanto en el sector p\u00fablico como en el privado.<\/p>\n<p>\u2022 Difusi\u00f3n de metodolog\u00edas de la innovaci\u00f3n, como DesignThinking o Lean Start-up.<\/p>\n<ul>\n<li>Tendencias de futuro: Internet de las cosas, realidad aumentada, nanotecnolog\u00eda, impresi\u00f3n 3D, econom\u00eda azul, etc<\/li>\n<\/ul>\n<p>\u2022 Innovaci\u00f3n P\u00fablica<\/p>\n<p>\u2022 Innovaci\u00f3n Social<\/p>\n<ul>\n<li>Dise\u00f1o e innovaci\u00f3n<\/li>\n<\/ul>\n<p>&#8211;\u00a0 <strong>Club de la Innovaci\u00f3n: foro de encuentro p\u00fablico-privado<\/strong><strong><\/strong><\/p>\n<p>\u2013 <strong>Escuela de innovadores<\/strong><strong>:<\/strong>colaboraci\u00f3n con el sector privado en materias como<strong><\/strong><\/p>\n<p>\u2022 Formaci\u00f3n en metodolog\u00edas de innovaci\u00f3n<\/p>\n<p>\u2022 Gesti\u00f3n del talento<\/p>\n<p>\u2022 Trabajo colaborativo<\/p>\n<p>&#8211;\u00a0\u00a0\u00a0\u00a0\u00a0\u00a0 <strong>Creaci\u00f3n del Grupo de consultores en innovaci\u00f3n p\u00fablica de la CARM<\/strong><\/p>\n<p><strong>\u00a0<\/strong><strong>\u2013 Difusi\u00f3n y sensibilizaci\u00f3n<\/strong>: Blogs, redes sociales, newsletters, medios de comunicaci\u00f3n, eventos, talleres, jornadas&#8230;<\/p>\n<p>\u2013 <strong>Comunidades de pr\u00e1ctica: <\/strong>Modelo de ciudad innovadora, Gobierno Abierto, Open Data, Big Data, nuevo paradigma educativo, soberan\u00eda alimentaria, sostenibilidad del Estado del Bienestar, la sanidad del siglo XXI, etc<\/p>\n<p>&nbsp;<\/p>\n","protected":false},"excerpt":{"rendered":"<p>El prop\u00f3sito de este post es exponer, \u00a0a t\u00edtulo orientativo, los objetivos gen\u00e9ricos y proyectos iniciales que podr\u00eda abordar la Agencia Regional de Investigaci\u00f3n e Innovaci\u00f3n (AI2), de la que hemos venido hablando en los hilos anteriores, intentando justificar su creaci\u00f3n. \u00a0Recapitulando \u00a0Las ideas fuerza y argumentos principales que hemos ido desplegando hasta ahora han [&hellip;]<\/p>\n","protected":false},"author":26,"featured_media":0,"comment_status":"open","ping_status":"closed","sticky":false,"template":"","format":"standard","meta":[],"categories":[19,3,8,10,14],"tags":[37,41,216,243,425,482],"_links":{"self":[{"href":"https:\/\/blogs.laverdad.es\/faro\/wp-json\/wp\/v2\/posts\/228"}],"collection":[{"href":"https:\/\/blogs.laverdad.es\/faro\/wp-json\/wp\/v2\/posts"}],"about":[{"href":"https:\/\/blogs.laverdad.es\/faro\/wp-json\/wp\/v2\/types\/post"}],"author":[{"embeddable":true,"href":"https:\/\/blogs.laverdad.es\/faro\/wp-json\/wp\/v2\/users\/26"}],"replies":[{"embeddable":true,"href":"https:\/\/blogs.laverdad.es\/faro\/wp-json\/wp\/v2\/comments?post=228"}],"version-history":[{"count":0,"href":"https:\/\/blogs.laverdad.es\/faro\/wp-json\/wp\/v2\/posts\/228\/revisions"}],"wp:attachment":[{"href":"https:\/\/blogs.laverdad.es\/faro\/wp-json\/wp\/v2\/media?parent=228"}],"wp:term":[{"taxonomy":"category","embeddable":true,"href":"https:\/\/blogs.laverdad.es\/faro\/wp-json\/wp\/v2\/categories?post=228"},{"taxonomy":"post_tag","embeddable":true,"href":"https:\/\/blogs.laverdad.es\/faro\/wp-json\/wp\/v2\/tags?post=228"}],"curies":[{"name":"wp","href":"https:\/\/api.w.org\/{rel}","templated":true}]}}