{"id":234,"date":"2015-06-26T09:58:53","date_gmt":"2015-06-26T07:58:53","guid":{"rendered":"http:\/\/blogs.laverdad.es\/faro\/?p=234"},"modified":"2015-06-26T09:58:53","modified_gmt":"2015-06-26T07:58:53","slug":"compromiso-urgente-con-la-innovacion","status":"publish","type":"post","link":"https:\/\/blogs.laverdad.es\/faro\/2015\/06\/26\/compromiso-urgente-con-la-innovacion\/","title":{"rendered":"Compromiso urgente con la innovaci\u00f3n"},"content":{"rendered":"<p>Es conocido el alegato de Churchill en el Parlamento de Inglaterra urgiendo a que se aceleraran sin m\u00e1s demora los preparativos b\u00e9licos ante la amenaza inminente de Alemania, pa\u00eds con el que acab\u00f3 entrando en guerra al poco tiempo: <em>\u201cla era de la <\/em><a href=\"http:\/\/proyectocompah.blogspot.com.es\/2010\/03\/procrastinacion.html\"><strong><em>procrastinaci\u00f3n<\/em><\/strong><\/a><em>, de las medias tintas se ha acabado, estamos entrando en el per\u00edodo de las consecuencias<\/em>\u201d<\/p>\n<p><a href=\"\/faro\/wp-content\/uploads\/sites\/25\/2015\/06\/NubeInnovacion2.png\"><img loading=\"lazy\" class=\"alignleft size-medium wp-image-237\" title=\"http:\/\/www.theproject.ws\/es\/comunidades-de-innovacion-proximo-lab-de-thp\" src=\"\/faro\/wp-content\/uploads\/sites\/25\/2015\/06\/NubeInnovacion2.png\" alt=\"\" width=\"300\" height=\"179\" srcset=\"https:\/\/static-blogs.laverdad.es\/wp-content\/uploads\/sites\/25\/2015\/06\/NubeInnovacion2.png 831w, https:\/\/static-blogs.laverdad.es\/wp-content\/uploads\/sites\/25\/2015\/06\/NubeInnovacion2-300x179.png 300w, https:\/\/static-blogs.laverdad.es\/wp-content\/uploads\/sites\/25\/2015\/06\/NubeInnovacion2-768x459.png 768w\" sizes=\"(max-width: 300px) 100vw, 300px\" \/><\/a>Afortunadamente no estamos bajo la amenaza de ning\u00fan conflicto b\u00e9lico pero s\u00ed que competimos con otras regiones que van muy por delante de nosotros en la consideraci\u00f3n de la INNOVACI\u00d3N -as\u00ed con may\u00fasculas, para remarcar su car\u00e1ceter hol\u00edstico- \u00a0como elemento clave sobre el que fundamentar el crecimiento econ\u00f3mico y el bienestar social.<\/p>\n<p>La cruzada por la INNOVACI\u00d3N no se dirige contra ning\u00fan enemigo externo del que defenderse ni al que atacar, ni siquiera al que vencer, sino que lleva impl\u00edcita la lucha contra actitudes personales tan arraigadas (y tan dif\u00edciles de erradicar) como:<\/p>\n<ul>\n<li>El conformismo y la resignaci\u00f3n<\/li>\n<li>Las rutinas burocr\u00e1ticas<\/li>\n<li><strong><a href=\"http:\/\/www.eexcellence.es\/index.php?option=com_content&#038;view=article&#038;id=313:francisco-alcaide&#038;catid=35:articulos-publicados&#038;Itemid=57\">La rigidez mental y la falta de creatividad<\/a><\/strong><\/li>\n<li>El dogmatismo y la estrechez de miras<\/li>\n<li><a href=\"http:\/\/www.blogseitb.com\/inteligenciaemocional\/2015\/06\/03\/el-miedo-y-la-innovacion\/\"><strong>El miedo a los cambios y al fracaso<\/strong><\/a><strong><\/strong><\/li>\n<li>A la par\u00e1lisis por el an\u00e1lisis<\/li>\n<li>La obsesi\u00f3n por el cortoplacismo<\/li>\n<li>La cultura del <em>\u201cque inventen otros\u201d<\/em> y del <em>\u201dsiempre se ha hecho as\u00ed\u201d<\/em><\/li>\n<\/ul>\n<p>&nbsp;<\/p>\n<p>No quisiera parecer exagerado, cegado quiz\u00e1 por mis convicciones, pero considero que,\u00a0 si no queremos entrar en el per\u00edodo de las consecuencias negativas para nuestra regi\u00f3n, como dec\u00eda Churchill,\u00a0 es necesario concretar una <strong>apuesta estrat\u00e9gica global<\/strong>, decidida, sin m\u00e1s demora,\u00a0 consensuada y liderada al m\u00e1ximo nivel pol\u00edtico,\u00a0 en pos del objetivo com\u00fan de transformar a la Regi\u00f3n de Murcia en una sociedad innovadora.<\/p>\n<p>Hay en Murcia iniciativas innovadoras destacables,\u00a0 talento y personas creativas, muchas de ellos del sector p\u00fablico, as\u00ed como empresas de \u00e9xito, que est\u00e1n en el \u00e1nimo de todos y\u00a0 <a href=\"http:\/\/www.bbc.com\/mundo\/noticias\/2015\/06\/150610_economia_campeones_ocultos_exitos_alemania_lf\"><strong>campeones ocultos<\/strong><\/a> , m\u00e1s o menos conocidos, cuya experiencia podr\u00eda servir de ejemplo y de inspiraci\u00f3n para los j\u00f3venes emprendedores.<\/p>\n<p>Tengo la suerte de conocer a muchas personas que, respondiendo al t\u00f3pico pero siempre recomendable <a href=\"http:\/\/akifrases.com\/frase\/189666\">reto kennedyano<\/a>,\u00a0 aplican desinteresadamente esfuerzos e ideas, en la medida de sus posibilidades,\u00a0 aportando su granito de arena en la construcci\u00f3n de una regi\u00f3n de vanguardia.<\/p>\n<p><a href=\"\/faro\/wp-content\/uploads\/sites\/25\/2015\/06\/orquesta.jpg\"><img loading=\"lazy\" class=\"alignleft size-full wp-image-238\" title=\"orquesta\" src=\"\/faro\/wp-content\/uploads\/sites\/25\/2015\/06\/orquesta.jpg\" alt=\"\" width=\"275\" height=\"183\" \/><\/a>Todas ellas est\u00e1n deseando canalizar sus inquietudes participando en una <em>orquesta regional innovadora <\/em>en la que cada solista pudiera\u00a0 perfeccionarse y brillar con luz propia pero dentro de una partitura com\u00fan que pudiera motivar la creaci\u00f3n continua de nuevas sinfon\u00edas.<\/p>\n<p>La reciente jornada celebrada el 12 de mayo de 2015 en el Parque Cient\u00edfico bajo el ilustrativo y afortunado t\u00edtulo de <a href=\"https:\/\/www.youtube.com\/watch?v=QAVIwwuq1qE\"><strong>\u201cCompromiso con la innovaci\u00f3n en la Regi\u00f3n de Murcia\u201d<\/strong><\/a><strong> <\/strong>cont\u00f3 con la participaci\u00f3n de muchas de estas personas inquietas y generosas, \u00a0del prestigio de <a href=\"https:\/\/www.youtube.com\/watch?v=NUXrH1qqIPw\"><strong>Fernando Mart\u00edn<\/strong><\/a> o de\u00a0 <a href=\"https:\/\/www.youtube.com\/watch?v=Tj7cXQueDHw\"><strong>V\u00edctor Meseguer<\/strong><\/a> , entre otros, \u00a0que realizaron sus valiosas aportaciones en las mesas de innovaci\u00f3n p\u00fablica, innovaci\u00f3n social, territorios innovadores y TICs para la innovaci\u00f3n que hab\u00edan dise\u00f1ado los coordinadores de la jornada, <strong>Catalina Guerrero<\/strong>, de la Universidad de Murcia, \u00a0y <strong>Julio Pedauy\u00e9<\/strong>\u00a0e <strong>Ignacio Ballesta<\/strong> por parte de la Direcci\u00f3n General de Investigaci\u00f3n, Innovaci\u00f3n y Sociedad de la Informaci\u00f3n, de cuya titular, <strong>Celia Mart\u00ednez <\/strong>parti\u00f3 esta interesante iniciativa<strong>.<\/strong><br \/>\n<iframe loading=\"lazy\" src=\"https:\/\/www.youtube.com\/embed\/NUXrH1qqIPw\" frameborder=\"0\" width=\"560\" height=\"315\"><\/iframe><br \/>\n<iframe loading=\"lazy\" src=\"https:\/\/www.youtube.com\/embed\/Tj7cXQueDHw\" frameborder=\"0\" width=\"560\" height=\"315\"><\/iframe><br \/>\n<a href=\"\/faro\/wp-content\/uploads\/sites\/25\/2015\/06\/camino-innovacion.jpg\"><img loading=\"lazy\" class=\"alignleft size-medium wp-image-239\" title=\"http:\/\/leadtochange.net\/en-el-camino-extendiendo-el-mensaje-de-la-innovacion\/\" src=\"\/faro\/wp-content\/uploads\/sites\/25\/2015\/06\/camino-innovacion.jpg\" alt=\"\" width=\"300\" height=\"215\" srcset=\"https:\/\/static-blogs.laverdad.es\/wp-content\/uploads\/sites\/25\/2015\/06\/camino-innovacion.jpg 608w, https:\/\/static-blogs.laverdad.es\/wp-content\/uploads\/sites\/25\/2015\/06\/camino-innovacion-300x215.jpg 300w\" sizes=\"(max-width: 300px) 100vw, 300px\" \/><\/a>Nadie dice que el <strong>camino a la innovaci\u00f3n<\/strong> sea f\u00e1cil, incluso para las econom\u00edas m\u00e1s saneadas. Hay quien piensa que los ricos invierten m\u00e1s en I+D porque tienen m\u00e1s recursos negando que sean m\u00e1s ricos como consecuencia de sus inversiones en I+D. Pero este tema ser\u00e1 objeto de un post espec\u00edfico.<\/p>\n<p>En innovaci\u00f3n no hay caminos reales, atajos para faraones, como le sugiri\u00f3 <em>Ptolomeo a Euclides<\/em> para aprender geometr\u00eda. Si ya es dif\u00edcil innovar en el seno de una sola organizaci\u00f3n cuanto m\u00e1s lo ser\u00e1 el reto de transformar una regi\u00f3n entera.<\/p>\n<p>Para ello \u00a0se requiere articular y poner en pr\u00e1ctica estrategias regionales consensuadas, lo m\u00e1s pr\u00e1cticas posibles,\u00a0 que perfeccionen la coordinaci\u00f3n \u00a0de todos los actores y engranajes de la llamada <strong>cu\u00e1druple h\u00e9lice<\/strong>: Administraciones, educaci\u00f3n superior y centros de investigaci\u00f3n, empresas y sociedad,\u00a0 a la que algunos autores, a\u00f1aden una <strong>quinta h\u00e9lice<\/strong>: la de la educaci\u00f3n preuniversitaria.<\/p>\n<p>El mapa est\u00e1 dise\u00f1ado, la direcci\u00f3n est\u00e1 clara, las ventajas a conseguir no se discuten, la experiencia de otros viajeros que van por delante nos puede ayudar a avanzar m\u00e1s r\u00e1pido, no se requieren grandes inversiones, tenemos gente preparada y convencida,\u2026 <strong>\u00a1aceleremos el paso ya, todos juntos\u00a1<\/strong><\/p>\n<p>&nbsp;<\/p>\n","protected":false},"excerpt":{"rendered":"<p>Es conocido el alegato de Churchill en el Parlamento de Inglaterra urgiendo a que se aceleraran sin m\u00e1s demora los preparativos b\u00e9licos ante la amenaza inminente de Alemania, pa\u00eds con el que acab\u00f3 entrando en guerra al poco tiempo: \u201cla era de la procrastinaci\u00f3n, de las medias tintas se ha acabado, estamos entrando en el [&hellip;]<\/p>\n","protected":false},"author":26,"featured_media":0,"comment_status":"open","ping_status":"closed","sticky":false,"template":"","format":"standard","meta":[],"categories":[5,6,8,14],"tags":[122,187,231,437,538],"_links":{"self":[{"href":"https:\/\/blogs.laverdad.es\/faro\/wp-json\/wp\/v2\/posts\/234"}],"collection":[{"href":"https:\/\/blogs.laverdad.es\/faro\/wp-json\/wp\/v2\/posts"}],"about":[{"href":"https:\/\/blogs.laverdad.es\/faro\/wp-json\/wp\/v2\/types\/post"}],"author":[{"embeddable":true,"href":"https:\/\/blogs.laverdad.es\/faro\/wp-json\/wp\/v2\/users\/26"}],"replies":[{"embeddable":true,"href":"https:\/\/blogs.laverdad.es\/faro\/wp-json\/wp\/v2\/comments?post=234"}],"version-history":[{"count":0,"href":"https:\/\/blogs.laverdad.es\/faro\/wp-json\/wp\/v2\/posts\/234\/revisions"}],"wp:attachment":[{"href":"https:\/\/blogs.laverdad.es\/faro\/wp-json\/wp\/v2\/media?parent=234"}],"wp:term":[{"taxonomy":"category","embeddable":true,"href":"https:\/\/blogs.laverdad.es\/faro\/wp-json\/wp\/v2\/categories?post=234"},{"taxonomy":"post_tag","embeddable":true,"href":"https:\/\/blogs.laverdad.es\/faro\/wp-json\/wp\/v2\/tags?post=234"}],"curies":[{"name":"wp","href":"https:\/\/api.w.org\/{rel}","templated":true}]}}