{"id":24,"date":"2013-08-28T12:14:33","date_gmt":"2013-08-28T10:14:33","guid":{"rendered":"http:\/\/blogs.laverdad.es\/faro\/?p=24"},"modified":"2013-08-28T12:14:33","modified_gmt":"2013-08-28T10:14:33","slug":"el-barbero-de-murcia","status":"publish","type":"post","link":"https:\/\/blogs.laverdad.es\/faro\/2013\/08\/28\/el-barbero-de-murcia\/","title":{"rendered":"El barbero de &#8230; Murcia"},"content":{"rendered":"<p align=\"center\"><em>Activismo innovador<\/em><\/p>\n<p>Como he escrito anteriormente,\u00a0uno de los retos que me plante\u00e9 al escribir este blog era el de contribuir a difundir la cultura de la innovaci\u00f3n precisamente \u00a0en los entornos\u00a0 menos proclives, por causas distintas,\u00a0 a abrazar este nuevo paradigma:\u00a0<strong>pymes, micropymes y servicios p\u00fablicos<\/strong>.<\/p>\n<p>Y decid\u00ed convertirme en un <strong><a href=\"http:\/\/blog.consultorartesano.com\/2009\/01\/condiciones-para-innovar-y-pensamiento-de-diseno.html\">activista de la innovaci\u00f3n<\/a><\/strong> por dos razones fundamentales. La primera de ellas es porque las publicaciones \u00a0de los expertos en estas\u00a0 \u00a0materias se suelen basar \u00a0en casos de \u00e9xito de grandes corporaciones privadas. La segunda raz\u00f3n es porque estoy convencido de que\u00a0<strong>si ponemos el foco en los sectores m\u00e1s reacios a la innovaci\u00f3n<\/strong>\u00a0se puede facilitar en gran manera la generalizaci\u00f3n de la mentalidad de la innovaci\u00f3n continua tanto en estos \u00e1mbitos como en el resto de sectores.<\/p>\n<p align=\"center\"><em>Innovaci\u00f3n p\u00fablica<\/em><\/p>\n<p>En el caso de los\u00a0<strong><a href=\"https:\/\/euskadi.net\/r47-contbp2z\/es\/contenidos\/informacion\/opcion01_innovacion_publica\/es_qs_in_pu\/innovacion_publica.html\">servicios p\u00fablicos\u00a0<\/a><\/strong>se requiere, en mi opini\u00f3n, un ejercicio serio de\u00a0<strong>cuestionamiento<\/strong><strong>\u00a0<\/strong>de hechos y actuaciones que se aceptan como naturales e inmutables en este \u00e1mbito. Los continuos cambios que la sociedad est\u00e1 experimentando y los graves problemas de sostenibilidad \u00a0econ\u00f3mica que estamos sufriendo no se pueden afrontar \u00a0s\u00f3lo aplicando un poco de tecnolog\u00eda a los procesos administrativos o con recortes coyunturales en espera de que la crisis se supere.<\/p>\n<p>En definitiva, creo que la\u00a0<strong>sociedad de la innovaci\u00f3n continua<\/strong>\u00a0en la que estamos inmersos demanda reformas valientes, troncales, \u00a0del sector p\u00fablico que no se queden s\u00f3lo en las ramas y que se hagan escuchando al sector privado. Gobiernos como Dinamarca, con su proyecto transversal\u00a0<strong>\u201cGuerra a la burocracia<\/strong>\u201d\u00a0<em><a href=\"http:\/\/mind-lab.dk\/en\/\">(Red tape away)<\/a><\/em>, <em><a href=\"http:\/\/www.kafkabrigade.nl\/?hl=en_US\">Holanda<\/a><\/em> e <em><a href=\"http:\/\/www.kafkabrigade.org.uk\/\">Inglaterra<\/a>, <\/em>que comparten una iniciativa ciudadana antiburocr\u00e1tica, las Kafka brigades, apelan a que los gobiernos escuchen las sugerencias de los usuarios de los servicios p\u00fablicos para mejorarlos.<\/p>\n<p align=\"center\"><em>\u00bfY las micropymes qu\u00e9?<\/em><\/p>\n<p>Pasemos ahora al otro extremo. En el caso de las micropymes, como peluquer\u00edas, zapater\u00edas, florister\u00edas, peque\u00f1os comercios,\u2026 me preguntaba \u00bfc\u00f3mo pueden innovar? \u00a0Un dato: s\u00f3lo el\u00a0<strong>20% de las micropymes espa\u00f1olas<\/strong>\u00a0(empresas de menos de 10 empleados)\u00a0<strong>tienen p\u00e1gina web.<\/strong>\u00a0Y si no la tienen no es debido a su coste, que es muy asequible, sino porque <a href=\"http:\/\/www.innovaspain.com\/el-desconocimiento-enemigo-de-la-digitalizacion-de-pymes-y-micropymes\">no creen que sea de utilidad<\/a> para su negocio.<\/p>\n<p align=\"center\"><em>Mi \u201cbarbero\u201d<\/em><\/p>\n<p><a href=\"\/faro\/wp-content\/uploads\/sites\/25\/2013\/08\/El-barbero-de-Sevilla.jpg\"><img loading=\"lazy\" class=\"alignleft size-medium wp-image-103\" title=\"El-barbero-de-Sevilla\" src=\"\/faro\/wp-content\/uploads\/sites\/25\/2013\/08\/El-barbero-de-Sevilla.jpg\" alt=\"\" width=\"300\" height=\"169\" srcset=\"https:\/\/static-blogs.laverdad.es\/wp-content\/uploads\/sites\/25\/2013\/08\/El-barbero-de-Sevilla.jpg 601w, https:\/\/static-blogs.laverdad.es\/wp-content\/uploads\/sites\/25\/2013\/08\/El-barbero-de-Sevilla-300x170.jpg 300w\" sizes=\"(max-width: 300px) 100vw, 300px\" \/><\/a>\u00a0Ayer, precisamente, fui a cortarme el pelo, y mi peluquero\u00a0se me quejaba amargamente \u00a0de que hab\u00eda sido objeto de una\u00a0 sanci\u00f3n administrativa motivada por un peque\u00f1o error \u00a0involuntario y que esto le causaba un gran quebranto econ\u00f3mico. Espero que tenga \u00a0suerte en sus alegaciones porque es un buen profesional y un empresario modesto pero \u00a0serio y responsable que est\u00e1 intentando capear la crisis de la mejor manera posible, como \u00a0otros muchos.<\/p>\n<p>Al llegar a casa, y comentar el caso, mi mujer me pregunt\u00f3 si me ocurr\u00eda alguna forma de \u00a0ayudarle. Yo le dije que no era un experto en temas legislativos y mucho menos en tratamientos capilares, pero me qued\u00e9 con el \u201creto\u201d: \u00bfser\u00eda yo capaz de aportarle a mi peluquero alguna idea que supusiera un <a href=\"http:\/\/www.emprendedores.es\/gestion\/como-ser-un-negocio-disruptivo\">cambio disruptivo<\/a>\u00a0 en su negocio tradicional?<\/p>\n<p>Una vez m\u00e1s, San Google hizo milagros.\u00a0<strong><a href=\"http:\/\/www.abc.es\/viajar\/20121102\/abci-peluqueria-ofrece-copas-musica-201211021316.html\">El\u00a0barbero de Sevilla<\/a><\/strong><em>,<\/em><em>\u00a0<\/em>ha pasado de ser una peluquer\u00eda al uso a un espacio de ocio confortable, con zona wifi, tablets, espacios de recreo infantil,\u2026en\u00a0<strong>constante evoluci\u00f3n<\/strong>\u00a0(me encanta este t\u00e9rmino), con presencia en <a href=\"http:\/\/www.facebook.com\/espaciodeocioytendencias2\">facebook<\/a> incluida.<\/p>\n<p>Como recoge ABC \u201c<em>&#8216;Una peluquer\u00eda sevillana abre de noche con m\u00fasica y copas. Ahora es posible arreglarse el pelo a las doce de la noche a la vez que disfrutas de una sesi\u00f3n de m\u00fasica y bebes una copa<\/em>.\u00a0<em>Si eres de los que no te arreglas porque cuando sales de trabajar ya no hay nada abierto, ahora est\u00e1s de suerte (&#8230;) la peluquer\u00eda \u00abEl barbero de Sevilla\u00bb, \u2013en la capital andaluza\u2013 abre todos los jueves hasta las doce de la noche para que clientes con horarios dif\u00edciles de compaginar puedan tambi\u00e9n ponerse guapos. Y, al mismo, tomarse una cerveza, escuchar m\u00fasica&#8230; Los clientes parecen estar encantados con esta iniciativa puesto que consideran que cada vez es \u00abun poquito m\u00e1s dif\u00edcil conciliar la vida laboral con el resto de cosas\u201d<\/em><\/p>\n<p>Tener las\u00a0<strong>antenas desplegadas<\/strong>\u00a0para hacer un uso inteligente y adaptado de actuaciones de otros que se pueden aplicar a nuestro negocio. Romper con los esquemas r\u00edgidos espacio-temporales y de \u201ctradici\u00f3n de negocio\u201d (siempre se ha hecho as\u00ed\u201d) es otro de los consejos que se podr\u00eda dar a las micropymes en general, y a mi peluquero en particular, a ver si se anima a convertirse \u00a0en el primer\u00a0<strong>\u201cbarbero de Murcia\u201d<\/strong><strong>, <\/strong>con permiso de las se\u00f1oras que atiende.<\/p>\n<p>&nbsp;<\/p>\n","protected":false},"excerpt":{"rendered":"<p>Activismo innovador Como he escrito anteriormente,\u00a0uno de los retos que me plante\u00e9 al escribir este blog era el de contribuir a difundir la cultura de la innovaci\u00f3n precisamente \u00a0en los entornos\u00a0 menos proclives, por causas distintas,\u00a0 a abrazar este nuevo paradigma:\u00a0pymes, micropymes y servicios p\u00fablicos. Y decid\u00ed convertirme en un activista de la innovaci\u00f3n por [&hellip;]<\/p>\n","protected":false},"author":26,"featured_media":0,"comment_status":"open","ping_status":"closed","sticky":false,"template":"","format":"standard","meta":[],"categories":[8,12],"tags":[74,258,288,295,367,448,475],"_links":{"self":[{"href":"https:\/\/blogs.laverdad.es\/faro\/wp-json\/wp\/v2\/posts\/24"}],"collection":[{"href":"https:\/\/blogs.laverdad.es\/faro\/wp-json\/wp\/v2\/posts"}],"about":[{"href":"https:\/\/blogs.laverdad.es\/faro\/wp-json\/wp\/v2\/types\/post"}],"author":[{"embeddable":true,"href":"https:\/\/blogs.laverdad.es\/faro\/wp-json\/wp\/v2\/users\/26"}],"replies":[{"embeddable":true,"href":"https:\/\/blogs.laverdad.es\/faro\/wp-json\/wp\/v2\/comments?post=24"}],"version-history":[{"count":0,"href":"https:\/\/blogs.laverdad.es\/faro\/wp-json\/wp\/v2\/posts\/24\/revisions"}],"wp:attachment":[{"href":"https:\/\/blogs.laverdad.es\/faro\/wp-json\/wp\/v2\/media?parent=24"}],"wp:term":[{"taxonomy":"category","embeddable":true,"href":"https:\/\/blogs.laverdad.es\/faro\/wp-json\/wp\/v2\/categories?post=24"},{"taxonomy":"post_tag","embeddable":true,"href":"https:\/\/blogs.laverdad.es\/faro\/wp-json\/wp\/v2\/tags?post=24"}],"curies":[{"name":"wp","href":"https:\/\/api.w.org\/{rel}","templated":true}]}}