{"id":247,"date":"2015-07-21T20:02:30","date_gmt":"2015-07-21T18:02:30","guid":{"rendered":"http:\/\/blogs.laverdad.es\/faro\/?p=247"},"modified":"2015-07-21T20:02:30","modified_gmt":"2015-07-21T18:02:30","slug":"vivir-en-clave-de-blog-60-60-10","status":"publish","type":"post","link":"https:\/\/blogs.laverdad.es\/faro\/2015\/07\/21\/vivir-en-clave-de-blog-60-60-10\/","title":{"rendered":"Vivir en clave de blog: 60-60-10"},"content":{"rendered":"<p>Hasta hace poco \u00a0se consideraba que el ideal femenino de belleza\u00a0 ten\u00eda que ajustarse a las medidas 90-60-90. Pues bien, la <strong><a href=\"http:\/\/www.cromos.com.co\/actualidad\/kelly-brooks-la-mujer-con-las-medidas-perfectas-segun-cientificos-15605\">Universidad de Texas<\/a><\/strong> acaba de establecer como cient\u00edficamente perfectos\u00a0 los arm\u00f3nicos 99-63-91 de la actriz inglesa Kelly Brooks, lo que no deja de suponer una innovaci\u00f3n disruptiva que puede desencadenar efectos de un alcance a\u00fan por determinar en el mundo de la moda.<\/p>\n<p><a href=\"\/faro\/wp-content\/uploads\/sites\/25\/2015\/07\/kelly-brooks5.jpg\"><img loading=\"lazy\" class=\"alignleft size-thumbnail wp-image-253\" title=\"U263921\" src=\"\/faro\/wp-content\/uploads\/sites\/25\/2015\/07\/kelly-brooks5.jpg\" alt=\"\" width=\"150\" height=\"150\" \/><\/a>Valga esta digresi\u00f3n veraniega para introducir el post de hoy sobre mi actividad como bloguero. El 60-60-10, que ha generado la asociaci\u00f3n de ideas del p\u00e1rrafo anterior, no tiene nada que ver, obviamente con medidas antropom\u00e9tricas ideales ni con la belleza ni con la moda. Es una ocurrencia justificada por las siguientes razones:<\/p>\n<ul>\n<li>Mi flamante condici\u00f3n de sexagenario (\u00a1qu\u00e9 mal suena escrito as\u00ed\u00a1),<\/li>\n<li>Porque \u00e9sta es la entrada n\u00famero 60 de este blog, que cumple ahora 2 a\u00f1os.<\/li>\n<li>Porque hace unos d\u00edas publiqu\u00e9 la d\u00e9cima entrada de <strong><a href=\"http:\/\/in4u.euroresidentes.com\/\">otro blog<\/a><\/strong> que comenc\u00e9 a escribir hace unos meses.<\/li>\n<\/ul>\n<p>&nbsp;<\/p>\n<p>Aunque modesto en cifras de audiencia, en total acumulo ya m\u00e1s de 5 a\u00f1os como bloguero, \u00a0desde que debutara con el <strong><a href=\"http:\/\/servicios.educarm.es\/admin\/visualizaPaginaWeb.php?wb=1484&#038;mode=visualizaPaginaWeb&#038;aplicacion=EXPERIENCIAS&#038;zona=EDUCARM\">Proyecto COMPAH<\/a> <\/strong>(pinchar en el enlace para ver v\u00eddeo explicativo) \u00a0una iniciativa piloto que pretend\u00eda reforzar el papel de las familias en la mejora del rendimiento educativo de sus hijos utilizando recursos de la web 2.0.<\/p>\n<p><iframe loading=\"lazy\" src=\"https:\/\/www.youtube.com\/embed\/fwftO8wwp74\" frameborder=\"0\" width=\"560\" height=\"315\"><\/iframe><\/p>\n<div id=\"attachment_256\" style=\"width: 310px\" class=\"wp-caption aligncenter\"><a href=\"\/faro\/wp-content\/uploads\/sites\/25\/2015\/07\/COMPAH_fotog_012.jpg\"><img aria-describedby=\"caption-attachment-256\" loading=\"lazy\" class=\"size-medium wp-image-256\" title=\"COMPAH_fotog_01\" src=\"\/faro\/wp-content\/uploads\/sites\/25\/2015\/07\/COMPAH_fotog_012.jpg\" alt=\"\" width=\"300\" height=\"199\" srcset=\"https:\/\/static-blogs.laverdad.es\/wp-content\/uploads\/sites\/25\/2015\/07\/COMPAH_fotog_012.jpg 1024w, https:\/\/static-blogs.laverdad.es\/wp-content\/uploads\/sites\/25\/2015\/07\/COMPAH_fotog_012-300x199.jpg 300w, https:\/\/static-blogs.laverdad.es\/wp-content\/uploads\/sites\/25\/2015\/07\/COMPAH_fotog_012-768x510.jpg 768w\" sizes=\"(max-width: 300px) 100vw, 300px\" \/><\/a><p id=\"caption-attachment-256\" class=\"wp-caption-text\">Padres COMPAH<\/p><\/div>\n<p>Fue una experiencia muy bonita de la que guardo un recuerdo imborrable.\u00a0 La desarroll\u00e9 durante 3 cursos seguidos en mi \u00faltima etapa docente, y tuvo una buena acogida entre padres y alumnos. Publiqu\u00e9 <strong><a href=\"http:\/\/proyectocompah.blogspot.com.es\/\">120 posts<\/a><\/strong>, aparte de crear 3 <strong><a href=\"https:\/\/sites.google.com\/site\/juanjoriosp\/\">sites<\/a> <\/strong>complementarios en los que me relacionaba con mis alumnos, llegando incluso a atreverme a darles orientaciones en verso de cara a un examen:<\/p>\n<p align=\"center\"><em>Con par\u00e1metros, polin\u00f3micas funciones<\/em><\/p>\n<p align=\"center\"><em>sabiendo extremos y puntos de inflexi\u00f3n,<\/em><\/p>\n<p align=\"center\"><em>hay que derivar en dos ocasiones<\/em><\/p>\n<p align=\"center\"><em>poniendo mucha atenci\u00f3n.<\/em><\/p>\n<p align=\"center\"><em>problemas de optimizaci\u00f3n<\/em><\/p>\n<p align=\"center\"><em>relativos a figuras,<\/em><\/p>\n<p align=\"center\"><em>tri\u00e1ngulos, \u00e1reas y rectas<\/em><\/p>\n<p align=\"center\"><em>no os qued\u00e9is a oscuras<\/em><\/p>\n<p align=\"center\"><em>tras estas orientaciones directas.<\/em><\/p>\n<p align=\"center\"><em>Estudio y gr\u00e1fica de una funci\u00f3n,<\/em><\/p>\n<p align=\"center\"><em>monoton\u00eda y curvatura,<\/em><\/p>\n<p align=\"center\"><em>extremos y puntos de inflexi\u00f3n<\/em><\/p>\n<p align=\"center\"><em>con alguna as\u00edntota, su regionamiento &#8230;<\/em><\/p>\n<p align=\"center\"><em>si digo que es racional<\/em><\/p>\n<p align=\"center\"><em>puede parecer que miento,<\/em><\/p>\n<p align=\"center\"><em>lo mismo que si digo radical,<\/em><\/p>\n<p align=\"center\"><em>mira que si es exponencial,&#8230;<\/em><\/p>\n<p align=\"center\"><em>no lo puedo decir, &#8230; lo siento.<\/em><\/p>\n<p>\u00a0Mantener un blog es una actividad interesante y motivadora pero no exenta de <strong>estr\u00e9s<\/strong>. \u00a0Tener dos bit\u00e1coras activas simult\u00e1neamente puede suponer el doble de inter\u00e9s y de motivaci\u00f3n (no lo he calculado exactamente) pero mi percepci\u00f3n es que es, al menos, el cuadrado de estresante.<\/p>\n<p><strong>Vivir en clave de blog<\/strong> significa estar permanentemente con las antenas desplegadas, en continua actitud de vigilancia de todo cuanto se publica en torno al t\u00f3pico en cuesti\u00f3n. Implica establecer alertas, suscribirte a innumerables sitios web para intentar estar al tanto de las \u00faltimas novedades y tendencias.<\/p>\n<p>Supone procesar toda esa informaci\u00f3n para intentar digerirla y <strong>hacerla accesible<\/strong> a tus posibles lectores con una cierta periodicidad que uno mismo se impone. Seleccionar los temas a tratar,\u00a0 intentando interesar al mayor n\u00famero de seguidores, en los posts m\u00e1s divulgativos, o dirigiendo mensajes de inter\u00e9s a un p\u00fablico m\u00e1s especializado, pero intentando ser siempre claro, ameno, conciso, dentro de un estilo propio.<\/p>\n<p>Y todo esto sin ser un escritor profesional. <strong>Menudo reto<\/strong>.<\/p>\n<p>Vivir en clave de blog es una experiencia apasionante que act\u00faa como v\u00e1lvula de escape de inquietudes o ideas que uno desea compartir, en la que, al mismo tiempo, \u00a0tienes la <strong>oportunidad de aprende<\/strong>r y de establecer relaciones con los m\u00e1ximos especialistas de la materia en cuesti\u00f3n, dada la accesibilidad con la que nos solemos mover todos los que pululamos por la blogosfera.<\/p>\n<div id=\"attachment_257\" style=\"width: 310px\" class=\"wp-caption alignleft\"><a href=\"\/faro\/wp-content\/uploads\/sites\/25\/2015\/07\/stress.gif\"><img aria-describedby=\"caption-attachment-257\" loading=\"lazy\" class=\"size-medium wp-image-257\" title=\"stress\" src=\"\/faro\/wp-content\/uploads\/sites\/25\/2015\/07\/stress.gif\" alt=\"\" width=\"300\" height=\"215\" \/><\/a><p id=\"caption-attachment-257\" class=\"wp-caption-text\">https:\/\/www.pinterest.com\/debhinrich\/stressed-out\/<\/p><\/div>\n<p>Pero\u00a0 tambi\u00e9n, como dije al principio, requiere mucho esfuerzo personal, robando tiempo a la familia y al descanso.\u00a0 Es una especie de dogal voluntario, que exige grandes dosis de constancia e impone una <strong>disciplina tensionante<\/strong>. \u00a0Los \u00a0momentos espor\u00e1dicos de liberaci\u00f3n duran apenas unas horas desde que publicas un post hasta que empiezas a pensar en el siguiente.<\/p>\n<p>Con respecto a este blog, la<strong> \u201ci de\u00a0 innovaci\u00f3n\u201d<\/strong>, a la hora de hacer balance de estos 2 a\u00f1os transcurridos, dir\u00e9, a modo de resumen r\u00e1pido, \u00a0que los post han incidido especialmente en \u00edtems como:<\/p>\n<ul>\n<li>El <strong>ADN del innovado<\/strong>r, resaltando las caracter\u00edsticas y habilidades inherentes a las personas innovadoras.<\/li>\n<li>Innovaci\u00f3n p\u00fablica y<strong> transformaci\u00f3n de la Administraci\u00f3n<\/strong>. Sostenibilidad de los sistemas sanitarios.<\/li>\n<li>Big Data, <strong>Open Data<\/strong>, Small Data, apps<\/li>\n<li><strong>Negocios innovadores<\/strong>. Econom\u00eda azul o circular<\/li>\n<li><strong><a href=\"http:\/\/in4u.euroresidentes.com\/2015\/01\/impresion-4d.html\">Impresi\u00f3n 4D<\/a><\/strong><\/li>\n<\/ul>\n<div>Nada me agradar\u00eda m\u00e1s que haberle servido de inspiraci\u00f3n a alguien.<\/div>\n","protected":false},"excerpt":{"rendered":"<p>Hasta hace poco \u00a0se consideraba que el ideal femenino de belleza\u00a0 ten\u00eda que ajustarse a las medidas 90-60-90. Pues bien, la Universidad de Texas acaba de establecer como cient\u00edficamente perfectos\u00a0 los arm\u00f3nicos 99-63-91 de la actriz inglesa Kelly Brooks, lo que no deja de suponer una innovaci\u00f3n disruptiva que puede desencadenar efectos de un alcance [&hellip;]<\/p>\n","protected":false},"author":26,"featured_media":0,"comment_status":"open","ping_status":"closed","sticky":false,"template":"","format":"standard","meta":[],"categories":[19,3,6],"tags":[123,225,278,296,332,441,493,496],"_links":{"self":[{"href":"https:\/\/blogs.laverdad.es\/faro\/wp-json\/wp\/v2\/posts\/247"}],"collection":[{"href":"https:\/\/blogs.laverdad.es\/faro\/wp-json\/wp\/v2\/posts"}],"about":[{"href":"https:\/\/blogs.laverdad.es\/faro\/wp-json\/wp\/v2\/types\/post"}],"author":[{"embeddable":true,"href":"https:\/\/blogs.laverdad.es\/faro\/wp-json\/wp\/v2\/users\/26"}],"replies":[{"embeddable":true,"href":"https:\/\/blogs.laverdad.es\/faro\/wp-json\/wp\/v2\/comments?post=247"}],"version-history":[{"count":0,"href":"https:\/\/blogs.laverdad.es\/faro\/wp-json\/wp\/v2\/posts\/247\/revisions"}],"wp:attachment":[{"href":"https:\/\/blogs.laverdad.es\/faro\/wp-json\/wp\/v2\/media?parent=247"}],"wp:term":[{"taxonomy":"category","embeddable":true,"href":"https:\/\/blogs.laverdad.es\/faro\/wp-json\/wp\/v2\/categories?post=247"},{"taxonomy":"post_tag","embeddable":true,"href":"https:\/\/blogs.laverdad.es\/faro\/wp-json\/wp\/v2\/tags?post=247"}],"curies":[{"name":"wp","href":"https:\/\/api.w.org\/{rel}","templated":true}]}}