{"id":273,"date":"2015-09-21T03:35:00","date_gmt":"2015-09-21T01:35:00","guid":{"rendered":"http:\/\/blogs.laverdad.es\/faro\/?p=273"},"modified":"2015-09-21T03:35:00","modified_gmt":"2015-09-21T01:35:00","slug":"sin-ilusion-no-se-puede-innovar","status":"publish","type":"post","link":"https:\/\/blogs.laverdad.es\/faro\/2015\/09\/21\/sin-ilusion-no-se-puede-innovar\/","title":{"rendered":"Sin ilusi\u00f3n no se puede innovar"},"content":{"rendered":"<p>La encuesta Gallup 2013, de \u00e1mbito mundial, sobre <strong><a href=\"http:\/\/www.gallup.com\/poll\/165269\/worldwide-employees-engaged-work.aspx\">\u201cCompromiso en el puesto de trabajo\u201d<\/a><\/strong> arroja unos resultados sorprendentes: \u00a1s\u00f3lo el 13% de los trabajadores est\u00e1 comprometido con su empresa\u00a1 Un 63% \u00a0de ellos se limitan a cumplir aseadamente, como se suele decir, y un llamativo 24% no s\u00f3lo est\u00e1n descontentos con su trabajo sino que adem\u00e1s \u00a0transmiten su negatividad entre los clientes y entre los propios compa\u00f1eros.<\/p>\n<p><a href=\"\/faro\/wp-content\/uploads\/sites\/25\/2015\/09\/gallup.png\"><img loading=\"lazy\" class=\"alignleft size-full wp-image-274\" title=\"gallup\" src=\"\/faro\/wp-content\/uploads\/sites\/25\/2015\/09\/gallup.png\" alt=\"\" width=\"374\" height=\"213\" srcset=\"https:\/\/static-blogs.laverdad.es\/wp-content\/uploads\/sites\/25\/2015\/09\/gallup.png 374w, https:\/\/static-blogs.laverdad.es\/wp-content\/uploads\/sites\/25\/2015\/09\/gallup-300x171.png 300w\" sizes=\"(max-width: 374px) 100vw, 374px\" \/><\/a><\/p>\n<p align=\"center\">En cifras absolutas, cuantificadas con los datos recogidos en 142 pa\u00edses, unos 180 millones de empleados se implican emocionalmente con su empresa, aplicando pasi\u00f3n y entusiasmo en su trabajo diario. Aproximadamente 900 millones de trabajadores no se sienten motivados y no se esfuerzan m\u00e1s de lo estrictamente necesario. Y nada m\u00e1s y nada menos que <strong>340 millones son improductivos<\/strong> cuando no propagadores activos de su insatisfacci\u00f3n.<\/p>\n<p>\u00a0Esta falta tan generalizada de compromiso en el puesto de trabajo <strong>afecta negativamente <\/strong>a la imagen de la empresa y a su valoraci\u00f3n por parte de los clientes. Genera absentismo y otras incidencias laborales, como robos y mala praxis. Repercute en la calidad de los productos y servicios, en la productividad de los empleados y obviamente en el volumen de negocio y la rentabilidad final de las organizaciones, que se resienten de forma importante.<\/p>\n<p>En un post reciente (<strong><a href=\"http:\/\/in4u.euroresidentes.com\/2015\/09\/el-cancer-de-los-innovadores.html\">El c\u00e1ncer de los emprendedores<\/a><\/strong>) \u00a0me hac\u00eda eco de la f\u00f3rmula de de K\u00fcppers, de la val\u00eda profesional de un trabajador: \u00a0<strong>V=(C+H)xA<\/strong>, siendo C= Conocimientos, H= Habilidades y A=Actitud. Resulta dif\u00edcil asumir que la actitud de 340 millones de empleados es nula, por las razones que sean, y por ende, su aportaci\u00f3n a las organizaciones es cero cuando no claramente negativa. \u00a0S\u00f3lo en Estados Unidos se han estimado <strong>p\u00e9rdidas anuales de unos 500.000 millones de d\u00f3lares<\/strong> por esta causa. Un asunto que merece toda la atenci\u00f3n, sin duda.<\/p>\n<p>Sin embargo, muchas empresas parecen ignorar estos datos as\u00ed como los resultados de otros estudios que estiman que s\u00f3lo un 10% del aumento de la <strong>motivaci\u00f3n e ilusi\u00f3n en el trabajo<\/strong> por parte de sus empleados puede reportarles un incremento de hasta el 40%\u00a0 en los beneficios.<\/p>\n<p><a href=\"\/faro\/wp-content\/uploads\/sites\/25\/2015\/09\/motivacion.png\"><img loading=\"lazy\" class=\"alignleft size-medium wp-image-275\" title=\"motivacion\" src=\"\/faro\/wp-content\/uploads\/sites\/25\/2015\/09\/motivacion.png\" alt=\"\" width=\"300\" height=\"201\" srcset=\"https:\/\/static-blogs.laverdad.es\/wp-content\/uploads\/sites\/25\/2015\/09\/motivacion.png 1000w, https:\/\/static-blogs.laverdad.es\/wp-content\/uploads\/sites\/25\/2015\/09\/motivacion-300x201.png 300w, https:\/\/static-blogs.laverdad.es\/wp-content\/uploads\/sites\/25\/2015\/09\/motivacion-768x515.png 768w\" sizes=\"(max-width: 300px) 100vw, 300px\" \/><\/a><\/p>\n<p>La <strong>calidad del empleo<\/strong>, como requisito b\u00e1sico para aprovechar el potencial innovador de los trabajadores es un factor quiz\u00e1 no suficientemente valorado todav\u00eda por muchos directivos. Dada la relaci\u00f3n directa existente entre <strong>compromiso e innovaci\u00f3n<\/strong>, s\u00f3lo del 13% de empleados, de los motivados, seg\u00fan Gallup, \u00a0cabe esperar un impulso \u00a0innovador propio o \u00a0la necesaria receptividad ante las pol\u00edticas innovadoras de la empresa.<\/p>\n<p>El compromiso y la motivaci\u00f3n no aparecen por generaci\u00f3n espont\u00e1nea en las organizaciones. Se requiere un esfuerzo bidireccional en el que las empresas deben dar el primer paso, creando el entorno adecuado, como nos dice <strong><a href=\"http:\/\/www.pilarjerico.com\/\">Pilar Jeric\u00f3<\/a><\/strong> en el v\u00eddeo adjunto, pero los trabajadores deben responder con la debida actitud y profesionalidad. Bidireccionalidad en la que tambi\u00e9n abunda la Comisi\u00f3n Nacional para la Racionalizaci\u00f3n de los Horarios Espa\u00f1oles (Arhoe), con sus <strong><a href=\"http:\/\/www.europapress.es\/economia\/noticia-dia-trabajador-10-consejos-rendir-mas-trabajo-20150501092107.html\">10 consejos para rendir m\u00e1s en el trabajo<\/a><\/strong>.<\/p>\n<p>&nbsp;<\/p>\n<p><iframe loading=\"lazy\" src=\"https:\/\/www.youtube.com\/embed\/nXh-YU-Nr8s?list=PLq2yMpOAy8pxHzIMWmZKT-LxML6ufWifL\" frameborder=\"0\" width=\"560\" height=\"315\"><\/iframe><\/p>\n<p>Algunos de los \u00edtems que recab\u00f3 Gallup para realizar su macroencuesta, entre trabajadores de compa\u00f1\u00edas de los 5 continentes, se\u00f1alan los puntos que pueden servir de orientaci\u00f3n a los l\u00edderes empresariales para mejorar ese escu\u00e1lido porcentaje del 13% \u00a0de trabajadores motivados:<\/p>\n<ul>\n<li><em>S\u00e9 perfectamente lo que se espera de m\u00ed <\/em><\/li>\n<li><em>La empresa pone a mi disposici\u00f3n todos los recursos que necesito<\/em><\/li>\n<li><em>Desarrollo el trabajo que m\u00e1s se ajusta a mis fortalezas<\/em><\/li>\n<li><em>Me siento importante: se me valora y reconoce mi aportaci\u00f3n a la empresa<\/em><\/li>\n<li><em>Se tienen en cuenta mis opiniones e ideas<\/em><\/li>\n<li><em>Se promueve mi carrera profesional<\/em><\/li>\n<li><em>\u00a0Observo compromiso tambi\u00e9n entre mis compa\u00f1eros<\/em><\/li>\n<li><em>El ambiente laboral es bueno <\/em><\/li>\n<li><em>Tengo oportunidad de aprender y de crecer profesionalmente<\/em><\/li>\n<\/ul>\n<p>Dando por supuesto que las condiciones salariales son justas y dignas, el dinero no parece ser un elemento crucial para estimular el compromiso laboral. Raz\u00f3n de m\u00e1s para aplicarse en la tarea.<\/p>\n<p>A ver si <em>\u201cdel trato surge el compromiso mutuo\u201d,<\/em> como cantaba <strong>Antonio Mach\u00edn<\/strong>, uno de los artistas preferidos de mi madre, que seguro gusta tambi\u00e9n a otros nost\u00e1lgicos, como yo mismo, y cuya canci\u00f3n &#8220;Un compromiso&#8221; me permito adjuntar.<br \/>\n<iframe loading=\"lazy\" src=\"https:\/\/www.youtube.com\/embed\/BwFmrTBkShQ\" frameborder=\"0\" width=\"420\" height=\"315\"><\/iframe><\/p>\n","protected":false},"excerpt":{"rendered":"<p>La encuesta Gallup 2013, de \u00e1mbito mundial, sobre \u201cCompromiso en el puesto de trabajo\u201d arroja unos resultados sorprendentes: \u00a1s\u00f3lo el 13% de los trabajadores est\u00e1 comprometido con su empresa\u00a1 Un 63% \u00a0de ellos se limitan a cumplir aseadamente, como se suele decir, y un llamativo 24% no s\u00f3lo est\u00e1n descontentos con su trabajo sino que [&hellip;]<\/p>\n","protected":false},"author":26,"featured_media":0,"comment_status":"open","ping_status":"closed","sticky":false,"template":"","format":"standard","meta":[],"categories":[19,3,18],"tags":[125,202,272,374,420],"_links":{"self":[{"href":"https:\/\/blogs.laverdad.es\/faro\/wp-json\/wp\/v2\/posts\/273"}],"collection":[{"href":"https:\/\/blogs.laverdad.es\/faro\/wp-json\/wp\/v2\/posts"}],"about":[{"href":"https:\/\/blogs.laverdad.es\/faro\/wp-json\/wp\/v2\/types\/post"}],"author":[{"embeddable":true,"href":"https:\/\/blogs.laverdad.es\/faro\/wp-json\/wp\/v2\/users\/26"}],"replies":[{"embeddable":true,"href":"https:\/\/blogs.laverdad.es\/faro\/wp-json\/wp\/v2\/comments?post=273"}],"version-history":[{"count":0,"href":"https:\/\/blogs.laverdad.es\/faro\/wp-json\/wp\/v2\/posts\/273\/revisions"}],"wp:attachment":[{"href":"https:\/\/blogs.laverdad.es\/faro\/wp-json\/wp\/v2\/media?parent=273"}],"wp:term":[{"taxonomy":"category","embeddable":true,"href":"https:\/\/blogs.laverdad.es\/faro\/wp-json\/wp\/v2\/categories?post=273"},{"taxonomy":"post_tag","embeddable":true,"href":"https:\/\/blogs.laverdad.es\/faro\/wp-json\/wp\/v2\/tags?post=273"}],"curies":[{"name":"wp","href":"https:\/\/api.w.org\/{rel}","templated":true}]}}