{"id":28,"date":"2013-09-12T20:15:09","date_gmt":"2013-09-12T18:15:09","guid":{"rendered":"http:\/\/blogs.laverdad.es\/faro\/?p=28"},"modified":"2013-09-12T20:15:09","modified_gmt":"2013-09-12T18:15:09","slug":"zapaterias-innovadoras-siempre-a-sus-pies","status":"publish","type":"post","link":"https:\/\/blogs.laverdad.es\/faro\/2013\/09\/12\/zapaterias-innovadoras-siempre-a-sus-pies\/","title":{"rendered":"Zapater\u00edas innovadoras: siempre a sus pies"},"content":{"rendered":"<p>A mis 58 a\u00f1os busco en el calzado<strong>\u00a0confortabilidad y buena relaci\u00f3n calidad\/precio<\/strong>, por ese orden. Como soy muy cl\u00e1sico para vestir (reconozco que en este aspecto no soy nada innovador, pese a las presiones de mi mujer), no suelo ir a la moda y llevo siempre el mismo tipo de zapato, con cordoneras y sin ellas, y en s\u00f3lo tres colores: negro, granate y marr\u00f3n.<\/p>\n<p><a href=\"\/faro\/wp-content\/uploads\/sites\/25\/2013\/09\/zapateria-moderna.jpg\"><img loading=\"lazy\" class=\"alignleft size-medium wp-image-106\" title=\"zapateria moderna\" src=\"\/faro\/wp-content\/uploads\/sites\/25\/2013\/09\/zapateria-moderna.jpg\" alt=\"\" width=\"300\" height=\"179\" srcset=\"https:\/\/static-blogs.laverdad.es\/wp-content\/uploads\/sites\/25\/2013\/09\/zapateria-moderna.jpg 679w, https:\/\/static-blogs.laverdad.es\/wp-content\/uploads\/sites\/25\/2013\/09\/zapateria-moderna-300x180.jpg 300w\" sizes=\"(max-width: 300px) 100vw, 300px\" \/><\/a><\/p>\n<p><strong>Las mujeres<\/strong>, y lo digo con conocimiento de causa porque convivo con tres,\u00a0suelen ser m\u00e1s sufridas en este aspecto y para ellas la moda es fundamental, sobre todo para las m\u00e1s j\u00f3venes, con sus enormes \u00a0plataformas y tacones alt\u00edsimos de punta fina que tienen que combinar con el vestido y el bolso. Mi mujer, que con frecuencia echa en el coche un par de repuesto cuando se pone zapatos de tac\u00f3n alto, podr\u00eda evitar esta precauci\u00f3n us\u00e1ndolos de \u00a0<strong><a href=\"http:\/\/www.nosinmiszapatos.com\/2011\/11\/zapatos-innovadores.HTML\">tac\u00f3n regulable\u00a0<\/a>.<\/strong><\/p>\n<p>Desde el punto de vista de un peque\u00f1o comercio, como puede ser una zapater\u00eda de barrio, me imagino que no resulta crucial, aunque s\u00ed interesante,\u00a0 conocer el estado del arte de un sector cada vez m\u00e1s tecnol\u00f3gico e innovador (y lo dice alguien como yo, que apenas lo conozco):\u00a0<strong><a href=\"http:\/\/www.youtube.com\/watch?v=vEJimS1oS0E\">plantillas inteligentes<\/a>, <a href=\"http:\/\/www.atractivas.es\/moda\/casual\/articulo\/crean-unos-zapatos-inteligentes-para-evitar-juanetes\">zapatos inteligentes,<\/a><\/strong>\u2026 la verdad es que sorprende ver con qu\u00e9 rapidez evoluciona todo y como se integran las diferentes tecnolog\u00edas (otro d\u00eda hablaremos del pavimento inteligente).<\/p>\n<p>Una <a href=\"http:\/\/www.juliocallejon.com\/juliocallejon.aspx\">zapater\u00eda innovadora<\/a> permite que se pueda descargar y recortar una <a href=\"http:\/\/www.juliocallejon.com\/plantilla.pdf\">plantilla<\/a> para conocer el n\u00famero exacto de pi\u00e9 que se gasta. <a href=\"http:\/\/www.ulanka.com\/\">Otro establecimiento <\/a>\u00a0que destacar\u00eda por su car\u00e1cter innovador realiza env\u00edos a casa y tiene un sistema de ayuda on line.<\/p>\n<p>Para finalizar, e intentando servir de ayuda, aunque sea modesta, para motivar la innovaci\u00f3n en las micropymes de este sector, me permito sugerir algunas ideas que pueden ser diferenciales:<\/p>\n<ol start=\"1\">\n<li><strong>Ser amable y comprensivo\u00a0<\/strong>con el cliente (esto siempre, aunque no seas innovador).<strong>\u00a0Ser \u00a0emp\u00e1tico:\u00a0<\/strong>ponerte en su piel, mejor dicho en sus pies.<\/li>\n<li><strong>\u00a0Tener nociones de la problem\u00e1tica de los pies:<\/strong>\u00a0juanetes, callos, pie de diab\u00e9tico\u2026 para poder asesorar mejor a los clientes<strong>.<\/strong><\/li>\n<li><strong>\u00a0Llegar a acuerdos comerciales de referencia mutua y vales descuento cruzados\u00a0<\/strong>con \u201cnegocios complementarios\u201d de tu zona o localidad; tiendas de ropa, de complementos, cl\u00ednicas del pie, \u00a0zapateros (arreglos), productos de limpieza del calzado, etc.<\/li>\n<li><strong>\u00a0Horario:\u00a0<\/strong>piensa en la gente que trabaja. Abre un d\u00eda hasta las 10 de la noche<strong>,\u2026<\/strong>ofertas especiales para desempleados<strong>\u00a0que lo acrediten y vayan a horas de poca afluencia de p\u00fablico\u2026<\/strong>\u00e9chale imaginaci\u00f3n para intentar adaptarte a las circunstancias de tus clientes.<\/li>\n<li><strong>Por supuesto usa el potencial de Internet\u00a0<\/strong>para tener un cat\u00e1logo web con fotos, blog, noticias, redes sociales,\u2026para estar en contacto con tus clientes de una forma diferenciada. La inversi\u00f3n econ\u00f3mica es muy reducida. Eso s\u00ed requiere tiempo y un poco de conocimiento de las herramientas 2.0, que son muy intuitivas por otra parte.<\/li>\n<\/ol>\n<p>La pr\u00f3xima semana hablaremos de &#8230;los\u00a0<strong><em>despachos inteligentes<\/em><\/strong><\/p>\n<p>&nbsp;<\/p>\n<p>&nbsp;<\/p>\n<div><\/div>\n","protected":false},"excerpt":{"rendered":"<p>A mis 58 a\u00f1os busco en el calzado\u00a0confortabilidad y buena relaci\u00f3n calidad\/precio, por ese orden. Como soy muy cl\u00e1sico para vestir (reconozco que en este aspecto no soy nada innovador, pese a las presiones de mi mujer), no suelo ir a la moda y llevo siempre el mismo tipo de zapato, con cordoneras y sin [&hellip;]<\/p>\n","protected":false},"author":26,"featured_media":0,"comment_status":"open","ping_status":"closed","sticky":false,"template":"","format":"standard","meta":[],"categories":[12],"tags":[288,367,426,556,557],"_links":{"self":[{"href":"https:\/\/blogs.laverdad.es\/faro\/wp-json\/wp\/v2\/posts\/28"}],"collection":[{"href":"https:\/\/blogs.laverdad.es\/faro\/wp-json\/wp\/v2\/posts"}],"about":[{"href":"https:\/\/blogs.laverdad.es\/faro\/wp-json\/wp\/v2\/types\/post"}],"author":[{"embeddable":true,"href":"https:\/\/blogs.laverdad.es\/faro\/wp-json\/wp\/v2\/users\/26"}],"replies":[{"embeddable":true,"href":"https:\/\/blogs.laverdad.es\/faro\/wp-json\/wp\/v2\/comments?post=28"}],"version-history":[{"count":0,"href":"https:\/\/blogs.laverdad.es\/faro\/wp-json\/wp\/v2\/posts\/28\/revisions"}],"wp:attachment":[{"href":"https:\/\/blogs.laverdad.es\/faro\/wp-json\/wp\/v2\/media?parent=28"}],"wp:term":[{"taxonomy":"category","embeddable":true,"href":"https:\/\/blogs.laverdad.es\/faro\/wp-json\/wp\/v2\/categories?post=28"},{"taxonomy":"post_tag","embeddable":true,"href":"https:\/\/blogs.laverdad.es\/faro\/wp-json\/wp\/v2\/tags?post=28"}],"curies":[{"name":"wp","href":"https:\/\/api.w.org\/{rel}","templated":true}]}}