{"id":292,"date":"2015-10-27T20:28:20","date_gmt":"2015-10-27T19:28:20","guid":{"rendered":"http:\/\/blogs.laverdad.es\/faro\/?p=292"},"modified":"2015-10-27T20:28:20","modified_gmt":"2015-10-27T19:28:20","slug":"internet-de-todas-las-cosas","status":"publish","type":"post","link":"https:\/\/blogs.laverdad.es\/faro\/2015\/10\/27\/internet-de-todas-las-cosas\/","title":{"rendered":"Internet de todas las cosas"},"content":{"rendered":"<p><strong><em>\u201cInternet es el tejido de nuestras vidas\u201d <\/em><\/strong><em>(Manuel Castells)<\/em><\/p>\n<p align=\"center\"><strong><em>Oc\u00e9ano de datos<\/em><\/strong><\/p>\n<p>Hasta ahora, la gran mayor\u00eda de los contenidos de Internet han sido generados por las personas en forma de textos, v\u00eddeos, fotos o aplicaciones.\u00a0 Sin embargo, dado el imparable desarrollo del <strong>Internet de las cosas <\/strong>que se vislumbra, dentro de poco lo extra\u00f1o ser\u00e1 encontrar alg\u00fan objeto o m\u00e1quina de cualquier tipo que no vierta datos a la red.<\/p>\n<p>En efecto, de aqu\u00ed a 5 a\u00f1os se prev\u00e9 que el n\u00famero de dispositivos conectados a Internet \u00a0crecer\u00e1 al impresionante ritmo de <strong>1 mill\u00f3n de equipos sensorizados por hora,<\/strong> generando un volumen de negocio de m\u00e1s de 2.5 millones de d\u00f3lares por minuto, a partir de 2016. Tambi\u00e9n se estima que en la pr\u00f3xima d\u00e9cada se van a necesitar m\u00e1s de 2 millones de expertos en Internet de las cosas.<\/p>\n<p>&nbsp;<\/p>\n<p><iframe loading=\"lazy\" src=\"https:\/\/www.youtube.com\/embed\/XxUGocjv8C4\" frameborder=\"0\" width=\"560\" height=\"315\"><\/iframe><br \/>\nNuestro futuro inminente se va a desenvolver, pues, en un <strong><a href=\"https:\/\/blogs.laverdad.es\/faro\/2015\/04\/09\/tus-datos-son-oro-protegelos\/\">oc\u00e9ano de datos<\/a><\/strong> interconectados, generando billones de nuevas relaciones \u00a0entre las que habr\u00e1 que bucear para extraer aqu\u00e9llas que aporten m\u00e1s valor para mejorar nuestra calidad de vida, para transformar los servicios p\u00fablicos, para hacer m\u00e1s sostenibles y eficientes nuestras ciudades (Smart cities) \u00a0y para fomentar el \u00a0crecimiento econ\u00f3mico.<\/p>\n<p align=\"center\"><strong><em>Big Data<\/em><\/strong><\/p>\n<p>Los datos son intr\u00ednsecamente <em>mudos. <\/em>Hay que saber qu\u00e9 hacer con ellos, \u00a0c\u00f3mo aprovechar el potencial de esos enormes conjuntos de datos, abordando los aspectos\u00a0 t\u00e9cnicos relativos al almacenamiento, al \u00a0tratamiento y a la seguridad de los mismos, as\u00ed como a la visualizaci\u00f3n de la informaci\u00f3n para que sea f\u00e1cilmente entendible por las personas que deben decidir. De esto trata, en esencia, el <strong>Big Data<\/strong>.<\/p>\n<p>El problema es que el hombre \u00a0tiene una capacidad limitada de analizar, de interpretar y de tomar decisiones inmediatas cuando las interrelaciones a tratar son continuas, numerosas y complejas. Si no hubiera automatizado sus procesos, \u00bfcu\u00e1ntos empleados deber\u00eda tener <strong>Amazon <\/strong>\u00a0analizando en tiempo real los datos de las compras de millones de usuarios para desencadenar manualmente acciones de publicitarias o de fidelizaci\u00f3n de clientes?<\/p>\n<p>Si esto est\u00e1 ocurriendo ya, con los datos generados fundamentalmente por las interacciones humanas, \u00bfqu\u00e9 dificultades cabe esperar de la eclosi\u00f3n del Internet de casi todas las cosas\u00a0 y la vor\u00e1gine de datos que van a generar continuamente las m\u00e1quinas?<\/p>\n<p align=\"center\"><strong><em>Los<\/em><\/strong><em> <strong>algoritmos<\/strong><\/em><\/p>\n<p><a href=\"\/faro\/wp-content\/uploads\/sites\/25\/2015\/10\/juarismi.jpg\"><img loading=\"lazy\" class=\"alignleft size-medium wp-image-293\" title=\"juarismi\" src=\"\/faro\/wp-content\/uploads\/sites\/25\/2015\/10\/juarismi.jpg\" alt=\"\" width=\"300\" height=\"286\" srcset=\"https:\/\/static-blogs.laverdad.es\/wp-content\/uploads\/sites\/25\/2015\/10\/juarismi.jpg 340w, https:\/\/static-blogs.laverdad.es\/wp-content\/uploads\/sites\/25\/2015\/10\/juarismi-300x287.jpg 300w\" sizes=\"(max-width: 300px) 100vw, 300px\" \/><\/a>B\u00e1sicamente, un <strong><a href=\"http:\/\/www.biografiasyvidas.com\/biografia\/k\/khwarizmi.htm\">algoritmo<\/a><\/strong> es un procedimiento para resolver un problema, del tipo que sea. Dado su origen matem\u00e1tico, \u00a0desde la m\u00e1s tierna infancia estamos usando, sin saberlo, \u00a0algoritmos cuantitativos, para multiplicar, dividir o para hacer ra\u00edces cuadradas. Pero todo el mundo, a diario,\u00a0 aplica algoritmos cualitativos cuando hace algo tan prosaico y tan rico como un <a href=\"http:\/\/www.buenastareas.com\/ensayos\/Ejemplos-De-Algoritmos-Cualitativos-y-Cuantitativos\/49451700.html\">pur\u00e9 de patatas,<\/a> por ejemplo.<\/p>\n<p>A otro nivel, todo programa inform\u00e1tico lleva impl\u00edcito un algoritmo, que <strong><a href=\"http:\/\/www.abc.es\/tecnologia\/redes\/20140916\/abci-alemania-ministro-justicia-presiona-201409161848.html\">suele protegerse<\/a><\/strong> celosamente como la f\u00f3rmula de la Coca-Cola, sobre todo en los casos de m\u00e1s \u00e9xito.\u00a0 <strong><a href=\"http:\/\/deteresa.com\/cambios-algoritmo-google\/\">Google,<\/a><\/strong> por ejemplo, perfecciona su motor de b\u00fasqueda cada d\u00eda. <strong><a href=\"https:\/\/wiki.waze.com\/wiki\/Como_calcula_waze_las_rutas\">Waze<\/a><\/strong> recomienda la ruta \u00f3ptima a millones de conductores gracias a un complejo algoritmo espec\u00edfico del que se conocen algunos aspectos generales. Un grupo de investigadores canadienses ha dise\u00f1ado un <strong><a href=\"http:\/\/elpais.com\/elpais\/2015\/01\/08\/ciencia\/1420732694_076321.html\">algoritmo invencible al p\u00f3ker<\/a>.<\/strong><\/p>\n<p align=\"center\"><strong><em>La Econom\u00eda algor\u00edtmica<\/em><\/strong><\/p>\n<p>La consultora tecnol\u00f3gica americana <strong><a href=\"http:\/\/www.spri.eus\/es\/actualidad-spri\/noticias\/tics-las-10-tendencias-tecnologicas-estrategicas-que-han-de-tener-en-cuenta-las-organizaciones-para-2016\">Gartner<\/a><\/strong> \u00a0ha acu\u00f1ado el neologismo <strong>econom\u00eda algor\u00edtmica<\/strong> para incidir en la importancia de las interrelaciones entre los datos generados por multitud de dispositivos de uso personal y profesional, que hasta ahora se tratan aisladamente. Habla de la creaci\u00f3n de una malla de elementos (\u201c<em>device mesh<\/em>\u201d) como son los m\u00f3viles, los sensores, ropa o accesorios inteligentes (\u201c<em>wearables<\/em>\u201d), aparatos electr\u00f3nicos del hogar, autom\u00f3viles,\u2026<\/p>\n<p>Tambi\u00e9n se refiere a los datos provenientes de <strong>sensores y de m\u00e1quinas<\/strong> que desbordar\u00e1n la capacidad humana de tratamiento y que requerir\u00e1n el <strong>dise\u00f1o de algoritmos <\/strong>que posibiliten el entendimiento directo entre dispositivos, que sean sensibles al entorno, que act\u00faen en consecuencia, de forma autom\u00e1tica, y que sean capaces, adem\u00e1s de <em>aprender<\/em>, en el sentido de ir perfeccionando su rendimiento para ir automejorando sus prestaciones.<\/p>\n<p>En definitiva, la interconexi\u00f3n de plataformas de Internet de las cosas, el desarrollo de la Inteligencia artificial, la web sem\u00e1ntica, la <strong><a href=\"https:\/\/blogs.laverdad.es\/faro\/2014\/01\/11\/la-varita-magica-que-va-a-revolucionar-el-mundo\/\">impresi\u00f3n 3D<\/a><\/strong> y la <strong><a href=\"http:\/\/in4u.euroresidentes.com\/2015\/01\/impresion-4d.html\">impresi\u00f3n 4D<\/a><\/strong>, \u00a0la realidad aumentada, la rob\u00f3tica colaborativa, la visi\u00f3n artificial \u2026 configuran un entorno inmediato lleno de oportunidades para los emprendedores m\u00e1s intr\u00e9pidos y para las compa\u00f1\u00edas m\u00e1s \u00e1giles o m\u00e1s vers\u00e1tiles que sean capaces de actuar, como dice Gartner, en <strong>modo bimodal<\/strong>, es decir, en forma\u00a0 anal\u00f3gica y digital simult\u00e1neamente.<\/p>\n<p align=\"center\"><strong><em>Industria 4.0<\/em><\/strong><\/p>\n<p>En este contexto, merece especial atenci\u00f3n el concepto de Industria 4.0, la nueva revoluci\u00f3n industrial cuya unidad b\u00e1sica de producci\u00f3n ser\u00e1 la f\u00e1brica inteligente (<em>smart<\/em> <em>factory<\/em>).<\/p>\n<p><iframe loading=\"lazy\" src=\"https:\/\/www.youtube.com\/embed\/Z2DK6QJX1rs\" frameborder=\"0\" width=\"560\" height=\"315\"><\/iframe><br \/>\nEl Ministerio de Industria, Energ\u00eda y Turismo acaba de lanzar su iniciativa <strong><a href=\"http:\/\/www.minetur.gob.es\/es-es\/gabineteprensa\/notasprensa\/2015\/documents\/dossier%20industria%20conectada%204.0.pdf\">\u201cIndustria conectada\u201d<\/a> <\/strong>con el objetivo de definir una estrategia de digitalizaci\u00f3n de los procesos industriales<strong> <\/strong>que se concrete en ventajas competitivas para las empresas espa\u00f1olas.<\/p>\n<p>En nuestra regi\u00f3n, es loable el compromiso del <strong><a href=\"http:\/\/www.coiirm.es\/\">Colegio Oficial de Ingenieros Industriales<\/a><\/strong> con el nuevo paradigma de la Industria 4.0 y los esfuerzos que realiza en la difusi\u00f3n y la sensibilizaci\u00f3n sobre estos conceptos entre los empresarios murcianos y la sociedad en general. \u00a0Tambi\u00e9n es de agradecer el papel de los medios de comunicaci\u00f3n como amplificadores de estas iniciativas, contribuyendo a crear un clima social receptivo a las innovaciones.<\/p>\n<p>&nbsp;<\/p>\n","protected":false},"excerpt":{"rendered":"<p>\u201cInternet es el tejido de nuestras vidas\u201d (Manuel Castells) Oc\u00e9ano de datos Hasta ahora, la gran mayor\u00eda de los contenidos de Internet han sido generados por las personas en forma de textos, v\u00eddeos, fotos o aplicaciones.\u00a0 Sin embargo, dado el imparable desarrollo del Internet de las cosas que se vislumbra, dentro de poco lo extra\u00f1o [&hellip;]<\/p>\n","protected":false},"author":26,"featured_media":0,"comment_status":"open","ping_status":"closed","sticky":false,"template":"","format":"standard","meta":[],"categories":[3,12,17],"tags":[46,78,172,255,275,276,283,315,547],"_links":{"self":[{"href":"https:\/\/blogs.laverdad.es\/faro\/wp-json\/wp\/v2\/posts\/292"}],"collection":[{"href":"https:\/\/blogs.laverdad.es\/faro\/wp-json\/wp\/v2\/posts"}],"about":[{"href":"https:\/\/blogs.laverdad.es\/faro\/wp-json\/wp\/v2\/types\/post"}],"author":[{"embeddable":true,"href":"https:\/\/blogs.laverdad.es\/faro\/wp-json\/wp\/v2\/users\/26"}],"replies":[{"embeddable":true,"href":"https:\/\/blogs.laverdad.es\/faro\/wp-json\/wp\/v2\/comments?post=292"}],"version-history":[{"count":0,"href":"https:\/\/blogs.laverdad.es\/faro\/wp-json\/wp\/v2\/posts\/292\/revisions"}],"wp:attachment":[{"href":"https:\/\/blogs.laverdad.es\/faro\/wp-json\/wp\/v2\/media?parent=292"}],"wp:term":[{"taxonomy":"category","embeddable":true,"href":"https:\/\/blogs.laverdad.es\/faro\/wp-json\/wp\/v2\/categories?post=292"},{"taxonomy":"post_tag","embeddable":true,"href":"https:\/\/blogs.laverdad.es\/faro\/wp-json\/wp\/v2\/tags?post=292"}],"curies":[{"name":"wp","href":"https:\/\/api.w.org\/{rel}","templated":true}]}}