{"id":295,"date":"2015-11-08T09:35:24","date_gmt":"2015-11-08T08:35:24","guid":{"rendered":"http:\/\/blogs.laverdad.es\/faro\/?p=295"},"modified":"2015-11-08T09:35:24","modified_gmt":"2015-11-08T08:35:24","slug":"el-abogado-del-diablo","status":"publish","type":"post","link":"https:\/\/blogs.laverdad.es\/faro\/2015\/11\/08\/el-abogado-del-diablo\/","title":{"rendered":"El abogado del diablo"},"content":{"rendered":"<p><em>&#8220;El abogado del diablo podr\u00eda ser el mayor asesino de la innovaci\u00f3n. \u00bfCu\u00e1ntas personas t\u00f3xicas bajo esa autodenominaci\u00f3n se permiten echar por tierra el trabajo de otros y sus ideas innovadoras?\u201d(<a href=\"https:\/\/en.wikipedia.org\/wiki\/Tom_Kelley_(author)\">Tom Kelley<\/a>)<\/em><\/p>\n<p>&nbsp;<\/p>\n<p align=\"center\"><em><strong>Innovaci\u00f3n, en corto y por derecho<\/strong><\/em><\/p>\n<p>Una definici\u00f3n de innovaci\u00f3n que me encanta es la acu\u00f1ada por <strong><a href=\"http:\/\/www.nesta.org.uk\/\" target=\"_blank\">Nesta<\/a><\/strong>, un referente mundial en la materia: <strong>\u201cNuevas ideas que funcionan\u201d. <\/strong><\/p>\n<p><strong>\u00bfQui\u00e9n tiene las nuevas ideas?<\/strong> Las personas creativas. La buena noticia es que la creatividad se puede aprender y perfeccionar. Es una cuesti\u00f3n de m\u00e9todo pero sobre todo de actitud.<\/p>\n<p><strong>\u00bfQu\u00e9 significa que funcionan?<\/strong> Que resuelven un problema de forma creativa y aportan innovaciones que son reconocidas como tales por el mercado o por la sociedad.<\/p>\n<p><strong>\u00bfEn qu\u00e9 \u00e1mbitos?<\/strong> En todos: personal, profesional, social, p\u00fablico y privado.<\/p>\n<p><strong>\u00bfQui\u00e9n es el enemigo?<\/strong>\u00a0Los cl\u00e1sicos ponedores de palos en las ruedas. Son tan antiguos como ellas.<\/p>\n<p><iframe loading=\"lazy\" src=\"https:\/\/www.youtube.com\/embed\/HtqiO6Iv53g\" frameborder=\"0\" width=\"420\" height=\"315\"><\/iframe><\/p>\n<p align=\"center\"><em><strong>Expertos en destruir<\/strong><\/em><\/p>\n<p>La expresi\u00f3n \u201cabogado del diablo\u201d tiene su origen en la figura del fiscal, del contradictor de buenas causas,\u00a0 en los procesos de santificaci\u00f3n de la Iglesia. Destruir siempre es m\u00e1s f\u00e1cil que construir, en todos los \u00f3rdenes de la vida. Y m\u00e1s c\u00f3modo, y menos peligroso para los inmovilistas patol\u00f3gicos, expertos en destrucci\u00f3n masiva de nuevas ideas, que a ellos no se les suelen ocurrir. Encantados, adem\u00e1s,\u00a0 de desempe\u00f1ar ese papel por sistema.<\/p>\n<p>&nbsp;<\/p>\n<p><a href=\"\/faro\/wp-content\/uploads\/sites\/25\/2015\/11\/Adsuara.jpg\"><img loading=\"lazy\" class=\"alignleft size-full wp-image-296\" title=\"Adsuara\" src=\"\/faro\/wp-content\/uploads\/sites\/25\/2015\/11\/Adsuara.jpg\" alt=\"\" width=\"425\" height=\"321\" srcset=\"https:\/\/static-blogs.laverdad.es\/wp-content\/uploads\/sites\/25\/2015\/11\/Adsuara.jpg 425w, https:\/\/static-blogs.laverdad.es\/wp-content\/uploads\/sites\/25\/2015\/11\/Adsuara-300x227.jpg 300w\" sizes=\"(max-width: 425px) 100vw, 425px\" \/><\/a><\/p>\n<p>&nbsp;<\/p>\n<p>&nbsp;<\/p>\n<p>&nbsp;<\/p>\n<p>&nbsp;<\/p>\n<p>&nbsp;<\/p>\n<p>&nbsp;<\/p>\n<p>&nbsp;<\/p>\n<p>&nbsp;<\/p>\n<p>&nbsp;<\/p>\n<p>&nbsp;<\/p>\n<p>&nbsp;<\/p>\n<p>Ojo, estamos denostando la actitud \u00a0contumaz de estos especialistas en destrucci\u00f3n de ideas ajenas o en rebajar los m\u00e9ritos de los dem\u00e1s, que, con frecuencia ocupan cargos directivos, como caricaturiza<a href=\"http:\/\/borja.adsuara.es\/\"> <strong>Borja Adsuara<\/strong><\/a>. No estamos cuestionando, en absoluto, la necesidad obvia de filtrar las propuestas con objeto de seleccionar las mejores.<\/p>\n<p>La cr\u00edtica constructiva siempre ha sido, es y ser\u00e1 un instrumento de mejora que, de hecho forma parte sustancial de las metodolog\u00edas de generaci\u00f3n de ideas innovadoras. De los <a href=\"https:\/\/blogs.laverdad.es\/faro\/2015\/08\/14\/los-6-gorros-de-pensar\/\">6 sombreros de pensar<\/a> de Edward de Bono (que algunos consultores reducen a <strong><a href=\"http:\/\/innokabi.com\/como-generar-ideas-innovadoras-tormenta-de-ideas\/\">s\u00f3lo 3<\/a><\/strong>), el <strong>negro<\/strong> es el que corresponde al encargado de &#8220;poner las pegas&#8221;, que no tiene por qu\u00e9 recaer en la misma persona, aunque a los \u201cabogados del diablo\u201d vocacionales les sienta especialmente bien ese color.<\/p>\n<p align=\"center\"><em><strong>\u00bfY si el de la toga es el jefe? <\/strong><\/em><\/p>\n<p>Hay quien dice, jocosamente, que el jefe deber\u00eda mandar al \u00a0infierno a estos abogados del diablo profesionales que tanto abundan en las organizaciones, pero la realidad es que muchas veces, estos \u201casesinos de la innovaci\u00f3n\u201d, como les llama Tom Kelley, est\u00e1n instalados en la c\u00fapula directiva.<\/p>\n<p>Cuesta trabajo imaginar que los directivos de una empresa sean contrarios a la innovaci\u00f3n pero la realidad es tozuda. A las empresas les cuesta innovar y <strong>si el jefe no quiere, la empresa no innova.<\/strong><\/p>\n<p>El abogado del diablo cuenta adem\u00e1s con recursos impersonales como pueden ser la falta de tiempo o la temible burocracia, atenuantes razonables, en honor a la verdad. Tambi\u00e9n disponen de un <strong><a href=\"http:\/\/in4u.euroresidentes.com\/2015\/09\/el-cancer-de-los-innovadores.html\">generoso arsenal de excusas<\/a><\/strong> para reforzar su inmovilismo empedernido, pero la m\u00e1s socorrida de todas es el <strong>tiempo<\/strong>.<\/p>\n<p>Lo cierto es que muchos directivos se van a casa cada d\u00eda justificadamente extenuados a causa de las m\u00faltiples gestiones y operaciones realizadas como consecuencia de la impulsividad de los negocios que les proporcionan sus ingresos actuales. Quiz\u00e1 deber\u00edan cuestionarse cu\u00e1les de aqu\u00e9llas podr\u00edan evitar o delegar.<\/p>\n<p>El diagrama de Alberto Ortiz de Z\u00e1rate (<a href=\"http:\/\/alorza.net\/\">Alorza<\/a>), pensado para las instituciones p\u00fablicas, es perfectamente aplicable a todo tipo de organizaciones. En \u00e9l se puede apreciar el valor transversal de la innovaci\u00f3n, que debe impregnar a todos los estamentos de la organizaci\u00f3n, pero en cuyo desarrollo <strong>el liderazgo es fundamental.<\/strong><\/p>\n<p><em><\/em><a href=\"\/faro\/wp-content\/uploads\/sites\/25\/2015\/11\/alorza1.jpg\"><img loading=\"lazy\" class=\"alignleft size-full wp-image-298\" title=\"alorza\" src=\"\/faro\/wp-content\/uploads\/sites\/25\/2015\/11\/alorza1.jpg\" alt=\"\" width=\"1024\" height=\"768\" srcset=\"https:\/\/static-blogs.laverdad.es\/wp-content\/uploads\/sites\/25\/2015\/11\/alorza1.jpg 1024w, https:\/\/static-blogs.laverdad.es\/wp-content\/uploads\/sites\/25\/2015\/11\/alorza1-300x225.jpg 300w, https:\/\/static-blogs.laverdad.es\/wp-content\/uploads\/sites\/25\/2015\/11\/alorza1-768x576.jpg 768w\" sizes=\"(max-width: 1024px) 100vw, 1024px\" \/><\/a><\/p>\n<p>&nbsp;<\/p>\n<p>Que cada uno examine su d\u00eda a d\u00eda y que saque sus propias conclusiones, pero mi impresi\u00f3n es que la estrategia y la innovaci\u00f3n no ocupan el espacio que se requiere en la labor directiva moderna.<\/p>\n<p>El riesgo de que los l\u00edderes no les hagan un hueco en su agenda cotidiana a estos conceptos es la muerte lenta de la organizaci\u00f3n. Como el tabaco, vamos, pero al rev\u00e9s. Fumar mata, pero es como es poco a poco, ma\u00f1ana lo dejo. No innovar mata, pero como es poco a poco, ma\u00f1ana empiezo. Sin falta.<\/p>\n<p style=\"text-align: center;\"><em><strong>El silente boicot del d\u00eda a d\u00eda<\/strong><\/em><\/p>\n<p><strong><a href=\"http:\/\/www.xaviermarcet.com\/\">Xavier Marcet<\/a>, <\/strong>es\u00a0una autoridad en la materia<strong>,\u00a0<\/strong>\u00a0que estuvo recientemente en Murcia deleit\u00e1ndonos con una magn\u00edfica conferencia de la mano de Bruno Dureux . En su magistral art\u00edculo &#8220;El\u00a0<strong><a href=\"http:\/\/www.sintetia.com\/el-silente-boicot-del-dia-a-dia-y-la-muerte-lenta-de-las-organizaciones\/\">silente boicot del d\u00eda a d\u00eda<\/a>\u00a0y la muerte lenta de las organizaciones&#8221;\u00a0<\/strong>desliza algunas perlas, tan rotundas como \u00e9stas:<\/p>\n<ul>\n<li><em>Si el\u00a0d\u00eda a d\u00eda lo gobierna la burocracia &#8230;\u00a0los l\u00edderes se acaban orientando sistem\u00e1ticamente al corto plazo y no son m\u00e1s que\u00a0jefes de negociado apa\u00f1ados.<\/em><\/li>\n<li><em>Las contingencias cotidianas son un gran proveedor de excusas para hacer fracasar la innovaci\u00f3n de modo que parezca un accidente.\u00a0<\/em><\/li>\n<li><em>La excusa m\u00e1s manida es la del <strong>tiempo.\u00a0<\/strong><\/em><\/li>\n<li><em>Parece como si innovar no formar\u00e1 parte del trabajo, como si se tratara de una actividad accesoria o aleatoria<\/em><\/li>\n<li>\u00a0<em><strong>Las culturas innovadoras florecen en empresas convencidas que innovar tambi\u00e9n es trabajar<\/strong>. <strong>En organizaciones donde el futuro se hace un hueco en las agendas del presente<\/strong><\/em><\/li>\n<\/ul>\n<p>&nbsp;<\/p>\n<p>&nbsp;<\/p>\n","protected":false},"excerpt":{"rendered":"<p>&#8220;El abogado del diablo podr\u00eda ser el mayor asesino de la innovaci\u00f3n. \u00bfCu\u00e1ntas personas t\u00f3xicas bajo esa autodenominaci\u00f3n se permiten echar por tierra el trabajo de otros y sus ideas innovadoras?\u201d(Tom Kelley) &nbsp; Innovaci\u00f3n, en corto y por derecho Una definici\u00f3n de innovaci\u00f3n que me encanta es la acu\u00f1ada por Nesta, un referente mundial en [&hellip;]<\/p>\n","protected":false},"author":26,"featured_media":0,"comment_status":"open","ping_status":"closed","sticky":false,"template":"","format":"standard","meta":[],"categories":[3,5,6],"tags":[49,83,217,383,514,552],"_links":{"self":[{"href":"https:\/\/blogs.laverdad.es\/faro\/wp-json\/wp\/v2\/posts\/295"}],"collection":[{"href":"https:\/\/blogs.laverdad.es\/faro\/wp-json\/wp\/v2\/posts"}],"about":[{"href":"https:\/\/blogs.laverdad.es\/faro\/wp-json\/wp\/v2\/types\/post"}],"author":[{"embeddable":true,"href":"https:\/\/blogs.laverdad.es\/faro\/wp-json\/wp\/v2\/users\/26"}],"replies":[{"embeddable":true,"href":"https:\/\/blogs.laverdad.es\/faro\/wp-json\/wp\/v2\/comments?post=295"}],"version-history":[{"count":0,"href":"https:\/\/blogs.laverdad.es\/faro\/wp-json\/wp\/v2\/posts\/295\/revisions"}],"wp:attachment":[{"href":"https:\/\/blogs.laverdad.es\/faro\/wp-json\/wp\/v2\/media?parent=295"}],"wp:term":[{"taxonomy":"category","embeddable":true,"href":"https:\/\/blogs.laverdad.es\/faro\/wp-json\/wp\/v2\/categories?post=295"},{"taxonomy":"post_tag","embeddable":true,"href":"https:\/\/blogs.laverdad.es\/faro\/wp-json\/wp\/v2\/tags?post=295"}],"curies":[{"name":"wp","href":"https:\/\/api.w.org\/{rel}","templated":true}]}}