{"id":301,"date":"2015-11-20T01:09:53","date_gmt":"2015-11-20T00:09:53","guid":{"rendered":"http:\/\/blogs.laverdad.es\/faro\/?p=301"},"modified":"2015-11-20T01:09:53","modified_gmt":"2015-11-20T00:09:53","slug":"piezas-de-un-engranaje-no-gracias","status":"publish","type":"post","link":"https:\/\/blogs.laverdad.es\/faro\/2015\/11\/20\/piezas-de-un-engranaje-no-gracias\/","title":{"rendered":"\u00bfPiezas de un engranaje? No, gracias"},"content":{"rendered":"<p align=\"center\"><strong><em>Carente de personalidad<\/em><\/strong><\/p>\n<p>Hace unos d\u00edas, viendo <strong><em><a href=\"http:\/\/www.elmundo.es\/television\/programacion-tv\/peliculas\/2663473_el-bailarin-y-el-trabajador.html\">\u201cEl bailar\u00edn y el trabajador\u201d<\/a><\/em><\/strong>, una gran pel\u00edcula espa\u00f1ola, estrenada en 1936, unos meses antes de que estallara nuestra guerra civil, \u00a0me llam\u00f3 la atenci\u00f3n la frase rutinaria con la que recibe el jefe de personal de una f\u00e1brica de galletas al novio de la hija del due\u00f1o, un consumado bailar\u00edn desoficiado,\u00a0 que iba a comenzar a trabajar all\u00ed para hacerse un <em>hombre de provecho <\/em>y ganarse la confianza del futuro suegro<em>.<\/em><\/p>\n<p>&#8211;\u00a0\u00a0\u00a0\u00a0\u00a0\u00a0\u00a0\u00a0\u00a0 <em>\u201c Esperamos que usted sea una pieza m\u00e1s de este sincronizado engranaje, \u00a0en el que cada empleado, \u00a0<strong>carente de toda personalidad<\/strong>, contribuye a la perfecta fabricaci\u00f3n de nuestros productos\u201d<\/em><\/p>\n<p>Hay que tener en cuenta el contexto de la \u00e9poca para entender\u00a0 un\u00a0 mensaje de acogida tan deshumanizado, propio de esta etapa esencialmente mecanicista, que tan bien refleja <strong>Henry Ford, <\/strong>padre de las cadenas de producci\u00f3n<strong> <\/strong>en masa<strong>, \u00a0<\/strong>cuando exclama<strong>:<\/strong> <em>\u00ab\u00bfC\u00f3mo es que cuando quiero un par de manos tambi\u00e9n me traen a un ser humano?\u00bb<\/em><\/p>\n<p><a href=\"\/faro\/wp-content\/uploads\/sites\/25\/2015\/11\/cadena_montaje1.jpg\"><img loading=\"lazy\" class=\"alignleft size-full wp-image-303\" title=\"cadena_montaje\" src=\"\/faro\/wp-content\/uploads\/sites\/25\/2015\/11\/cadena_montaje1.jpg\" alt=\"\" width=\"575\" height=\"426\" srcset=\"https:\/\/static-blogs.laverdad.es\/wp-content\/uploads\/sites\/25\/2015\/11\/cadena_montaje1.jpg 575w, https:\/\/static-blogs.laverdad.es\/wp-content\/uploads\/sites\/25\/2015\/11\/cadena_montaje1-300x222.jpg 300w\" sizes=\"(max-width: 575px) 100vw, 575px\" \/><\/a><\/p>\n<p>&nbsp;<\/p>\n<p><strong>Carente de personalidad<\/strong>. Sin iniciativa. Cumplidor. Conformista. Como una pieza de una m\u00e1quina, de un engranaje perfecto. \u00bfSin alma tambi\u00e9n? Es f\u00e1cil. Basta con ir al trabajo y hacer bien lo que te digan. No hay que pensar. Barato. Perfectamente sustituible.<\/p>\n<p>Ese parec\u00eda el prototipo de trabajador ideal en la sociedad industrial. Ese sigue siendo el modelo de empleado de muchas organizaciones actuales.<\/p>\n<p align=\"center\"><strong><em>El viejo e inmutable management moderno<\/em><\/strong><\/p>\n<p>En 1936 estaba en su apogeo la cultura organizativa t\u00edpica de la era industrial, basada en la disciplina militar, que se consideraba id\u00f3nea para que las empresas funcionaran con eficacia.\u00a0 Un tipo de <strong><em>management<\/em> basado en el control<\/strong>, la asignaci\u00f3n precisa de tareas, las rutinas procedimentadas y la jerarqu\u00eda que ha conseguido logros importantes en la mejora de la productividad de las organizaciones pero a costa de anular la creatividad individual.<\/p>\n<p>Lo curioso del caso es que los ide\u00f3logos\u00a0 principales de este tipo de administraci\u00f3n y gesti\u00f3n empresarial todav\u00eda vigente \u00a0\u00a1nacieron todos en el siglo XIX \u00a1:\u00a0 <strong>McCallum<\/strong> \u2013ingeniero del ferrocarril que invent\u00f3 el organigrama-, <strong>Taylor<\/strong> \u2013 ingeniero y economista, padre de la organizaci\u00f3n cient\u00edfica del trabajo-,\u00a0 <strong>Deming<\/strong> \u2013creador del concepto de calidad total- y dejo para el final a <strong>Max Weber<\/strong>, \u00a0polit\u00f3logo y soci\u00f3logo alem\u00e1n, inspirador de la burocracia. De la actual,\u00a0 longeva y \u00bfeterna e incuestionable? burocracia que sigue rigiendo los destinos de nuestras Administraciones P\u00fablicas.<\/p>\n<p><a href=\"\/faro\/wp-content\/uploads\/sites\/25\/2015\/11\/max_weber2.jpg\"><img loading=\"lazy\" class=\"alignleft size-full wp-image-304\" title=\"max_weber2\" src=\"\/faro\/wp-content\/uploads\/sites\/25\/2015\/11\/max_weber2.jpg\" alt=\"\" width=\"259\" height=\"194\" \/><\/a>\u00a0 \u00a0 Ser\u00eda injusto no reconocer los valores y los avances positivos que se han ido produciendo, lentamente eso s\u00ed, en la administraci\u00f3n de las empresas y en los derechos de los trabajadores. Tambi\u00e9n ser\u00eda il\u00f3gico que no hubieran evolucionado a lo largo del tiempo. \u00a0Pero en lo esencial,\u00a0 siguen vigentes los principios fundacionales, pensados para una sociedad industrial, muy distinta de la actual, de cambios constantes y vertiginosos, en la que <strong>el conocimiento<\/strong> es la materia prima fundamental.<\/p>\n<p align=\"center\"><strong><em>La pir\u00e1mide la innovaci\u00f3n<\/em><\/strong><\/p>\n<p>En uno de mis primeros posts me hac\u00eda eco de la <strong><a href=\"https:\/\/blogs.laverdad.es\/faro\/2013\/07\/08\/la-piramide-la-innovacion\/\">pir\u00e1mide la innovaci\u00f3n<\/a><\/strong> de <strong><a href=\"http:\/\/www.garyhamel.com\/\">Gary Hamel,<\/a><\/strong> en cuya c\u00faspide se sit\u00faa la <strong>i<\/strong><strong>nnovaci\u00f3n en la gerencia, en la gesti\u00f3n, <\/strong>la m\u00e1s dif\u00edcil de conseguir e imitar, la m\u00e1s diferencial por tanto de todas las innovaciones.<\/p>\n<p>Este reputado gur\u00fa americano, nacido en 1954, \u00a0es el principal ide\u00f3logo del cambio de un <strong>paradigma burocr\u00e1tico<\/strong> que permanece inalterable desde el siglo XIX. Ya va siendo hora de que sea revisado y, cuando menos, cuestionado. Algunas empresas e instituciones p\u00fablicas ya lo han hecho o lo est\u00e1n haciendo.<\/p>\n<p><iframe loading=\"lazy\" src=\"https:\/\/www.youtube.com\/embed\/0mbJBN9KVsI\" frameborder=\"0\" width=\"420\" height=\"315\"><\/iframe><\/p>\n<p>Se tratar\u00eda de transformar la forma de organizaci\u00f3n del trabajo,\u00a0 implantando una <strong>cultura de la innovaci\u00f3n sistem\u00e1tica<\/strong>,\u00a0 para conseguir \u00a0que la ilusi\u00f3n y la creatividad destierren las pesadas losas burocr\u00e1ticas de un modelo gerencial que est\u00e1 obsoleto, que ahoga la creatividad \u00a0y que lleva impl\u00edcita la muerte lenta de las organizaciones que est\u00e9n regidas por <strong>capataces apa\u00f1ados<\/strong> en vez de por l\u00edderes motivadores, como dice <strong><a href=\"http:\/\/www.sintetia.com\/el-silente-boicot-del-dia-a-dia-y-la-muerte-lenta-de-las-organizaciones\/\">Xavier Marcet.<\/a><\/strong><\/p>\n<p>Hablamos de instaurar una nueva forma de trabajar que supere los cl\u00e1sicos modelos, basados en el control y la eficacia, \u00a0y que\u00a0<strong>libere energ\u00eda creativa <\/strong>por los cuatro costados, haciendo compatibles los valores positivos de la disciplina y del orden con el fomento del potencial innovador de los empleados.<\/p>\n<p style=\"text-align: center;\"><strong><em>M\u00e1s vale una persona con pasi\u00f3n que 40 simplemente interesadas<\/em><\/strong><strong>\u00a0 \u00a0 \u00a0 \u00a0 \u00a0 \u00a0 \u00a0 \u00a0 \u00a0 \u00a0 \u00a0 \u00a0 \u00a0 \u00a0 \u00a0 \u00a0 \u00a0 \u00a0 \u00a0 \u00a0 \u00a0 \u00a0 \u00a0 \u00a0 \u00a0 \u00a0 \u00a0 \u00a0 \u00a0 \u00a0 \u00a0 \u00a0 \u00a0 \u00a0 \u00a0 \u00a0 \u00a0 \u00a0 \u00a0 \u00a0 \u00a0 \u00a0 \u00a0<\/strong><\/p>\n<p><strong><a href=\"https:\/\/blogs.laverdad.es\/faro\/2015\/09\/21\/sin-ilusion-no-se-puede-innovar\/\">Estudios recientes<\/a><\/strong> muestran resultados muy llamativos acerca del grado de compromiso de los trabajadores con sus organizaciones. Apenas el 13% de los empleados de todo el mundo se entregan a tope en su trabajo. En el pasado tal vez no fuera tan relevante este dato, pero en la sociedad de la innovaci\u00f3n continua es un lujo despreciarlo.<\/p>\n<p>Seg\u00fan Hamel, que no es egipcio ni matem\u00e1tico pero es muy aficionado a las pir\u00e1mides, las capacidades humanas\u00a0 que m\u00e1s contribuyen al \u00e9xito en la econom\u00eda actual se configuran tambi\u00e9n piramidalmente.<\/p>\n<p>De menor a mayor valor, en la base estar\u00eda la obediencia, seguida de la diligencia. A continuaci\u00f3n vendr\u00eda el conocimiento y la inteligencia. Seguidamente la iniciativa,\u00a0 despu\u00e9s la creatividad, y en el sitio de honor, en plan estelar: la <strong>pasi\u00f3n<\/strong>.\u00a0 La pasi\u00f3n es contagiosa y puede convertir cruzadas personales en movimientos colectivos.<\/p>\n<p style=\"text-align: center;\">\u00a0<strong><em>Final feliz<\/em><\/strong><\/p>\n<p>\u00a0Dif\u00edcilmente una pieza de un engranaje, carente de personalidad, puede apasionarse con su trabajo. \u00a0Pero el protagonista de la pel\u00edcula, <strong>Roberto Rey,<\/strong> actor y cantante chileno, lo logra y se convierte, a la vez, \u00a0en un trabajador ejemplar de su \u00e9poca y en un innovador adelantado a su tiempo.<\/p>\n<p>&nbsp;<\/p>\n<p><iframe loading=\"lazy\" src=\"https:\/\/www.youtube.com\/embed\/U5lwDk2rM2g\" frameborder=\"0\" width=\"420\" height=\"315\"><\/iframe><\/p>\n","protected":false},"excerpt":{"rendered":"<p>Carente de personalidad Hace unos d\u00edas, viendo \u201cEl bailar\u00edn y el trabajador\u201d, una gran pel\u00edcula espa\u00f1ola, estrenada en 1936, unos meses antes de que estallara nuestra guerra civil, \u00a0me llam\u00f3 la atenci\u00f3n la frase rutinaria con la que recibe el jefe de personal de una f\u00e1brica de galletas al novio de la hija del due\u00f1o, [&hellip;]<\/p>\n","protected":false},"author":26,"featured_media":0,"comment_status":"open","ping_status":"closed","sticky":false,"template":"","format":"standard","meta":[],"categories":[6,8,10],"tags":[137,186,247,262,297,334,361,413,421,503,552],"_links":{"self":[{"href":"https:\/\/blogs.laverdad.es\/faro\/wp-json\/wp\/v2\/posts\/301"}],"collection":[{"href":"https:\/\/blogs.laverdad.es\/faro\/wp-json\/wp\/v2\/posts"}],"about":[{"href":"https:\/\/blogs.laverdad.es\/faro\/wp-json\/wp\/v2\/types\/post"}],"author":[{"embeddable":true,"href":"https:\/\/blogs.laverdad.es\/faro\/wp-json\/wp\/v2\/users\/26"}],"replies":[{"embeddable":true,"href":"https:\/\/blogs.laverdad.es\/faro\/wp-json\/wp\/v2\/comments?post=301"}],"version-history":[{"count":0,"href":"https:\/\/blogs.laverdad.es\/faro\/wp-json\/wp\/v2\/posts\/301\/revisions"}],"wp:attachment":[{"href":"https:\/\/blogs.laverdad.es\/faro\/wp-json\/wp\/v2\/media?parent=301"}],"wp:term":[{"taxonomy":"category","embeddable":true,"href":"https:\/\/blogs.laverdad.es\/faro\/wp-json\/wp\/v2\/categories?post=301"},{"taxonomy":"post_tag","embeddable":true,"href":"https:\/\/blogs.laverdad.es\/faro\/wp-json\/wp\/v2\/tags?post=301"}],"curies":[{"name":"wp","href":"https:\/\/api.w.org\/{rel}","templated":true}]}}