{"id":305,"date":"2015-12-03T02:24:29","date_gmt":"2015-12-03T01:24:29","guid":{"rendered":"http:\/\/blogs.laverdad.es\/faro\/?p=305"},"modified":"2015-12-03T02:24:29","modified_gmt":"2015-12-03T01:24:29","slug":"un-visionario-murciano","status":"publish","type":"post","link":"https:\/\/blogs.laverdad.es\/faro\/2015\/12\/03\/un-visionario-murciano\/","title":{"rendered":"Un visionario murciano"},"content":{"rendered":"<p style=\"text-align: left;\">El murciano <strong><a href=\"http:\/\/empresa-innovacion.euroresidentes.com\/p\/sobre-andres-pedreno.html\">Andr\u00e9s Pedre\u00f1o Mu\u00f1oz<\/a><\/strong>, exrector de la Universidad de Alicante, se ha jubilado anticipadamente como catedr\u00e1tico de Econom\u00eda Aplicada. Con tal motivo, la instituci\u00f3n alicantina, \u00a0que ya hab\u00eda distinguido al profesor Pedre\u00f1o \u00a0con su medalla de oro en 2008, celebr\u00f3, hace unos d\u00edas, \u00a0un emotivo acto de despedida que cont\u00f3 con la presencia, entre otras personalidades, del rector honor\u00edfico de esta Universidad, el lorquino <strong>Antonio Gil Olcina<\/strong> y del Presidente del Gobierno valenciano , Ximo Puig.<\/p>\n<div id=\"attachment_306\" style=\"width: 585px\" class=\"wp-caption aligncenter\"><a href=\"\/faro\/wp-content\/uploads\/sites\/25\/2015\/12\/Apedre\u00f1o_acto_UA.jpg\"><img aria-describedby=\"caption-attachment-306\" loading=\"lazy\" class=\"size-full wp-image-306\" title=\"A1-48319899.jpg\" src=\"\/faro\/wp-content\/uploads\/sites\/25\/2015\/12\/Apedre\u00f1o_acto_UA.jpg\" alt=\"\" width=\"575\" height=\"389\" srcset=\"https:\/\/static-blogs.laverdad.es\/wp-content\/uploads\/sites\/25\/2015\/12\/Apedre\u00f1o_acto_UA.jpg 575w, https:\/\/static-blogs.laverdad.es\/wp-content\/uploads\/sites\/25\/2015\/12\/Apedre\u00f1o_acto_UA-300x203.jpg 300w\" sizes=\"(max-width: 575px) 100vw, 575px\" \/><\/a><p id=\"caption-attachment-306\" class=\"wp-caption-text\">Foto publicada por La verdad de Alicante<\/p><\/div>\n<p>Es dif\u00edcil ser neutral con un buen y admirado amigo, pero en este caso, los m\u00e9ritos objetivos de Andr\u00e9s son tan evidentes que reducen a la m\u00ednima expresi\u00f3n el posible coeficiente de subjetividad que yo pudiera aplicarle en este post, \u00a0que le dedico como <strong>modesto homenaje<\/strong>.<\/p>\n<p>Basta con echar un vistazo a su extraordinario\u00a0 <strong><a href=\"https:\/\/es.wikipedia.org\/wiki\/Andr%C3%A9s_Pedre%C3%B1o_Mu%C3%B1oz\">curriculum<\/a> <\/strong>para verificar que, aparte de un brillante economista, es un <strong>visionario<\/strong>, experto en econom\u00eda digital que no se queda s\u00f3lo en la teor\u00eda, sino que, haciendo honor al t\u00edtulo de su c\u00e1tedra, aplica sus conocimientos con \u00e9xito al mundo de los negocios donde ejerce como un l\u00edder innovador y motivador de diferentes iniciativas empresariales, como el site \u00a0<strong><a href=\"http:\/\/www.euroresidentes.com\/\">euroresidentes<\/a>, <\/strong>en el que colaboro manteniendo un <strong><a href=\"http:\/\/in4u.euroresidentes.com\/2015\/11\/estamos-preparandonos-para-la.html\">blog sobre innovaci\u00f3n<\/a><\/strong>.<\/p>\n<p><a href=\"\/faro\/wp-content\/uploads\/sites\/25\/2015\/12\/D.Andres-Pedreno_adei3.jpg\"><img loading=\"lazy\" class=\"alignleft size-large wp-image-310\" title=\"D.Andres-Pedreno_adei\" src=\"\/faro\/wp-content\/uploads\/sites\/25\/2015\/12\/D.Andres-Pedreno_adei3.jpg\" alt=\"D. Andr\u00e9s Pedre\u00f1o, Director de ADEI\" width=\"1024\" height=\"986\" srcset=\"https:\/\/static-blogs.laverdad.es\/wp-content\/uploads\/sites\/25\/2015\/12\/D.Andres-Pedreno_adei3.jpg 3231w, https:\/\/static-blogs.laverdad.es\/wp-content\/uploads\/sites\/25\/2015\/12\/D.Andres-Pedreno_adei3-300x289.jpg 300w, https:\/\/static-blogs.laverdad.es\/wp-content\/uploads\/sites\/25\/2015\/12\/D.Andres-Pedreno_adei3-768x740.jpg 768w, https:\/\/static-blogs.laverdad.es\/wp-content\/uploads\/sites\/25\/2015\/12\/D.Andres-Pedreno_adei3-1024x987.jpg 1024w\" sizes=\"(max-width: 1024px) 100vw, 1024px\" \/><\/a><\/p>\n<p>Lo que no aparece en su CV, pr\u00f3digo en m\u00e9ritos acad\u00e9micos y profesionales, es su\u00a0<strong>calidad humana<\/strong>\u00a0entre las que destacar\u00eda la\u00a0<strong>humildad<\/strong>\u00a0que caracteriza a los grandes sabios. Andr\u00e9s nunca alardea de sus innumerables logros y siempre es generoso en los elogios hacia los dem\u00e1s.<\/p>\n<p>Conoc\u00ed a Andr\u00e9s en su etapa de Consejero Delegado de Universia a trav\u00e9s de\u00a0<strong>Juan Bernal<\/strong>, \u00edntimo amigo suyo y compa\u00f1ero de carrera, pero ha sido en los \u00faltimos a\u00f1os cuando he tenido ocasi\u00f3n de tratarlo con m\u00e1s asiduidad.<\/p>\n<p>Fue a ra\u00edz de su participaci\u00f3n en el ciclo de conferencias que yo coordinaba, \u00a0\u201cEl valor de las ideas\u201d, foro inspirador del\u00a0<strong><a href=\"http:\/\/planiris2020.carm.es\/web\/pagina?IDCONTENIDO=75&#038;IDTIPO=180\">Plan Estrat\u00e9gico de la Regi\u00f3n de Murcia 2014-2020,\u00a0<\/a><\/strong>\u00a0precisamente a instancias de su impulsor, el\u00a0 exVicepresidente Econ\u00f3mico Bernal que desde el primer momento pens\u00f3 en contar con la colaboraci\u00f3n de Andr\u00e9s Pedre\u00f1o, conocedor de su brillante trayectoria profesional, de su alt\u00edsimo nivel como ponente y de su generosa predisposici\u00f3n y disponibilidad para ayudar a su regi\u00f3n de origen.<\/p>\n<p><a href=\"\/faro\/wp-content\/uploads\/sites\/25\/2015\/12\/Plan-IRIS-2020.jpg\"><img loading=\"lazy\" class=\"alignleft size-full wp-image-311\" title=\"Plan IRIS 2020\" src=\"\/faro\/wp-content\/uploads\/sites\/25\/2015\/12\/Plan-IRIS-2020.jpg\" alt=\"\" width=\"378\" height=\"133\" srcset=\"https:\/\/static-blogs.laverdad.es\/wp-content\/uploads\/sites\/25\/2015\/12\/Plan-IRIS-2020.jpg 378w, https:\/\/static-blogs.laverdad.es\/wp-content\/uploads\/sites\/25\/2015\/12\/Plan-IRIS-2020-300x106.jpg 300w\" sizes=\"(max-width: 378px) 100vw, 378px\" \/><\/a><\/p>\n<p>Aunque dicen que todo discurso debe <strong>mover a la acci\u00f3n<\/strong>, suele ocurrir que, tras asistir a presentaciones o a charlas inspiradoras nos quedamos s\u00f3lo con algunas ideas y de ellas, por muy interesantes y plausibles que nos parezcan,\u00a0 aplicamos muy pocas \u2026 o ninguna.<\/p>\n<p>A veces porque no es posible asimilar mensajes complejos en un tiempo reducido. Por eso considero muy recomendable <strong><a href=\"https:\/\/blogs.laverdad.es\/faro\/2015\/02\/07\/el-viyade-innovador\/\">\u201crepasar\u201d<\/a><\/strong>\u00a0 de forma reflexiva aquellas opiniones que nos parezcan de mayor inter\u00e9s. Otras veces no actuamos porque nos paralizan <em>enemigos de la innovaci\u00f3n<\/em> como la end\u00e9mica falta de tiempo, el poder absorbente de la rutina, el conservadurismo, la incapacidad para analizar las ra\u00edces de los problemas o la falta de decisi\u00f3n para abordarlos.<\/p>\n<p>\u00a1Cu\u00e1nta sabidur\u00eda nos perdemos por no reflexionar sobre las sabias recomendaciones de expertos reconocidos\u00a1\u00a0 Para que eso no ocurra con la <strong><a href=\"http:\/\/tecnoformacion.ffis.es\/mainstream2\/default.aspx?action=play&#038;conferenceGUID=Valor_de_las_Ideas_17-4-13\">magn\u00edfica conferencia de Andr\u00e9s Pedre\u00f1o<\/a> <\/strong>en Murcia, \u00a0el d\u00eda 17\/04\/13, en la que ejerci\u00f3 <strong>Juan Bernal<\/strong> como anfitri\u00f3n,\u00a0 me permito resaltar los aspectos que me parecen m\u00e1s significativos de su presentaci\u00f3n <em>&#8220;Reinventar la econom\u00eda de la regi\u00f3n mediante el talento y a la innovaci\u00f3n&#8221;<\/em>:<\/p>\n<ol start=\"1\">\n<li><strong>Innovaci\u00f3n t\u00f3pica<\/strong>: La innovaci\u00f3n es un t\u00e9rmino desgastado. Hay que hablar menos y hacer m\u00e1s. Anticiparse a los cambios. Instalar la cultura de reinvenci\u00f3n continua en las organizaciones.<\/li>\n<li><strong>Ecosistemas innovadores<\/strong>: La proximidad,\u00a0 la uni\u00f3n y la coordinaci\u00f3n de esfuerzos facilitan la generaci\u00f3n de innovaciones. Desterrar las pol\u00edticas de compartimentos estancos para convertirnos en un territorio eficiente y competitivo.<\/li>\n<li><strong>J\u00f3venes empresarios<\/strong>: La mayor parte de nuestros estudiantes quieren ser funcionarios. Hay que impulsar la cultura del emprendimiento desde edades tempranas. Actualmente, el conocimiento y las TIC\u00a0 ofrecen oportunidades incre\u00edbles para que un joven pueda crear su propio trabajo.<\/li>\n<li><strong>Empresas<\/strong>: Hay que mimarlas obsesivamente. Son el pilar b\u00e1sico del estado del bienestar. La sociedad en su conjunto: ciudadanos, instituciones, medios de comunicaci\u00f3n deben reconocer el papel fundamental de las empresas como generadoras de empleo, de recursos y de progreso.<\/li>\n<li>\u00a0<strong>Conocimiento: <\/strong>Es el input fundamental de la innovaci\u00f3n. No tiene sentido el conocimiento sin aplicaci\u00f3n. Hay que mejorar la transferencia de tecnolog\u00eda y la capacidad de integraci\u00f3n de la <strong><a href=\"http:\/\/empresa-innovacion.euroresidentes.com\/2014\/12\/la-universidad-del-futuro-prospectiva-y.html\">Universidad<\/a> <\/strong>con la sociedad. Conectar m\u00e1s con el mundo del trabajo y de las empresas. En la UE hay casi 1 mill\u00f3n de puestos de trabajo sin cubrir por falta de los conocimientos requeridos. Apostar por la transdisciplinariedad y la hibridaci\u00f3n de especialidades. <strong><\/strong><\/li>\n<li><strong>Las Administraciones P\u00fablicas<\/strong>:<strong> <\/strong>Deben ser m\u00e1s innovadoras, m\u00e1s \u00e1giles, m\u00e1s legibles, facilitando al m\u00e1ximo la creaci\u00f3n y la actividad de las empresas. <strong>\u00a0<\/strong>Hay un exceso de regulaci\u00f3n que genera una mara\u00f1a administrativa indigerible. La Ley de Protecci\u00f3n de datos espa\u00f1ola es extraordinariamente exigente. Hay que convertir a los funcionarios en aliados del crecimiento econ\u00f3mico.<strong><\/strong><\/li>\n<li><strong>La inform\u00e1tica y las comunicaciones: <\/strong>No hay salida fuera de la econom\u00eda digital. Hay que acelerar su desarrollo. En la regi\u00f3n existen muy buenas universidades en estas materias. \u00a0El mercado del Internet de las cosas es de billones de d\u00f3lares. Apuesta por el turismo digital.<\/li>\n<li>\u00a0<strong>Sinergias: <\/strong>Tras la fallida experiencia del Arco Meditarr\u00e1neo, establecer alianzas relevantes, con visibilidad internacional conjunta pero coherente con la identidad regional. Tarragona y Castell\u00f3n no se \u201chablan\u201d, Alicante y Murcia tampoco,\u2026 esto habr\u00eda que superarlo.<\/li>\n<li><strong>Globalizaci\u00f3n: <\/strong>Fallamos en los idiomas. La exportaci\u00f3n y la internacionalizaci\u00f3n son la joya de la corona de una econom\u00eda moderna. Hay que unir esfuerzos y dise\u00f1ar estrategias espec\u00edficas para abordar mercados emergentes, como China, por ejemplo.<strong><\/strong><\/li>\n<li><strong>Equipos multidisciplinares: <\/strong>Apertura de mentes para superar los peque\u00f1os vicios y servidumbres de cada disciplina. La innovaci\u00f3n florece especialmente en los cruces de caminos, en las fronteras de cada especialidad, estableciendo puentes y canales de comunicaci\u00f3n. Colaborando y no compartimentando.<\/li>\n<\/ol>\n<p>&nbsp;<\/p>\n","protected":false},"excerpt":{"rendered":"<p>El murciano Andr\u00e9s Pedre\u00f1o Mu\u00f1oz, exrector de la Universidad de Alicante, se ha jubilado anticipadamente como catedr\u00e1tico de Econom\u00eda Aplicada. Con tal motivo, la instituci\u00f3n alicantina, \u00a0que ya hab\u00eda distinguido al profesor Pedre\u00f1o \u00a0con su medalla de oro en 2008, celebr\u00f3, hace unos d\u00edas, \u00a0un emotivo acto de despedida que cont\u00f3 con la presencia, entre [&hellip;]<\/p>\n","protected":false},"author":26,"featured_media":0,"comment_status":"open","ping_status":"closed","sticky":false,"template":"","format":"standard","meta":[],"categories":[6,12],"tags":[55,175,194,265,327,423,500],"_links":{"self":[{"href":"https:\/\/blogs.laverdad.es\/faro\/wp-json\/wp\/v2\/posts\/305"}],"collection":[{"href":"https:\/\/blogs.laverdad.es\/faro\/wp-json\/wp\/v2\/posts"}],"about":[{"href":"https:\/\/blogs.laverdad.es\/faro\/wp-json\/wp\/v2\/types\/post"}],"author":[{"embeddable":true,"href":"https:\/\/blogs.laverdad.es\/faro\/wp-json\/wp\/v2\/users\/26"}],"replies":[{"embeddable":true,"href":"https:\/\/blogs.laverdad.es\/faro\/wp-json\/wp\/v2\/comments?post=305"}],"version-history":[{"count":0,"href":"https:\/\/blogs.laverdad.es\/faro\/wp-json\/wp\/v2\/posts\/305\/revisions"}],"wp:attachment":[{"href":"https:\/\/blogs.laverdad.es\/faro\/wp-json\/wp\/v2\/media?parent=305"}],"wp:term":[{"taxonomy":"category","embeddable":true,"href":"https:\/\/blogs.laverdad.es\/faro\/wp-json\/wp\/v2\/categories?post=305"},{"taxonomy":"post_tag","embeddable":true,"href":"https:\/\/blogs.laverdad.es\/faro\/wp-json\/wp\/v2\/tags?post=305"}],"curies":[{"name":"wp","href":"https:\/\/api.w.org\/{rel}","templated":true}]}}