{"id":318,"date":"2016-01-04T01:12:04","date_gmt":"2016-01-04T00:12:04","guid":{"rendered":"http:\/\/blogs.laverdad.es\/faro\/?p=318"},"modified":"2016-01-04T01:12:04","modified_gmt":"2016-01-04T00:12:04","slug":"los-5-posts-mas-interesantes-de-2015","status":"publish","type":"post","link":"https:\/\/blogs.laverdad.es\/faro\/2016\/01\/04\/los-5-posts-mas-interesantes-de-2015\/","title":{"rendered":"Los 5 posts m\u00e1s interesantes de 2015"},"content":{"rendered":"<p>No siendo un experto, resulta obligado documentarse, compartir inquietudes con otras personas apasionadas por la innovaci\u00f3n y aprender de autores de referencia, que te facilitan en gran manera la formaci\u00f3n necesaria para abordar proyectos innovadores y la tarea de permanente actualizaci\u00f3n que se requiere para escribir entradas sobre este tema con cierto conocimiento de causa.<\/p>\n<p>Por otra parte, es estimulante tratar de aportar reflexiones y ejemplos que no dejen indiferentes a los destinatarios de los mensajes. Para ello, la condici\u00f3n necesaria es que les lleguen. Obviamente, si uno se somete a la exposici\u00f3n p\u00fablica que supone tener un blog es porque aspira a que le lean.<\/p>\n<p>Aunque as\u00ed no fuera, es decir, aunque uno no tuviera lectores (y mis cifras son modestas), escribir un blog\u00a0 es un ejercicio de autodisciplina y de ordenaci\u00f3n de ideas <strong><a href=\"http:\/\/tarful.com\/blog\/10-razones-por-las-que-debes-escribir-un-blog\/\">recomendable<\/a>, <\/strong>no exento de<strong> <\/strong>estr\u00e9s, \u00a0como reflej\u00e9, hace unos meses, \u00a0coincidiendo con el segundo aniversario de esta bit\u00e1cora, en el post <a href=\"https:\/\/blogs.laverdad.es\/faro\/2015\/07\/21\/vivir-en-clave-de-blog-60-60-10\/\"><strong>\u201cvivir en clave de blog\u201d<\/strong><\/a><strong>,<\/strong> en el que resumo en un v\u00eddeo los fundamentos de un proyecto innovador que tuve ocasi\u00f3n de impulsar,<\/p>\n<p><a href=\"\/faro\/wp-content\/uploads\/sites\/25\/2016\/01\/razones-blog2.jpg\"><img loading=\"lazy\" class=\"aligncenter size-full wp-image-322\" title=\"razones blog\" src=\"\/faro\/wp-content\/uploads\/sites\/25\/2016\/01\/razones-blog2.jpg\" alt=\"\" width=\"500\" height=\"380\" srcset=\"https:\/\/static-blogs.laverdad.es\/wp-content\/uploads\/sites\/25\/2016\/01\/razones-blog2.jpg 500w, https:\/\/static-blogs.laverdad.es\/wp-content\/uploads\/sites\/25\/2016\/01\/razones-blog2-300x228.jpg 300w\" sizes=\"(max-width: 500px) 100vw, 500px\" \/><\/a><\/p>\n<p><strong>\u00a0<\/strong><\/p>\n<p><strong>\u00a0<\/strong>Ahora, reci\u00e9n estrenado el 2016, parece obligado recapitular sobre mi actividad bloguera y reflexionar sobre los contenidos que m\u00e1s inter\u00e9s han suscitado entre mis lectores durante el a\u00f1o pasado.<\/p>\n<p>En reconocimiento y gratitud hacia ellos &#8211; hacia vosotros, si me est\u00e1is leyendo -rese\u00f1o, a continuaci\u00f3n, los\u00a0<strong>5 posts m\u00e1s seguidos del a\u00f1o 2015<\/strong>, tras el resumen acumulativo del 2014, para no perder la perspectiva general del blog y para incidir en los mensajes clave.<\/p>\n<p>A modo de felicitaci\u00f3n, adjunto mi pieza de m\u00fasica cl\u00e1sica favorita, la <em>Marcha Radetzky<\/em>,\u00a0 con\u00a0<strong>mis mejores deseos para todos para el a\u00f1o que comienza<\/strong>, entre ellos el que cada uno, dentro de sus posibilidades se convierta en un activista de la innovaci\u00f3n.<\/p>\n<p>&nbsp;<\/p>\n<p><iframe loading=\"lazy\" src=\"https:\/\/www.youtube.com\/embed\/qeTHzkOs0dU\" frameborder=\"0\" width=\"560\" height=\"315\"><\/iframe><\/p>\n<p><strong>\u00a0<\/strong><\/p>\n<p align=\"center\"><strong>Resumen 2014:<\/strong><\/p>\n<p><strong>\u00a0<\/strong><a href=\"https:\/\/blogs.laverdad.es\/faro\/2015\/01\/09\/como-ser-mas-innovador-en-2015\/\"><strong>\u00bfC\u00f3mo ser m\u00e1s innovador en 2015?<\/strong><\/a><strong>. <\/strong>Todas las recetas siguen vigentes.<\/p>\n<p align=\"center\"><strong><em>\u00a0<\/em><\/strong><\/p>\n<p align=\"center\"><strong><em>Posts m\u00e1s le\u00eddos en 2015<\/em><\/strong><\/p>\n<p><a href=\"https:\/\/blogs.laverdad.es\/faro\/2015\/11\/08\/el-abogado-del-diablo\/\"><strong>El abogado del diablo<\/strong><\/a><strong>: <\/strong>El mayor asesino de la innovaci\u00f3n. El cl\u00e1sico ponedor de pegas cuando no de palos en las ruedas. El que siempre dice<em>:\u201dNo tengo tiempo. No es el momento. Es mejor no hacer nada. Nuestro caso es distinto,\u2026<\/em>\u201d. El que no sabe\/no contesta. El que no se atreve. El que se refugia en el silente boicot del d\u00eda a dia, como dice Xavier Marcet, para no cambiar nada.<\/p>\n<p><a href=\"https:\/\/blogs.laverdad.es\/faro\/2015\/12\/23\/innovar-en-tiempos-liquidos\/\"><strong>Innovar en tiempos l\u00edquidos<\/strong><\/a>: En una sociedad exponencial, impredecible, cuyos avances tecnol\u00f3gicos se producen en progresi\u00f3n geom\u00e9trica, no vale dar pasos lineales. Hay que desarrollar la capacidad de adaptaci\u00f3n al entorno similar a la de los l\u00edquidos al recipiente que los contiene.<\/p>\n<p><strong><a href=\"https:\/\/blogs.laverdad.es\/faro\/2015\/06\/11\/10-razones-para-crear-una-agencia-regional-de-investigacion-e-innovacion\/\">10 razones para crear una Agencia regional de Investigaci\u00f3n e Innovaci\u00f3n<\/a><\/strong>: Como recoge el Plan Estrat\u00e9gico de la Regi\u00f3n de Murcia 2014-2020, es necesaria la creaci\u00f3n de un <strong>instrumento operativo\u00a0de referencia <\/strong>que facilite el impulso y la coordinaci\u00f3n de actuaciones innovadoras, la colaboraci\u00f3n entre los agentes regionales de la I+D+i y la\u00a0 divulgaci\u00f3n de los conceptos relacionados con la innovaci\u00f3n. La \u00faltima regi\u00f3n espa\u00f1ola que ha anunciado la puesta en marcha de una agencia de investigaci\u00f3n e innovaci\u00f3n ha sido la <strong><a href=\"http:\/\/www.lasprovincias.es\/economia\/201512\/25\/garcia-reche-afirma-perdido-20151225114423.html\">Comunidad Valenciana<\/a><\/strong>.<\/p>\n<p><strong><a href=\"https:\/\/blogs.laverdad.es\/faro\/2015\/05\/07\/nos-hacemos-los-suecos\/\">\u00bfNos hacemos los suecos?:<\/a> <\/strong>Suecia ha tenido la valent\u00eda, obligada por la necesidad, de cuestionar con \u00e9xito los pilares intocables de la burocracia. Un caso que deber\u00eda ser objeto de estudio y de debate pol\u00edtico, y del que, extra\u00f1amente, se habla muy poco.<\/p>\n<p><a href=\"https:\/\/blogs.laverdad.es\/faro\/2015\/03\/02\/ya-que-tu-pagas-tu-mandas\/\"><strong>Ya que t\u00fa pagas t\u00fa mandas<\/strong><\/a>: Uno de los casos pr\u00e1cticos m\u00e1s innovadores que conozco es el de la Agencia Municipal Tributaria del Ayuntamiento de Murcia. No se han limitado a aplicar tecnolog\u00eda sobre procedimientos burocr\u00e1ticos antiguos sino que se han redise\u00f1ado \u00e9stos desde la \u00f3ptica del ciudadano. Todo un ejemplo a estudiar y a imitar, porque el modelo es perfectamente exportable a cualquier administraci\u00f3n p\u00fablica. <strong><\/strong><\/p>\n<p>&nbsp;<\/p>\n","protected":false},"excerpt":{"rendered":"<p>No siendo un experto, resulta obligado documentarse, compartir inquietudes con otras personas apasionadas por la innovaci\u00f3n y aprender de autores de referencia, que te facilitan en gran manera la formaci\u00f3n necesaria para abordar proyectos innovadores y la tarea de permanente actualizaci\u00f3n que se requiere para escribir entradas sobre este tema con cierto conocimiento de causa. [&hellip;]<\/p>\n","protected":false},"author":26,"featured_media":0,"comment_status":"open","ping_status":"closed","sticky":false,"template":"","format":"standard","meta":[],"categories":[20,7,14],"tags":[37,185,310,389,554],"_links":{"self":[{"href":"https:\/\/blogs.laverdad.es\/faro\/wp-json\/wp\/v2\/posts\/318"}],"collection":[{"href":"https:\/\/blogs.laverdad.es\/faro\/wp-json\/wp\/v2\/posts"}],"about":[{"href":"https:\/\/blogs.laverdad.es\/faro\/wp-json\/wp\/v2\/types\/post"}],"author":[{"embeddable":true,"href":"https:\/\/blogs.laverdad.es\/faro\/wp-json\/wp\/v2\/users\/26"}],"replies":[{"embeddable":true,"href":"https:\/\/blogs.laverdad.es\/faro\/wp-json\/wp\/v2\/comments?post=318"}],"version-history":[{"count":0,"href":"https:\/\/blogs.laverdad.es\/faro\/wp-json\/wp\/v2\/posts\/318\/revisions"}],"wp:attachment":[{"href":"https:\/\/blogs.laverdad.es\/faro\/wp-json\/wp\/v2\/media?parent=318"}],"wp:term":[{"taxonomy":"category","embeddable":true,"href":"https:\/\/blogs.laverdad.es\/faro\/wp-json\/wp\/v2\/categories?post=318"},{"taxonomy":"post_tag","embeddable":true,"href":"https:\/\/blogs.laverdad.es\/faro\/wp-json\/wp\/v2\/tags?post=318"}],"curies":[{"name":"wp","href":"https:\/\/api.w.org\/{rel}","templated":true}]}}