{"id":323,"date":"2016-01-19T19:54:15","date_gmt":"2016-01-19T18:54:15","guid":{"rendered":"http:\/\/blogs.laverdad.es\/faro\/?p=323"},"modified":"2016-01-19T19:54:15","modified_gmt":"2016-01-19T18:54:15","slug":"rebeldes-con-causa","status":"publish","type":"post","link":"https:\/\/blogs.laverdad.es\/faro\/2016\/01\/19\/rebeldes-con-causa\/","title":{"rendered":"Rebeldes con causa"},"content":{"rendered":"<p>Hace 15 a\u00f1os, <strong><a href=\"http:\/\/blog.cabreramc.com\/quien-es-jose-cabrera\/\">Jos\u00e9 Cabrera<\/a><\/strong>, en su calidad de presidente de Sun Microsystems, compa\u00f1\u00eda posteriormente adquirida por Oracle en 2010, se desplaz\u00f3 a Murcia para inaugurar, junto al entonces Consejero de Econom\u00eda y Hacienda, Juan Bernal, el <strong><a href=\"http:\/\/www.vdigitalrm.es\/servlet\/integra.servlets.Multimedias?METHOD=VERMULTIMEDIA_2812&#038;nombre=vdrm003.pdf\">Java Center<\/a><\/strong> que se instal\u00f3 en la sede de la Fundaci\u00f3n Integra, en aquellos momentos uno de los escasos centros avanzados de desarrollo de aplicaciones para Internet que exist\u00edan en Espa\u00f1a.<\/p>\n<p>Cabrera, actualmente asesor de Oracle Ib\u00e9rica, tras unabrillante trayectoria como directivo, es un consultor experto en liderazgo y en nuevas estrategias de gesti\u00f3n de organizaciones que predica el valor de la inteligencia colectiva, la creatividad y el <strong>trabajo colaborativo<\/strong> como palancas de cambio de las empresas y de las instituciones ante el reto de su adaptabilidad a un entorno cada vez m\u00e1s complejo.<\/p>\n<div id=\"attachment_324\" style=\"width: 784px\" class=\"wp-caption aligncenter\"><a href=\"\/faro\/wp-content\/uploads\/sites\/25\/2016\/01\/redarquia.jpg\"><img aria-describedby=\"caption-attachment-324\" loading=\"lazy\" class=\"size-full wp-image-324\" title=\"redarquia\" src=\"\/faro\/wp-content\/uploads\/sites\/25\/2016\/01\/redarquia.jpg\" alt=\"\" width=\"774\" height=\"532\" srcset=\"https:\/\/static-blogs.laverdad.es\/wp-content\/uploads\/sites\/25\/2016\/01\/redarquia.jpg 774w, https:\/\/static-blogs.laverdad.es\/wp-content\/uploads\/sites\/25\/2016\/01\/redarquia-300x206.jpg 300w, https:\/\/static-blogs.laverdad.es\/wp-content\/uploads\/sites\/25\/2016\/01\/redarquia-768x528.jpg 768w\" sizes=\"(max-width: 774px) 100vw, 774px\" \/><\/a><p id=\"caption-attachment-324\" class=\"wp-caption-text\">https:\/\/trabajocolaborativoenred.wordpress.com\/2015\/11\/12\/mejorando-las-organizaciones-burocraticas-hacia-organizaciones-duales\/<\/p><\/div>\n<p>Jos\u00e9 Cabrera acu\u00f1\u00f3 el t\u00e9rmino <strong>redarqu\u00eda <\/strong>bas\u00e1ndose en el modelo colaborativo que permite crear productos innovadores a los desarrolladores de <strong>software libre<\/strong>, que es justamente el contrario al paradigma de las jerarqu\u00edas burocr\u00e1ticas, construidas sobre el esqueleto de sus <strong><a href=\"https:\/\/redarquia.wordpress.com\/2015\/05\/06\/redarquia-el-ocaso-del-organigrama\/\">r\u00edgidos organigramas<\/a><\/strong> que ahogan la creatividad, consagran el poder vertical y penalizan la colaboraci\u00f3n.<\/p>\n<p>Como dice el propio Cabrera, \u201c<em>frente al tradicional modelo organizativo jer\u00e1rquico, en el que las \u00f3rdenes son impuestas y discurren exclusivamente de arriba abajo, la <strong>redarqu\u00eda<\/strong> es un sistema que funciona de abajo arriba: las decisiones y las soluciones emergen de forma natural como destilaci\u00f3n espont\u00e1nea de la\u00a0<a title=\"Inteligencia colectiva\" href=\"https:\/\/es.wikipedia.org\/wiki\/Inteligencia_colectiva\">inteligencia colectiva<\/a><\/em>\u201d<\/p>\n<p>Ambos modelos, el cl\u00e1sico de la jerarqu\u00eda y el emergente de la redarqu\u00eda no son excluyentes entre s\u00ed, \u00a0est\u00e1n <strong>condenados a entenderse<\/strong>, por lo menos durante un tiempo. El orden y el control son importantes para la ejecuci\u00f3n de las actividades cotidianas de las organizaciones pero las innovaciones surgen de colaborar, de compartir, de asumir que el error forma parte del \u00e9xito, de tolerar ciertas dosis de desorden.<\/p>\n<p>Vivimos tiempos de <strong><a href=\"https:\/\/trabajocolaborativoenred.wordpress.com\/2015\/11\/12\/mejorando-las-organizaciones-burocraticas-hacia-organizaciones-duales\/\">organizaciones duales<\/a><\/strong>, que deben aprender a complementar el funcionamiento en modo burocr\u00e1tico, cerrado, jer\u00e1rquico, vertical, en el que prima el orden y la rutina pero que asegura los resultados de hoy con el estilo abierto, informal, \u00e1gil, colaborativo y horizontal del modelo red\u00e1rquico necesario para que florezcan las innovaciones.<br \/>\n<iframe loading=\"lazy\" src=\"https:\/\/www.youtube.com\/embed\/wcL23GPIYfI\" frameborder=\"0\" width=\"560\" height=\"315\"><\/iframe><\/p>\n<p>En el caso de las Administraciones P\u00fablicas, \u00bfc\u00f3mo se introduce el virus de la redarqu\u00eda en un modelo cerrado y burocr\u00e1tico? \u00bfC\u00f3mo se evoluciona hacia un gobierno abierto e innovador? \u00bfC\u00f3mo se elimina, \u00a0de una vez por todas, el <strong><a href=\"https:\/\/trabajocolaborativoenred.wordpress.com\/2009\/02\/13\/barreras-en-la-adminstracion-publica-para-el-trabajo-colaborativo\/\">s\u00edndrome del jard\u00edn vallado<\/a>, <\/strong>\u00a0\u00a0la defensa a ultranza del metro cuadrado de poder organizativo de algunos jefecillos mediocres que no entienden que compartir y colaborar supone a\u00f1adir valor y eficiencia a recursos que no le\u00a0 pertenecen? \u00a0\u00bfPara cu\u00e1ndo el paradigma de <strong>Administraciones en red<\/strong> que demandamos los ciudadanos?<\/p>\n<p>Hay indicios esperanzadores, en el panorama nacional, de que las cosas est\u00e1n cambiando, que se respiran aires nuevos por lo que respecta a la Administraci\u00f3n abierta e innovadora que exigen los tiempos, como se puede apreciar en el <strong><a href=\"http:\/\/www.jusap.ejgv.euskadi.eus\/r47-contbpip\/es\/contenidos\/informacion\/bp_pip_hasiera_14_16\/es_100707\/index.shtml\">Plan de Innovaci\u00f3n P\u00fablica<\/a> <\/strong>del gobierno vasco, o en el <strong><a href=\"http:\/\/governacio.gencat.cat\/ca\/pgov_ambits_d_actuacio\/pgov_funcio_publica\/pla_reforma_administracio\/\">Plan de Reforma de la Administraci\u00f3n<\/a><\/strong> catalana.<\/p>\n<p><a href=\"\/faro\/wp-content\/uploads\/sites\/25\/2016\/01\/Intraemprendizaje_publico1.jpg\"><img loading=\"lazy\" class=\"size-full wp-image-326 alignleft\" title=\"Intraemprendizaje_publico\" src=\"\/faro\/wp-content\/uploads\/sites\/25\/2016\/01\/Intraemprendizaje_publico1.jpg\" alt=\"\" width=\"219\" height=\"314\" srcset=\"https:\/\/static-blogs.laverdad.es\/wp-content\/uploads\/sites\/25\/2016\/01\/Intraemprendizaje_publico1.jpg 219w, https:\/\/static-blogs.laverdad.es\/wp-content\/uploads\/sites\/25\/2016\/01\/Intraemprendizaje_publico1-209x300.jpg 209w\" sizes=\"(max-width: 219px) 100vw, 219px\" \/><\/a>Mucha culpa de ello hay que atribu\u00edrsela a unos <em>guerrilleros<\/em> esforzados en terrenos hostiles, catalizadores de cambios, con la colaboraci\u00f3n entre iguales como bandera. Son los motores internos de la innovaci\u00f3n, los <strong><a href=\"https:\/\/blogs.laverdad.es\/faro\/2014\/03\/16\/tiburones-y-delfines\/\">bichos raros<\/a><\/strong>, de Alberto Ortiz de Z\u00e1rate, un perfil reiteradamente citado en este blog. Son los <strong><a href=\"http:\/\/www.contunegocio.es\/recursos-humanos\/manifiesto-de-los-rebeldes-con-causa-15-reglas-para-intraemprendedores\/\">rebeldes con causa<\/a> <\/strong>que<strong> <\/strong>para<strong> <\/strong>Virgilio Gallardo constituyen el recurso m\u00e1s valioso para una organizaci\u00f3n que pretende ser innovadora.<\/p>\n<p>La causa \u00faltima que mueve a estos \u201cantisistema\u201d es la de transformar las Administraciones P\u00fablicas desde dentro. El plazo de inscripci\u00f3n en este grupo de intraemprendedores est\u00e1 permanente abierto. El tr\u00e1mite es muy sencillo, basta con firmar un documento de compromiso. Se dispone de un retrato robot que comentaremos en el pr\u00f3ximo post.<\/p>\n","protected":false},"excerpt":{"rendered":"<p>Hace 15 a\u00f1os, Jos\u00e9 Cabrera, en su calidad de presidente de Sun Microsystems, compa\u00f1\u00eda posteriormente adquirida por Oracle en 2010, se desplaz\u00f3 a Murcia para inaugurar, junto al entonces Consejero de Econom\u00eda y Hacienda, Juan Bernal, el Java Center que se instal\u00f3 en la sede de la Fundaci\u00f3n Integra, en aquellos momentos uno de los [&hellip;]<\/p>\n","protected":false},"author":26,"featured_media":0,"comment_status":"open","ping_status":"closed","sticky":false,"template":"","format":"standard","meta":[],"categories":[6,8,15],"tags":[49,86,246,301,400,449,479,516],"_links":{"self":[{"href":"https:\/\/blogs.laverdad.es\/faro\/wp-json\/wp\/v2\/posts\/323"}],"collection":[{"href":"https:\/\/blogs.laverdad.es\/faro\/wp-json\/wp\/v2\/posts"}],"about":[{"href":"https:\/\/blogs.laverdad.es\/faro\/wp-json\/wp\/v2\/types\/post"}],"author":[{"embeddable":true,"href":"https:\/\/blogs.laverdad.es\/faro\/wp-json\/wp\/v2\/users\/26"}],"replies":[{"embeddable":true,"href":"https:\/\/blogs.laverdad.es\/faro\/wp-json\/wp\/v2\/comments?post=323"}],"version-history":[{"count":0,"href":"https:\/\/blogs.laverdad.es\/faro\/wp-json\/wp\/v2\/posts\/323\/revisions"}],"wp:attachment":[{"href":"https:\/\/blogs.laverdad.es\/faro\/wp-json\/wp\/v2\/media?parent=323"}],"wp:term":[{"taxonomy":"category","embeddable":true,"href":"https:\/\/blogs.laverdad.es\/faro\/wp-json\/wp\/v2\/categories?post=323"},{"taxonomy":"post_tag","embeddable":true,"href":"https:\/\/blogs.laverdad.es\/faro\/wp-json\/wp\/v2\/tags?post=323"}],"curies":[{"name":"wp","href":"https:\/\/api.w.org\/{rel}","templated":true}]}}