{"id":352,"date":"2016-03-18T01:17:05","date_gmt":"2016-03-18T00:17:05","guid":{"rendered":"http:\/\/blogs.laverdad.es\/faro\/?p=352"},"modified":"2016-03-18T01:17:05","modified_gmt":"2016-03-18T00:17:05","slug":"el-liderazgo-inverso","status":"publish","type":"post","link":"https:\/\/blogs.laverdad.es\/faro\/2016\/03\/18\/el-liderazgo-inverso\/","title":{"rendered":"El liderazgo inverso"},"content":{"rendered":"<p>Pr\u00f3xima la Semana Santa, recuerdo con nostalgia los lejanos d\u00edas de vacaciones familiares en <strong>Cieza<\/strong>. Despu\u00e9s de comer, tras jugar unas partidas de ajedrez en el desaparecido Casino (actual Museo de Medina Siyasa), sol\u00eda salir al campo en coche, un Seat 127, con mi particular \u201ctroupe\u201d infantil: mis hijos y mis sobrinos.<\/p>\n<div id=\"attachment_353\" style=\"width: 1034px\" class=\"wp-caption aligncenter\"><a href=\"\/faro\/wp-content\/uploads\/sites\/25\/2016\/03\/floracion2.jpg\"><img aria-describedby=\"caption-attachment-353\" loading=\"lazy\" class=\"size-full wp-image-353\" title=\"floracion Cieza\" src=\"\/faro\/wp-content\/uploads\/sites\/25\/2016\/03\/floracion2.jpg\" alt=\"\" width=\"1024\" height=\"678\" srcset=\"https:\/\/static-blogs.laverdad.es\/wp-content\/uploads\/sites\/25\/2016\/03\/floracion2.jpg 1024w, https:\/\/static-blogs.laverdad.es\/wp-content\/uploads\/sites\/25\/2016\/03\/floracion2-300x199.jpg 300w, https:\/\/static-blogs.laverdad.es\/wp-content\/uploads\/sites\/25\/2016\/03\/floracion2-768x509.jpg 768w\" sizes=\"(max-width: 1024px) 100vw, 1024px\" \/><\/a><p id=\"caption-attachment-353\" class=\"wp-caption-text\">http:\/\/www.murciavisual.net\/?p=9043<\/p><\/div>\n<p>Con independencia del paraje elegido, la experiencia hab\u00eda ido configurando \u00a0dos tipos de \u201cprograma\u201d, dependiendo b\u00e1sicamente del<strong> acompa\u00f1ante adulto<\/strong> (s\u00f3lo cab\u00eda uno en el coche; la parte trasera estaba dedicada enteramente a los ni\u00f1os), que me auxiliaba en las tareas de gobernar a aquellos 5 \u00f3 6 cr\u00edos en aquellas expediciones vespertinas.<\/p>\n<p>Los candidatos habituales a cubrir la plaza de copiloto disponible eran, por orden de antig\u00fcedad, <strong>mi padre y mi mujer<\/strong>, si bien la voluntad de mi c\u00f3nyuge ten\u00eda (y tiene) l\u00f3gica prioridad, y pose\u00eda (y posee) su propia capacidad de liderazgo, nada despreciable.<\/p>\n<p><strong>Caso 1: Mi padre<\/strong><\/p>\n<p>La agenda la marcaba yo inicialmente, y mi padre aceptaba mi <strong>\u201cliderazgo\u201d<\/strong>. El destino era variable,\u00a0 dada la gran riqueza paisaj\u00edstica del entorno ciezano. Una vez llegados al lugar elegido como base, dej\u00e1bamos el coche y busc\u00e1bamos nuevas rutas a pie.<\/p>\n<p>Ataviados con ropa deportiva, observ\u00e1bamos la naturaleza, descubr\u00edamos plantas que no hab\u00edamos visto nunca, analiz\u00e1bamos restos de alg\u00fan animal, como camisas de serpiente, \u00a0que disparaban nuestra imaginaci\u00f3n y nos generaban a veces cierta inquietud.<\/p>\n<p>&nbsp;<\/p>\n<p>&nbsp;<\/p>\n<p><iframe loading=\"lazy\" src=\"https:\/\/www.youtube.com\/embed\/ECTYCdcvygg\" frameborder=\"0\" width=\"560\" height=\"315\"><\/iframe><\/p>\n<p>&nbsp;<\/p>\n<p>Nos adentr\u00e1bamos en alg\u00fan bosquecillo, <strong>nos ayud\u00e1bamos unos a otro<\/strong>s bajando terraplenes o escalando suaves colinas. Explor\u00e1bamos las ruinas de alguna casa construida en un sitio inexplicable, disfrutamos de parajes preciosos que desconoc\u00edamos \u2026<\/p>\n<p><strong>Los ni\u00f1os<\/strong> nos desbordaban con sus correr\u00edas imprudentes, con sus continuas sugerencias, que la voz de la experiencia intentaba controlar o moderar, pero muchas veces nos arrastraban (siempre dentro de un orden) en su af\u00e1n de descubrimiento y de aventura, \u00a0despertando nuestro aletargado esp\u00edritu infantil.<\/p>\n<p>\u00c9ramos un <strong>equipo comprometid<\/strong>o en un proyecto com\u00fan: pasarlo bien juntos disfrutando de la Naturaleza.<\/p>\n<p>Cuando anochec\u00eda, volv\u00edamos a Cieza para ver las procesiones cansados, polvorientos, comentando las peripecias de la jornada, pactando un silencio c\u00f3mplice acerca de las peque\u00f1as incidencias o ara\u00f1azos sufridos pero ilusionados,<strong> pensando en la excursi\u00f3n del d\u00eda siguiente<\/strong>, en la que, como siempre, me dejar\u00edan marcar inicialmente el rumbo pero ya se encargar\u00edan los ni\u00f1os de ir introduciendo, sobre la marcha, las variaciones oportunas, las que le daban emoci\u00f3n a la aventura.<\/p>\n<p><strong>Caso 2: Mi mujer<\/strong><\/p>\n<p>A mi mujer no le gustaba tanto el campo ni el deporte y prefer\u00eda \u00a0en aquellos momentos un programa, digamos m\u00e1s <strong>prudente<\/strong>, \u00a0m\u00e1s tranquilo, menos buc\u00f3lico, como tomar caf\u00e9 en alguna venta cercana,\u00a0 y pasear tranquilamente, tomando el sol por los alrededores.<\/p>\n<p>Piloto y copiloto decid\u00edamos el plan de esa tarde sin escuchar a la \u201ctripulaci\u00f3n\u201d. Nosotros habl\u00e1bamos de nuestras cosas, control\u00e1bamos a los peques pero no interactu\u00e1bamos apenas con ellos. \u00a0<strong>Los cr\u00edos se adaptaban<\/strong>, jugaban entre ellos y tambi\u00e9n disfrutaban con esta opci\u00f3n, pero sin duda, les resultaba m\u00e1s estimulante el caso 1.<\/p>\n<p><strong>El liderazgo inverso<\/strong><\/p>\n<p>Estos gratos recuerdos personales que me apetece evocar hoy, en este post prevacacional, distendido pero no exento de emoci\u00f3n (mi padre falleci\u00f3 hace 10 a\u00f1os), \u00a0ni de mensaje, \u00a0ha sido inspirado por un magn\u00edfico art\u00edculo de Gregorio Delgado: <strong><a href=\"http:\/\/www.puromarketing.com\/14\/23489\/ninos-nos-ensenan-liderar-maxima-motivacion-liderazgo-inverso.html\">\u201cLos ni\u00f1os nos ense\u00f1an a liderar: m\u00e1xima motivaci\u00f3n con liderazgo inverso\u201d.<\/a><\/strong><\/p>\n<p>Qu\u00e9 lejos est\u00e1bamos mi padre y yo de saber entonces que aplic\u00e1bamos lo que los expertos en gesti\u00f3n de recursos humanos denominan ahora <strong>liderazgo inverso<\/strong>, de <em>abajo a arriba<\/em>, un concepto que apela a la potencia\u00a0 innovadora de las propuestas e ideas que los componentes de los equipos pueden hacer a los directivos de las organizaciones.<\/p>\n<p>&nbsp;<\/p>\n<p><iframe loading=\"lazy\" src=\"https:\/\/www.youtube.com\/embed\/xHOJTD5I5Ng\" frameborder=\"0\" width=\"560\" height=\"315\"><\/iframe><\/p>\n<p>La <strong>motivaci\u00f3n y la creatividad<\/strong>, t\u00edpicas de la edad infantil, pueden suponer una fuente de innovaci\u00f3n que es f\u00e1cil de incentivar. Una persona que, <em>motu proprio<\/em>, \u00a0propone ideas de mejora es una persona comprometida, que como m\u00ednimo merece ser o\u00edda.<\/p>\n<p>Si\u00a0 los l\u00edderes formales de las empresas e instituciones se limitan a hablar s\u00f3lo con sus <em>copilotos oficiales<\/em> (equipo de confianza) <a href=\"https:\/\/blogs.laverdad.es\/faro\/2016\/02\/19\/innovacion-publica-4-barreras-y-como-superarlas\/\">y <strong>no escuchan a sus empleados<\/strong><\/a>,\u00a0 con independencia de su rango dentro de la organizaci\u00f3n, \u00a0\u00a0seguro que se perder\u00e1n los beneficios derivados de explorar nuevos caminos.<\/p>\n<p><strong>Congreso Nacional de Innovaci\u00f3n y Servicios P\u00fablicos (CNIS 2016)<\/strong><\/p>\n<p>Los pasados 2 y 3 de marzo se celebr\u00f3 en Madrid, organizado por el Club de Innovaci\u00f3n este congreso, punto de encuentro de los intraemprendedores p\u00fablicos, agentes de cambio, que aspiran a contribuir a la transformaci\u00f3n de las Administraciones P\u00fablicas ejerciendo un <strong>liderazgo inverso<\/strong> basado en su\u00a0 compromiso personal.<\/p>\n<p>Nos ocuparemos con detalle de este evento en el pr\u00f3ximo post, pero anticipo una sugerencia que nos traslad\u00f3, \u00a0a Juli\u00e1n Valero y a m\u00ed, \u00a0Miguel de Bas, el director del Club de Innovaci\u00f3n: la creaci\u00f3n del <strong><a href=\"https:\/\/blogs.laverdad.es\/faro\/2016\/02\/04\/la-desobediencia-necesaria-para-innovar\/\">cap\u00edtulo regional de este club<\/a><\/strong>. \u00bfQui\u00e9n se anima?<\/p>\n<p>&nbsp;<\/p>\n","protected":false},"excerpt":{"rendered":"<p>Pr\u00f3xima la Semana Santa, recuerdo con nostalgia los lejanos d\u00edas de vacaciones familiares en Cieza. Despu\u00e9s de comer, tras jugar unas partidas de ajedrez en el desaparecido Casino (actual Museo de Medina Siyasa), sol\u00eda salir al campo en coche, un Seat 127, con mi particular \u201ctroupe\u201d infantil: mis hijos y mis sobrinos. Con independencia del [&hellip;]<\/p>\n","protected":false},"author":26,"featured_media":0,"comment_status":"open","ping_status":"closed","sticky":false,"template":"","format":"standard","meta":[],"categories":[7,11,15,18],"tags":[71,99,115,124,138,209,233],"_links":{"self":[{"href":"https:\/\/blogs.laverdad.es\/faro\/wp-json\/wp\/v2\/posts\/352"}],"collection":[{"href":"https:\/\/blogs.laverdad.es\/faro\/wp-json\/wp\/v2\/posts"}],"about":[{"href":"https:\/\/blogs.laverdad.es\/faro\/wp-json\/wp\/v2\/types\/post"}],"author":[{"embeddable":true,"href":"https:\/\/blogs.laverdad.es\/faro\/wp-json\/wp\/v2\/users\/26"}],"replies":[{"embeddable":true,"href":"https:\/\/blogs.laverdad.es\/faro\/wp-json\/wp\/v2\/comments?post=352"}],"version-history":[{"count":0,"href":"https:\/\/blogs.laverdad.es\/faro\/wp-json\/wp\/v2\/posts\/352\/revisions"}],"wp:attachment":[{"href":"https:\/\/blogs.laverdad.es\/faro\/wp-json\/wp\/v2\/media?parent=352"}],"wp:term":[{"taxonomy":"category","embeddable":true,"href":"https:\/\/blogs.laverdad.es\/faro\/wp-json\/wp\/v2\/categories?post=352"},{"taxonomy":"post_tag","embeddable":true,"href":"https:\/\/blogs.laverdad.es\/faro\/wp-json\/wp\/v2\/tags?post=352"}],"curies":[{"name":"wp","href":"https:\/\/api.w.org\/{rel}","templated":true}]}}