{"id":369,"date":"2016-05-01T11:55:41","date_gmt":"2016-05-01T09:55:41","guid":{"rendered":"http:\/\/blogs.laverdad.es\/faro\/?p=369"},"modified":"2018-07-02T09:54:44","modified_gmt":"2018-07-02T07:54:44","slug":"como-mejorar-nuestra-creatividad","status":"publish","type":"post","link":"https:\/\/blogs.laverdad.es\/faro\/2016\/05\/01\/como-mejorar-nuestra-creatividad\/","title":{"rendered":"C\u00f3mo mejorar nuestra creatividad"},"content":{"rendered":"<p align=\"center\"><strong><em>Sue\u00f1os inspiradores<\/em><\/strong><\/p>\n<p><strong>Paul Mc Cartney<\/strong> compuso <em>\u201cYesterday\u201d<\/em>, una de las canciones m\u00e1s o\u00eddas y versionadas de la historia de la m\u00fasica, una ma\u00f1ana al despertarse, tras rondarle toda la noche en la cabeza esta melod\u00eda que tanto \u00e9xito tuvo despu\u00e9s.<\/p>\n<p>&nbsp;<\/p>\n<p><iframe loading=\"lazy\" src=\"https:\/\/www.youtube.com\/embed\/I3RdqTCv_iw\" width=\"560\" height=\"315\" frameborder=\"0\"><\/iframe><\/p>\n<p><strong>\u00a0Salvador Dal\u00ed, <\/strong>para estimular su talento creativo, sol\u00eda dar peque\u00f1as cabezadas con una cucharilla entre las manos, de forma que, al caer al suelo, el ruido lo despertara en una fase imaginativa del sue\u00f1o, en la que el cerebro \u00a0se libera de los bloqueos mentales que limitan la <strong><a href=\"https:\/\/blogs.laverdad.es\/faro\/2013\/07\/19\/la-imaginacion-al-poder\/\">creatividad<\/a> <\/strong>con la que todos nacemos.<\/p>\n<p align=\"center\"><strong><em>Todos podemos ser m\u00e1s creativos<\/em><\/strong><\/p>\n<p>El objetivo de este art\u00edculo no es hacer apolog\u00eda de las pesadillas nocturnas involuntarias ni del martirio deliberado de \u00a0interrumpir una placentera siesta, sino incidir en el mensaje de que la creatividad no s\u00f3lo es cuesti\u00f3n de genios aislados que tienen hilo directo con las musas inspiradoras, aunque sea a costa de no dormir:<strong> todos podemos entrenar y mejorar nuestras capacidades creativas, <\/strong>y a plena luz del d\u00eda.<\/p>\n<div id=\"attachment_370\" style=\"width: 397px\" class=\"wp-caption aligncenter\"><a href=\"\/faro\/wp-content\/uploads\/sites\/25\/2016\/05\/actitudcreativa_Einstein.png\"><img aria-describedby=\"caption-attachment-370\" loading=\"lazy\" class=\" wp-image-370 \" title=\"actitudcreativa_Einstein\" src=\"\/faro\/wp-content\/uploads\/sites\/25\/2016\/05\/actitudcreativa_Einstein.png\" alt=\"Einstein y la actitud\" width=\"387\" height=\"345\" srcset=\"https:\/\/static-blogs.laverdad.es\/wp-content\/uploads\/sites\/25\/2016\/05\/actitudcreativa_Einstein.png 1081w, https:\/\/static-blogs.laverdad.es\/wp-content\/uploads\/sites\/25\/2016\/05\/actitudcreativa_Einstein-300x268.png 300w, https:\/\/static-blogs.laverdad.es\/wp-content\/uploads\/sites\/25\/2016\/05\/actitudcreativa_Einstein-768x686.png 768w, https:\/\/static-blogs.laverdad.es\/wp-content\/uploads\/sites\/25\/2016\/05\/actitudcreativa_Einstein-1024x914.png 1024w\" sizes=\"(max-width: 387px) 100vw, 387px\" \/><\/a><p id=\"caption-attachment-370\" class=\"wp-caption-text\">http:\/\/www.idearium30.com\/marketing-creatividad-i56<\/p><\/div>\n<p>En general, se estima que la gen\u00e9tica determina como m\u00e1ximo la tercera parte de nuestras habilidades naturales. Depende por tanto de nosotros, de nuestra actitud, la decisi\u00f3n de utilizar las <strong><a href=\"http:\/\/www.neuronilla.com\/desarrolla-tu-creatividad\/tecnicas-de-creatividad\/\">numerosas, variadas e incluso divertidas t\u00e9cnicas<\/a><\/strong> que existen actualmente para ayudarnos a generar ideas creativas, condici\u00f3n necesaria para que florezcan las innovaciones.<\/p>\n<p><strong>&#8220;Crear en sue\u00f1os&#8221;<\/strong> es una <em>herramienta<\/em> m\u00e1s, involuntaria por cierto, de una amplia <strong><a href=\"http:\/\/www.idearium30.com\/marketing-creatividad-i56\">lista<\/a>.<\/strong>\u00a0\u00bfQui\u00e9n no se ha levantado a medianoche alguna vez para anotar una idea que se le ha ocurrido tras irse a la cama pensando obsesivamente en un problema o un reto?<\/p>\n<p align=\"center\"><strong><em>Innovar no es s\u00f3lo para listos <\/em><\/strong><\/p>\n<p>\u00bfC\u00f3mo nacen las ideas creativas? Muchos innovadores dicen que las mejores ideas les vienen cuando est\u00e1n relajados, sin pensar en nada aparentemente, dando largos paseos o al despertarse pero no saben explicar bien el proceso de gestaci\u00f3n. \u00a0Los neurocient\u00edficos est\u00e1n estudiando las bases biol\u00f3gicas de este proceso de alumbramiento. Lo \u00fanico seguro, por el momento, es que todas las ideas geniales nacen<strong> tras dedicarles mucho tiempo y esfuerzos obsesivos<\/strong>, en un\u00a0<em>parto doloroso<\/em>.<\/p>\n<div id=\"attachment_371\" style=\"width: 193px\" class=\"wp-caption alignleft\"><a href=\"\/faro\/wp-content\/uploads\/sites\/25\/2016\/05\/usar-cerebro_manes.jpg\"><img aria-describedby=\"caption-attachment-371\" loading=\"lazy\" class=\"size-full wp-image-371 alignleft\" title=\"usar cerebro_manes\" src=\"\/faro\/wp-content\/uploads\/sites\/25\/2016\/05\/usar-cerebro_manes.jpg\" alt=\"\" width=\"183\" height=\"275\" \/><\/a><p id=\"caption-attachment-371\" class=\"wp-caption-text\">C\u00f3mo nacen las ideas creativas<\/p><\/div>\n<p>Como asegura una autoridad en la materia, <strong><a href=\"https:\/\/facundomanes.com\/\">Facundo Manes<\/a><\/strong>, en su libro <em>\u201cUsar el cerebro\u201d<\/em>, aunque estemos dormidos, el cerebro sigue procesando informaci\u00f3n, con una actividad neuronal similar a la que se produce en pleno proceso creativo.<\/p>\n<p>En opini\u00f3n del <strong><a href=\"https:\/\/facundomanes.com\/category\/libro\/\">Dr. Manes<\/a>, l<\/strong>a creatividad depende m\u00e1s de la\u00a0<strong><a href=\"https:\/\/blogs.laverdad.es\/faro\/2016\/04\/16\/la-obsesion-y-la-perseverancia\/\">obsesi\u00f3n y de la perseverancia<\/a><\/strong>\u00a0que del coeficiente intelectual.Desde un\u00a0punto de vista biol\u00f3gico, hay que ser un poco obsesivo, un poco <em>loco<\/em> tambi\u00e9n (no mucho, como dice textualmente), saber enfocar el problema a resolver de manera simple, ser valiente, estar dispuesto a equivocarse, saber desconectar \u00a0\u2026y caminar en solitario, como sol\u00edan hacer Beethoven o Steve Jobs.<\/p>\n<p align=\"center\"><strong><em>Ejemplos concretos de plantillas y moldes creativos<\/em><\/strong><\/p>\n<p><strong><a href=\"http:\/\/www.nesta.org.uk\/\">NESTA<\/a> <\/strong>es una fundaci\u00f3n brit\u00e1nica de referencia mundial en la difusi\u00f3n de la cultura de la innovaci\u00f3n, en sentido amplio, y en el desarrollo de proyectos innovadores en diversas \u00e1reas de trabajo, tanto en el sector p\u00fablico como en el privado.<\/p>\n<p>Para facilitar la generaci\u00f3n de ideas creativas inherente al proceso innovador, NESTA ha dise\u00f1ado una <strong><a href=\"http:\/\/es.diytoolkit.org\/tools\/fast-idea-generator-2\/\">curiosa plantilla<\/a><\/strong> con aspecto matem\u00e1tico, que utiliza t\u00e9rminos como <em>inversi\u00f3n, integraci\u00f3n, extensi\u00f3n, diferenciaci\u00f3n o exageraci\u00f3n<\/em> para desafiar las reglas formales que bloquean la creatividad.<\/p>\n<p style=\"text-align: center;\"><a href=\"\/faro\/wp-content\/uploads\/sites\/25\/2016\/05\/fast-idea-generator_preview.png\"><img loading=\"lazy\" class=\"aligncenter wp-image-373\" title=\"fast-idea-generator_preview\" src=\"\/faro\/wp-content\/uploads\/sites\/25\/2016\/05\/fast-idea-generator_preview.png\" alt=\"\" width=\"660\" height=\"467\" srcset=\"https:\/\/static-blogs.laverdad.es\/wp-content\/uploads\/sites\/25\/2016\/05\/fast-idea-generator_preview.png 1140w, https:\/\/static-blogs.laverdad.es\/wp-content\/uploads\/sites\/25\/2016\/05\/fast-idea-generator_preview-300x212.png 300w, https:\/\/static-blogs.laverdad.es\/wp-content\/uploads\/sites\/25\/2016\/05\/fast-idea-generator_preview-768x543.png 768w, https:\/\/static-blogs.laverdad.es\/wp-content\/uploads\/sites\/25\/2016\/05\/fast-idea-generator_preview-1024x724.png 1024w\" sizes=\"(max-width: 660px) 100vw, 660px\" \/><\/a><\/p>\n<p>Se trata de romper, doblar o extender las normas tradicionales al uso con objeto de generar ideas que, incluso, podr\u00edan parecer absurdas en un principio, como puede ser, por ejemplo, la de invertir los papeles de un m\u00e9dico y un paciente: <strong><em>\u00bfqu\u00e9 pasar\u00eda si los pacientes se convirtieran en doctores?\u00a0<\/em><\/strong><\/p>\n<p>Esta hip\u00f3tesis est\u00e1 propiciando una realidad inminente: el nuevo paradigma de la <strong><a href=\"http:\/\/comsalud.es\/appsalud\/los-dispositivos-moviles-nos-acercan-a-la-salud-3-0-pacientes-participando-en-el-diagnostico\/\">Salud 3.0<\/a>, la salud conectada, <\/strong>en el que los pacientes participan en el diagn\u00f3stico y colaboran con la clase m\u00e9dica y con otras personas que padecen la misma enfermedad.<\/p>\n<p>El neologismo <strong><a href=\"http:\/\/www.amaliorey.com\/2011\/11\/21\/innobox-moldes-creativos-para-innovar-post-269\/\">molde creativo<\/a><\/strong> ha sido acu\u00f1ado por <strong>Amalio Rey<\/strong>, un aut\u00e9ntico referente en hacer de la innovaci\u00f3n un trabajo gratificante, divertido y eminentemente pr\u00e1ctico, como debe ser, bajo el lema tan cl\u00e1sico como el de aprender haciendo, &#8220;<em>amasar la arcilla con las propias manos&#8221;<\/em>.<\/p>\n<p>Ha dise\u00f1ado una interesant\u00edsima herramienta, \u00a0<a href=\"http:\/\/www.innobox.es\/\"><strong>Innobox<\/strong><\/a>, de libre acceso,\u00a0polivalente, \u00a0que tiene algunos puntos conceptuales en com\u00fan con la plantilla de generaci\u00f3n de ideas de NESTA, pero que va mucho m\u00e1s all\u00e1, desde el punto de vista pr\u00e1ctico y did\u00e1ctico para facilitar a empresas y organizaciones el proceso de descubrir oportunidades de innovaci\u00f3n.<br \/>\n<iframe loading=\"lazy\" src=\"https:\/\/www.youtube.com\/embed\/4m2ya3dhn9A\" width=\"560\" height=\"315\" frameborder=\"0\"><\/iframe><\/p>\n<p align=\"center\"><strong><em>Mensaje final<\/em><\/strong><\/p>\n<p style=\"text-align: left;\" align=\"center\">Todo aquello que es parte de una <strong>rutina no estimula ni desaf\u00eda al cerebro<\/strong>. La gen\u00e9tica predispone pero influye relativamente poco en la creatividad.\u00a0 La actitud personal,los h\u00e1bitos de vida, la sociabilidad, las inquietudes culturales, los retos intelectuales, el uso de las herramientas generadoras de ideas, las condiciones del entorno son factores decisivos para el desarrollo creativo.<\/p>\n<p>La llamada <strong><a href=\"https:\/\/es.wikipedia.org\/wiki\/Econom%C3%ADa_creativa\">econom\u00eda creativa<\/a><\/strong> abarca a la i<strong>ndustria cultural<\/strong> (arte, entretenimiento, dise\u00f1o, arquitectura, publicidad, gastronom\u00eda,\u2026), tambi\u00e9n denominada llamada <strong><a href=\"http:\/\/www.portafolio.co\/economia\/finanzas\/economia-naranja-36832\">econom\u00eda naranja<\/a>, <\/strong>\u00a0y a la <strong>econom\u00eda del conocimiento<\/strong> (educaci\u00f3n e investigaci\u00f3n, \u00a0alta tecnolog\u00eda, TIC, rob\u00f3tica, nanotecnolog\u00eda, biotecnolog\u00eda, \u2026). Ambas son intensivas en creatividad, como factor precursor de la innovaci\u00f3n.<\/p>\n<p>Siempre se ha dicho que la necesidad agudiza el ingenio. Las regiones menos desarrolladas, desde el reconocimiento objetivo de sus carencias, tienen la <strong>oportunidad hist\u00f3rica de movilizarse<\/strong>, no dir\u00eda yo que con alevos\u00eda pero s\u00ed que con nocturnidad si es preciso, y por supuesto con\u00a0premeditaci\u00f3n con pasi\u00f3n, con obstinaci\u00f3n y perseverancia para acelerar su desarrollo, fomentando la creatividad como principal recurso de futuro.<\/p>\n<p><strong><a href=\"http:\/\/www.innobasque.eus\/microsite\/cultura-de-la-innovacion\/que-hacemos\/\">Innobasque<\/a><\/strong>, la Agencia de Innovaci\u00f3n del Gobierno Vasco, marca un camino a seguir.<\/p>\n<p>&nbsp;<\/p>\n<p>&nbsp;<\/p>\n<p>&nbsp;<\/p>\n","protected":false},"excerpt":{"rendered":"<p>Sue\u00f1os inspiradores Paul Mc Cartney compuso \u201cYesterday\u201d, una de las canciones m\u00e1s o\u00eddas y versionadas de la historia de la m\u00fasica, una ma\u00f1ana al despertarse, tras rondarle toda la noche en la cabeza esta melod\u00eda que tanto \u00e9xito tuvo despu\u00e9s. &nbsp; \u00a0Salvador Dal\u00ed, para estimular su talento creativo, sol\u00eda dar peque\u00f1as cabezadas con una cucharilla [&hellip;]<\/p>\n","protected":false},"author":26,"featured_media":0,"comment_status":"open","ping_status":"closed","sticky":false,"template":"","format":"standard","meta":[],"categories":[19,3,14,16,18],"tags":[50,135,137,222,286,383,513],"_links":{"self":[{"href":"https:\/\/blogs.laverdad.es\/faro\/wp-json\/wp\/v2\/posts\/369"}],"collection":[{"href":"https:\/\/blogs.laverdad.es\/faro\/wp-json\/wp\/v2\/posts"}],"about":[{"href":"https:\/\/blogs.laverdad.es\/faro\/wp-json\/wp\/v2\/types\/post"}],"author":[{"embeddable":true,"href":"https:\/\/blogs.laverdad.es\/faro\/wp-json\/wp\/v2\/users\/26"}],"replies":[{"embeddable":true,"href":"https:\/\/blogs.laverdad.es\/faro\/wp-json\/wp\/v2\/comments?post=369"}],"version-history":[{"count":1,"href":"https:\/\/blogs.laverdad.es\/faro\/wp-json\/wp\/v2\/posts\/369\/revisions"}],"predecessor-version":[{"id":752,"href":"https:\/\/blogs.laverdad.es\/faro\/wp-json\/wp\/v2\/posts\/369\/revisions\/752"}],"wp:attachment":[{"href":"https:\/\/blogs.laverdad.es\/faro\/wp-json\/wp\/v2\/media?parent=369"}],"wp:term":[{"taxonomy":"category","embeddable":true,"href":"https:\/\/blogs.laverdad.es\/faro\/wp-json\/wp\/v2\/categories?post=369"},{"taxonomy":"post_tag","embeddable":true,"href":"https:\/\/blogs.laverdad.es\/faro\/wp-json\/wp\/v2\/tags?post=369"}],"curies":[{"name":"wp","href":"https:\/\/api.w.org\/{rel}","templated":true}]}}