{"id":375,"date":"2016-05-17T19:20:46","date_gmt":"2016-05-17T17:20:46","guid":{"rendered":"http:\/\/blogs.laverdad.es\/faro\/?p=375"},"modified":"2016-05-17T19:20:46","modified_gmt":"2016-05-17T17:20:46","slug":"discurso-rey","status":"publish","type":"post","link":"https:\/\/blogs.laverdad.es\/faro\/2016\/05\/17\/discurso-rey\/","title":{"rendered":"El discurso del Rey"},"content":{"rendered":"<p align=\"center\"><strong><em>Un caso real (of course)<\/em><\/strong><\/p>\n<p>La pel\u00edcula del mismo t\u00edtulo, estrenada en 2010, se basa en la historia de Jorge VI,\u00a0 padre de la actual reina Isabel de Inglaterra, \u00a0que super\u00f3 una tartamudez que padec\u00eda desde ni\u00f1o a base de <strong>perseverancia<\/strong> y fruto de los\u00a0 <strong>innovadores m\u00e9todos pedag\u00f3gicos<\/strong> de un logopeda australiano, Lionel Logue.<\/p>\n<p>Eran tiempos convulsos, previos a la Segunda Guerra Mundial, que exig\u00edan un <strong>liderazgo decidido<\/strong>, \u00a0que uniera y movilizara a los ingleses con un lenguaje cercano y motivador. \u00bfC\u00f3mo pod\u00eda alentar de esta forma a la naci\u00f3n un rey tartamudo?<\/p>\n<p><iframe loading=\"lazy\" src=\"https:\/\/www.youtube.com\/embed\/KpssjoKZK1w\" frameborder=\"0\" width=\"420\" height=\"315\"><\/iframe><\/p>\n<p align=\"center\"><strong><em>Todo el mundo recomienda innovar, pero \u2026<\/em><\/strong><\/p>\n<p>En la actualidad, pocas cuestiones suscitan tanta <strong>unanimidad en todos los discursos<\/strong> como la importancia de la innovaci\u00f3n, en sentido amplio, como principal motor de prosperidad y de bienestar social en las sociedades modernas.<\/p>\n<p>Proliferan las voces inspiradoras en forma de libros, conferencias, art\u00edculos o posts, de procedencia \u00a0institucional o privada, de \u00edndole cient\u00edfico-tecnol\u00f3gica, econ\u00f3mica, social, t\u00e9cnica o divulgativa que abundan en los aspectos te\u00f3ricos y metodol\u00f3gicos de la innovaci\u00f3n, as\u00ed como en las referencias a los casos de \u00e9xito m\u00e1s ilustradores.<\/p>\n<p>Estas manifestaciones, todas sin excepci\u00f3n, son <strong>favorables a la cultura de la innovaci\u00f3n<\/strong>. No tengo constancia de ning\u00fan testimonio en contra. Pero s\u00ed de autores que se pronuncian de forma m\u00e1s comprometida y transgresora que otros, con el \u00e1nimo de provocar cambios y de inducir actuaciones.<\/p>\n<p>Uno de ellos es Virgilio Gallardo, \u00a0del que ya me hice eco en el post \u00a0<strong><a href=\"https:\/\/blogs.laverdad.es\/faro\/2016\/01\/19\/rebeldes-con-causa\/\">rebeldes con causa.<\/a>\u00a0<\/strong>En otro art\u00edculo, bajo un titulo tan provocador, y tan sugerente a la vez, <strong><a href=\"http:\/\/www.contunegocio.es\/innovacion\/discursos-mentiras-sobre-innovacion\/\">&#8220;Discursos y mentiras sobre innovaci\u00f3n&#8221;<\/a><\/strong>\u00a0, desgrana algunos motivos por los que las buenas intenciones se suelen quedar en palabras: falta de tiempo, de recursos y de implicaci\u00f3n de los directivos.<\/p>\n<p>Xavi Camps \u00a0dedica un post a una de estas razones, quiz\u00e1, junto a la falta de compromiso de los directivos, la m\u00e1s socorrida: <strong><a href=\"http:\/\/thejazzmusician-xavier.blogspot.com.es\/2015\/06\/sin-tiempo-para-innovar-no-hay.html\">la falta de tiempo.\u00a0<\/a><\/strong><\/p>\n<p><a href=\"\/faro\/wp-content\/uploads\/sites\/25\/2016\/05\/tiempo-para-innovar.png\"><img loading=\"lazy\" class=\"aligncenter size-full wp-image-376\" title=\"tiempo para innovar\" src=\"\/faro\/wp-content\/uploads\/sites\/25\/2016\/05\/tiempo-para-innovar.png\" alt=\"reloj con leyenda\" width=\"320\" height=\"292\" srcset=\"https:\/\/static-blogs.laverdad.es\/wp-content\/uploads\/sites\/25\/2016\/05\/tiempo-para-innovar.png 320w, https:\/\/static-blogs.laverdad.es\/wp-content\/uploads\/sites\/25\/2016\/05\/tiempo-para-innovar-300x274.png 300w\" sizes=\"(max-width: 320px) 100vw, 320px\" \/><\/a><\/p>\n<p>&nbsp;<\/p>\n<p style=\"text-align: center;\"><strong><em>\u201cPocas fuerzas humanas son tan poderosas como una visi\u00f3n compartida\u201d (Peter Senge)<\/em><\/strong><\/p>\n<p>Es importante generalizar la idea de que la innovaci\u00f3n es un concepto transversal e inclusivo, que se basa en las<strong> personas<\/strong>, en su creatividad, en su conocimiento, en su motivaci\u00f3n, en su capacidad de trabajar en equipo.<\/p>\n<p>Afecta, por tanto, a la sociedad en su conjunto, al sector privado pero tambi\u00e9n al p\u00fablico,\u00a0 y a los propios ciudadanos, superando los \u00e1mbitos puramente cient\u00edficos y tecnol\u00f3gicos y los planteamientos estrictamente econ\u00f3micos.<\/p>\n<p>El pleno desarrollo de un territorio requiere generar una <strong>visi\u00f3n compartida<\/strong>, \u00a0que los mensajes sobre la innovaci\u00f3n <strong>lleguen a toda la sociedad<\/strong> y no queden confinados s\u00f3lo a ciertos entornos especializados. Y que las palabras se traduzcan en hechos concretando actuaciones que prueben que la innovaci\u00f3n es una apuesta estrat\u00e9gica real.<\/p>\n<p><a style=\"text-align: center; background-color: #f3f3f3;\" href=\"http:\/\/innovationforsocialchange.org\/claves-para-construir-una-vision-compartida-en-tu-proyecto-u-organizacion\/\"><img loading=\"lazy\" class=\" wp-image-377 \" title=\"vision-compartida\" src=\"\/faro\/wp-content\/uploads\/sites\/25\/2016\/05\/vision-compartida.jpg\" alt=\"\" width=\"725\" height=\"819\" srcset=\"https:\/\/static-blogs.laverdad.es\/wp-content\/uploads\/sites\/25\/2016\/05\/vision-compartida.jpg 978w, https:\/\/static-blogs.laverdad.es\/wp-content\/uploads\/sites\/25\/2016\/05\/vision-compartida-266x300.jpg 266w, https:\/\/static-blogs.laverdad.es\/wp-content\/uploads\/sites\/25\/2016\/05\/vision-compartida-768x868.jpg 768w, https:\/\/static-blogs.laverdad.es\/wp-content\/uploads\/sites\/25\/2016\/05\/vision-compartida-906x1024.jpg 906w\" sizes=\"(max-width: 725px) 100vw, 725px\" \/><\/a><\/p>\n<div class=\"mceTemp mceIEcenter\">\n<dl id=\"attachment_377\" class=\"wp-caption aligncenter\" style=\"width: 735px;\">\n<dd class=\"wp-caption-dd\">Visi\u00f3n compartida (http:\/\/innovationforsocialchange.org\/claves-para-construir-una-vision-compartida-en-tu-proyecto-u-organizacion\/)<\/dd>\n<\/dl>\n<\/div>\n<p>&nbsp;<\/p>\n<p align=\"center\"><strong><em>Discurso de nuestro Rey<\/em><\/strong><\/p>\n<p style=\"text-align: left;\">Para una instituci\u00f3n de referencia en Espa\u00f1a,\u00a0<strong><a href=\"http:\/\/www.cotec.es\/index-temp.html\">COTEC,<\/a>\u00a0<\/strong>\u00a0innovar es cambiar desde el conocimiento: &#8220;<em>innovar es todo cambio (no s\u00f3lo tecnol\u00f3gico) basado en todo conocimiento (no s\u00f3lo cient\u00edfico) que genere valor (no s\u00f3lo econ\u00f3mico)\u201d.<\/em><\/p>\n<p style=\"text-align: left;\">Las grandes causas siempre necesitan discursos movilizadores, como el que pronunci\u00f3 nuestro Rey, <strong><a href=\"http:\/\/www.casareal.es\/ES\/Actividades\/Paginas\/actividades_discursos_detalle.aspx?data=5569\">Felipe VI<\/a><\/strong>, el pasado 13\/05\/16 \u00a0en el d\u00eda de la Innovaci\u00f3n, en la clausura del acto organizado por COTEC, del que extraemos algunas consideraciones:<\/p>\n<div id=\"attachment_378\" style=\"width: 582px\" class=\"wp-caption aligncenter\"><a href=\"\/faro\/wp-content\/uploads\/sites\/25\/2016\/05\/Rey_Informe_Cotec_20160513_12-1.jpg\"><img aria-describedby=\"caption-attachment-378\" loading=\"lazy\" class=\" wp-image-378 \" title=\"Rey_Informe_Cotec_20160513_12 (1)\" src=\"\/faro\/wp-content\/uploads\/sites\/25\/2016\/05\/Rey_Informe_Cotec_20160513_12-1.jpg\" alt=\"\" width=\"572\" height=\"351\" srcset=\"https:\/\/static-blogs.laverdad.es\/wp-content\/uploads\/sites\/25\/2016\/05\/Rey_Informe_Cotec_20160513_12-1.jpg 636w, https:\/\/static-blogs.laverdad.es\/wp-content\/uploads\/sites\/25\/2016\/05\/Rey_Informe_Cotec_20160513_12-1-300x184.jpg 300w\" sizes=\"(max-width: 572px) 100vw, 572px\" \/><\/a><p id=\"caption-attachment-378\" class=\"wp-caption-text\">S.M. Felipe VI, COTEC<\/p><\/div>\n<p>&nbsp;<\/p>\n<ul>\n<li>La innovaci\u00f3n debe ser un<strong>\u00a0valor transversa<\/strong>l de nuestra cultura que hay que abordar con una <strong>visi\u00f3n integral<\/strong>.<\/li>\n<li>El reto de la innovaci\u00f3n es u<strong>n reto colectivo<\/strong>: son colectivos los \u00e9xitos de un pa\u00eds innovador.<\/li>\n<li>Existe un paralelismo claro con el <strong>deporte. <\/strong>La creatividad es tan buena para la mente como el ejercicio f\u00edsico para el cuerpo. Los \u00e9xitos individuales se potencian con la planificaci\u00f3n a medio y largo plazo en su proyecci\u00f3n a toda la sociedad.<\/li>\n<li>El <strong>sistema educativo<\/strong> es fundamental. A innovar se aprende, y adem\u00e1s, a cualquier edad.<\/li>\n<li>Una <strong>Administraci\u00f3n innovadora<\/strong> es un motor de cambio econ\u00f3mico y social.<\/li>\n<li>El papel de los <strong>medios de comunicaci\u00f3n, y de los creadores de opini\u00f3n\u00a0<\/strong>es clave para difundir y resaltar los avances cient\u00edficos, los conceptos y las mejores pr\u00e1cticas innovadoras.<\/li>\n<li>Los<strong> trabajadores<\/strong> pueden y deben generar innovaciones en su puesto de trabajo.<\/li>\n<li>Cualquier<strong> ciudadano<\/strong> puede aportar ideas que mejoren el bienestar social.<\/li>\n<\/ul>\n<div>En resumen, todos juntos podemos construir una <strong>sociedad innovadora.<\/strong><\/div>\n<p>&nbsp;<\/p>\n<p><a href=\"https:\/\/www.euroresidentes.com\/tecnologia\/in4u\/\"><strong>Otros art\u00edculos publicados<\/strong><\/a><\/p>\n<p>&nbsp;<\/p>\n<p>&nbsp;<\/p>\n","protected":false},"excerpt":{"rendered":"<p>Un caso real (of course) La pel\u00edcula del mismo t\u00edtulo, estrenada en 2010, se basa en la historia de Jorge VI,\u00a0 padre de la actual reina Isabel de Inglaterra, \u00a0que super\u00f3 una tartamudez que padec\u00eda desde ni\u00f1o a base de perseverancia y fruto de los\u00a0 innovadores m\u00e9todos pedag\u00f3gicos de un logopeda australiano, Lionel Logue. Eran [&hellip;]<\/p>\n","protected":false},"author":26,"featured_media":0,"comment_status":"open","ping_status":"closed","sticky":false,"template":"","format":"standard","meta":[],"categories":[9,11],"tags":[134,158,165,223,228,316,446,540,549],"_links":{"self":[{"href":"https:\/\/blogs.laverdad.es\/faro\/wp-json\/wp\/v2\/posts\/375"}],"collection":[{"href":"https:\/\/blogs.laverdad.es\/faro\/wp-json\/wp\/v2\/posts"}],"about":[{"href":"https:\/\/blogs.laverdad.es\/faro\/wp-json\/wp\/v2\/types\/post"}],"author":[{"embeddable":true,"href":"https:\/\/blogs.laverdad.es\/faro\/wp-json\/wp\/v2\/users\/26"}],"replies":[{"embeddable":true,"href":"https:\/\/blogs.laverdad.es\/faro\/wp-json\/wp\/v2\/comments?post=375"}],"version-history":[{"count":0,"href":"https:\/\/blogs.laverdad.es\/faro\/wp-json\/wp\/v2\/posts\/375\/revisions"}],"wp:attachment":[{"href":"https:\/\/blogs.laverdad.es\/faro\/wp-json\/wp\/v2\/media?parent=375"}],"wp:term":[{"taxonomy":"category","embeddable":true,"href":"https:\/\/blogs.laverdad.es\/faro\/wp-json\/wp\/v2\/categories?post=375"},{"taxonomy":"post_tag","embeddable":true,"href":"https:\/\/blogs.laverdad.es\/faro\/wp-json\/wp\/v2\/tags?post=375"}],"curies":[{"name":"wp","href":"https:\/\/api.w.org\/{rel}","templated":true}]}}