{"id":381,"date":"2016-05-28T10:13:17","date_gmt":"2016-05-28T08:13:17","guid":{"rendered":"http:\/\/blogs.laverdad.es\/faro\/?p=381"},"modified":"2016-05-28T10:13:17","modified_gmt":"2016-05-28T08:13:17","slug":"jornada-sobre-innovacion-y-liderazgo","status":"publish","type":"post","link":"https:\/\/blogs.laverdad.es\/faro\/2016\/05\/28\/jornada-sobre-innovacion-y-liderazgo\/","title":{"rendered":"Jornada sobre innovaci\u00f3n y liderazgo"},"content":{"rendered":"<p>El pr\u00f3ximo jueves, d\u00eda 2 de junio se celebra en Murcia una <strong><a title=\"Jornada Innovaci\u00f3n y Liderazgo\" href=\"http:\/\/efiapmurcia.carm.es\/web\/pagina?IDCONTENIDO=85265&#038;IDTIPO=10&#038;RASTRO=c$m2852\">interesante jornada<\/a><\/strong> sobre Innovaci\u00f3n y Liderazgo, organizada por la <strong>Escuela de Formaci\u00f3n e Innovaci\u00f3n de la Administraci\u00f3n P\u00fablica\u00a0<\/strong>regional\u00a0(EFIAP) .<\/p>\n<p>Los destinatarios preferentes son los directivos de las instituciones p\u00fablicas de la regi\u00f3n, es decir, de la Comunidad Aut\u00f3noma, de los Ayuntamientos, de las Universidades y de los organismos dependientes de la Administraci\u00f3n del Estado, pero los dirigentes \u00a0empresariales o personas interesadas pueden solicitar su inscripci\u00f3n en la jornada, supeditada a la disponibilidad de plazas libres.<\/p>\n<div id=\"attachment_382\" style=\"width: 181px\" class=\"wp-caption aligncenter\"><a href=\"\/faro\/wp-content\/uploads\/sites\/25\/2016\/05\/Jornada-Innovac-EFIAP.png\"><img aria-describedby=\"caption-attachment-382\" loading=\"lazy\" class=\"size-full wp-image-382\" title=\"Jornada Innovac EFIAP\" src=\"\/faro\/wp-content\/uploads\/sites\/25\/2016\/05\/Jornada-Innovac-EFIAP.png\" alt=\"Jornada Innovaci\u00f3n y Liderazgo EFIAP\" width=\"171\" height=\"200\" \/><\/a><p id=\"caption-attachment-382\" class=\"wp-caption-text\">El liderazgo transformador<\/p><\/div>\n<p>Bajo el lema: <strong>&#8220;La innovaci\u00f3n, una cuesti\u00f3n personal&#8221;<\/strong>, el leitmotiv de este evento es abordar el liderazgo transformador que necesitan todas las organizaciones, tanto p\u00fablicas como privadas, en la sociedad actual.<\/p>\n<p>Aparte de las autoridades p\u00fablicas regionales intervinientes, <strong>Andr\u00e9s Carrillo<\/strong>, Consejero de Hacienda y Administraci\u00f3n P\u00fablica y <strong>Enrique Gallego<\/strong>, Director General de la Funci\u00f3n P\u00fablica y de la Calidad de los Servicios, a la que est\u00e1 adscrita la <strong><a href=\"http:\/\/efiapmurcia.carm.es\">EFIAP,\u00a0<\/a><\/strong>participan en esta jornada ponentes de prestigio reconocido en el \u00e1mbito de la innovaci\u00f3n, entendida en sentido amplio.<\/p>\n<p>Ponentes que se caracterizan, adem\u00e1s, por su estilo valiente, por hablar claro, por salirse de los caminos trillados y de las rutinas convencionales, a trav\u00e9s de discursos que \u00a0intentan provocar reacciones, impregnados de la sana rebeld\u00eda que se precisa para cambiar las cosas.<\/p>\n<p>A este prop\u00f3sito, me vienen a la memoria los conocidos versos de <strong>Quevedo<\/strong>:<\/p>\n<p style=\"text-align: center;\"><em>No he de callar, por m\u00e1s que con el dedo,<\/em><br \/>\n<em>Ya tocando la boca, ya la frente,<\/em><br \/>\n<em>Me representes o silencio o miedo.<\/em><\/p>\n<p style=\"text-align: center;\"><em>\u00bfNo ha de haber un esp\u00edritu valiente?<\/em><br \/>\n<em>\u00bfSiempre se ha de sentir lo que se dice?<\/em><br \/>\n<em>\u00bfNunca se ha de decir lo que se siente?<\/em><\/p>\n<p style=\"text-align: left;\"><em><strong>Xavier Marcet,<\/strong> consultor<strong>, <\/strong>conferenciante<\/em>, profesor, articulista y escritor\u00a0abrir\u00e1 el fuego con su ponencia: <strong>&#8220;\u00bfEres un l\u00edder o simplemente un jefe?<\/strong>&#8221; . A modo de<em> trailer, <\/em>igual que ir\u00e9 haciendo para el resto de participantes, dejo una frase motivadora y un v\u00eddeo.<\/p>\n<p>La frase: <em>&#8220;\u00bfHas o\u00eddo a <strong>alg\u00fan pol\u00edtico o a alg\u00fan directivo hablar en contra de la innovaci\u00f3n<\/strong>? Si todo el mundo est\u00e1 convencido, \u00bfpor qu\u00e9 cuesta tanto decidirse a innovar?<\/em>&#8221;<\/p>\n<p>El v\u00eddeo, muy corto, hablando sobre <strong>innovaci\u00f3n p\u00fablica<\/strong>:<br \/>\n<iframe loading=\"lazy\" src=\"https:\/\/www.youtube.com\/embed\/J8yqbHvvGpA\" frameborder=\"0\" width=\"560\" height=\"315\"><\/iframe><\/p>\n<p>A continuaci\u00f3n, intervendr\u00e1 <strong>Manuel Arenilla<\/strong>, Director del Instituto Nacional de la Administraci\u00f3n P\u00fablica (INAP), catedr\u00e1tico de Ciencia Pol\u00edtica y de la Administraci\u00f3n: <strong>&#8220;Las AAPP como promotoras de la cultura de la innovaci\u00f3n&#8221;<\/strong>.<\/p>\n<p><em>&#8220;La Administraci\u00f3n P\u00fablica debe asumir un rol ejemplar de <strong>liderazgo con respecto a la innovaci\u00f3n<\/strong>, a trav\u00e9s de mejora de los servicios p\u00fablicos, la orientaci\u00f3n a los ciudadanos, la eficiencia operativa y el est\u00edmulo de la creatividad y la imaginaci\u00f3n&#8221;<\/em><br \/>\n<iframe loading=\"lazy\" src=\"https:\/\/www.youtube.com\/embed\/SC8LIeofknw\" frameborder=\"0\" width=\"560\" height=\"315\"><\/iframe><\/p>\n<p>&nbsp;<\/p>\n<p>Tras la pausa para el caf\u00e9, intervendr\u00e1 <strong>\u00d3scar Cort\u00e9s<\/strong>, Ingeniero industrial, experto en innovaci\u00f3n, escritor. Actualmente trabaja por una Justicia abierta e innovadora:<strong> &#8220;Diez ideas para innovar con \u00e9xito en tu Administraci\u00f3n&#8221;<\/strong>.<\/p>\n<p><em>&#8220;Multitud de obst\u00e1culos mantienen a las Administraciones P\u00fablicas secuestradas en esquemas de funcionamiento decimon\u00f3nicos que hay que desterrar a base de fomentar el talento, el intraemprendimiento y la innovaci\u00f3n&#8221;\u00a0<\/em><\/p>\n<p><iframe loading=\"lazy\" src=\"https:\/\/www.youtube.com\/embed\/n-0B_g2EY_Q\" frameborder=\"0\" width=\"560\" height=\"315\"><\/iframe><\/p>\n<p>&nbsp;<\/p>\n<p>Llega el turno de <strong>Txema Villate, <\/strong>Doctor Ingeniero Industrial, Director General de Innobasque, la Agencia Regional vasca de la Innovaci\u00f3n: <strong>&#8220;Hacia una sociedad innovadora&#8221;.<\/strong><\/p>\n<p><em>&#8220;La innovaci\u00f3n es un valor que se crea entre todos, generando nuevas relaciones sociales y modelos de colaboraci\u00f3n que transforman a la propia sociedad en su conjunto&#8221;<\/em><\/p>\n<p>&nbsp;<\/p>\n<p><iframe loading=\"lazy\" src=\"https:\/\/www.youtube.com\/embed\/McLRllM7isI\" frameborder=\"0\" width=\"560\" height=\"315\"><\/iframe><\/p>\n<p>&nbsp;<\/p>\n<p>Por \u00faltimo, pero no menos importante, intervendr\u00e1 <strong>Encarna L\u00f3pez<\/strong>, Licenciada en Derecho, Directora de la Agencia Municipal Tributaria del Ayuntamiento de Murcia, con un t\u00edtulo tan sugerente y utilizando un tono tan poco usual en las esferas administrativas como:<strong> &#8220;Ya que t\u00fa pagas, t\u00fa mandas&#8221;\u00a0<\/strong><\/p>\n<p><em>&#8220;En la Administraci\u00f3n todav\u00eda parece que no tenemos suficientemente claro que nuestra raz\u00f3n de ser es servir a los ciudadanos, que son los que pagan, evit\u00e1ndoles toda la burocracia posible&#8221;<\/em><\/p>\n<p>No he podido encontrar un v\u00eddeo m\u00e1s corto de Encarna L\u00f3pez, pero el que adjunto (Encarna interviene a partir del minuto 30) tiene la ventaja, sin embargo, de que aparece tambi\u00e9n, al principio,\u00a0<strong>Miguel de Bas<\/strong>, moderador de la jornada, Director del <a href=\"http:\/\/www.clubdeinnovacion.es\/\">Club de Innovaci\u00f3n<\/a>, y del ITCIP, Instituto de Transferencia de Conocimiento en Innovaci\u00f3n P\u00fablica, que colabora, junto a la<a href=\"https:\/\/www.ffis.es\/\"> FFIS<\/a>, y el <a href=\"http:\/\/archivoweb.carm.es\/archivoGeneral\/arg.inicio\">Archivo General de la Regi\u00f3n de Murcia<\/a>, en la organizaci\u00f3n y en el desarollo del evento.<\/p>\n<p>Miguel de Bas tambi\u00e9n merece su frase:<em>&#8220;Es necesario romper la barrera que separa la funci\u00f3n p\u00fablica de la innovaci\u00f3n y la propia imagen que tienen los responsables p\u00fablicos de la innovaci\u00f3n&#8221;. <\/em>Todo un reto, sin duda, al que pretende contribuir a superar el Club de Innovaci\u00f3n p\u00fablica regional, conectado con el nacional, que se pretende crear.\u00bfTe apuntas?<\/p>\n<p>&nbsp;<\/p>\n<p><iframe loading=\"lazy\" src=\"https:\/\/www.youtube.com\/embed\/YF7OXYszXfg\" frameborder=\"0\" width=\"560\" height=\"315\"><\/iframe><\/p>\n<p>&nbsp;<\/p>\n","protected":false},"excerpt":{"rendered":"<p>El pr\u00f3ximo jueves, d\u00eda 2 de junio se celebra en Murcia una interesante jornada sobre Innovaci\u00f3n y Liderazgo, organizada por la Escuela de Formaci\u00f3n e Innovaci\u00f3n de la Administraci\u00f3n P\u00fablica\u00a0regional\u00a0(EFIAP) . Los destinatarios preferentes son los directivos de las instituciones p\u00fablicas de la regi\u00f3n, es decir, de la Comunidad Aut\u00f3noma, de los Ayuntamientos, de las [&hellip;]<\/p>\n","protected":false},"author":26,"featured_media":0,"comment_status":"open","ping_status":"closed","sticky":false,"template":"","format":"standard","meta":[],"categories":[3,7],"tags":[52,113,201,203,305,326,349,353,368,403,552],"_links":{"self":[{"href":"https:\/\/blogs.laverdad.es\/faro\/wp-json\/wp\/v2\/posts\/381"}],"collection":[{"href":"https:\/\/blogs.laverdad.es\/faro\/wp-json\/wp\/v2\/posts"}],"about":[{"href":"https:\/\/blogs.laverdad.es\/faro\/wp-json\/wp\/v2\/types\/post"}],"author":[{"embeddable":true,"href":"https:\/\/blogs.laverdad.es\/faro\/wp-json\/wp\/v2\/users\/26"}],"replies":[{"embeddable":true,"href":"https:\/\/blogs.laverdad.es\/faro\/wp-json\/wp\/v2\/comments?post=381"}],"version-history":[{"count":0,"href":"https:\/\/blogs.laverdad.es\/faro\/wp-json\/wp\/v2\/posts\/381\/revisions"}],"wp:attachment":[{"href":"https:\/\/blogs.laverdad.es\/faro\/wp-json\/wp\/v2\/media?parent=381"}],"wp:term":[{"taxonomy":"category","embeddable":true,"href":"https:\/\/blogs.laverdad.es\/faro\/wp-json\/wp\/v2\/categories?post=381"},{"taxonomy":"post_tag","embeddable":true,"href":"https:\/\/blogs.laverdad.es\/faro\/wp-json\/wp\/v2\/tags?post=381"}],"curies":[{"name":"wp","href":"https:\/\/api.w.org\/{rel}","templated":true}]}}