{"id":384,"date":"2016-06-17T01:02:57","date_gmt":"2016-06-16T23:02:57","guid":{"rendered":"http:\/\/blogs.laverdad.es\/faro\/?p=384"},"modified":"2016-06-17T01:02:57","modified_gmt":"2016-06-16T23:02:57","slug":"marcianos-en-murcia","status":"publish","type":"post","link":"https:\/\/blogs.laverdad.es\/faro\/2016\/06\/17\/marcianos-en-murcia\/","title":{"rendered":"\u00bfMarcianos en Murcia?"},"content":{"rendered":"<p style=\"text-align: center;\"><strong><em>Los marcianos<\/em><\/strong><\/p>\n<p><strong>Ricardo Capilla<\/strong> es un teleco que iba para m\u00e9dico hasta que presenci\u00f3 un accidente que le hizo comprender dr\u00e1sticamente que la Medicina no era lo suyo.\u00a0 Hijo de andaluces, casados por poderes, naci\u00f3 en Brasil justo a los 8 meses (los que tard\u00f3 su madre en embarcarse hacia Sao Paulo tras la boda) m\u00e1s los 15 d\u00edas que duraba la traves\u00eda m\u00e1s los 9 meses de gestaci\u00f3n de rigor.<\/p>\n<div class=\"mceTemp mceIEcenter\">\n<dl id=\"attachment_385\" class=\"wp-caption aligncenter\" style=\"width: 660px;\">\n<dt class=\"wp-caption-dt\"><a href=\"\/faro\/wp-content\/uploads\/sites\/25\/2016\/06\/marcianos.jpg\"><img loading=\"lazy\" class=\"size-full wp-image-385\" title=\"marcianos\" src=\"\/faro\/wp-content\/uploads\/sites\/25\/2016\/06\/marcianos.jpg\" alt=\"desmotivaciones.es\" width=\"650\" height=\"681\" srcset=\"https:\/\/static-blogs.laverdad.es\/wp-content\/uploads\/sites\/25\/2016\/06\/marcianos.jpg 650w, https:\/\/static-blogs.laverdad.es\/wp-content\/uploads\/sites\/25\/2016\/06\/marcianos-286x300.jpg 286w\" sizes=\"(max-width: 650px) 100vw, 650px\" \/><\/a><\/dt>\n<dd class=\"wp-caption-dd\"><\/dd>\n<\/dl>\n<\/div>\n<p>As\u00ed lo cuenta \u00e9l mismo, con su particular gracejo pero desprovisto del \u00a0acento t\u00edpico andaluz, en el provocador y original <strong>v\u00eddeo<\/strong> adjunto, en el que reconoce ser un <strong><em>marciano<\/em><\/strong>, un tipo raro, iconoclasta,\u2026 y del Atleti, que, seg\u00fan \u00e9l, es m\u00e1s que un equipo pero no m\u00e1s que un club. Esto \u00faltimo es de mi cosecha, un madridista confeso y \u00a0<em>und\u00e9cimamente<\/em> feliz.<\/p>\n<p>Tras haber pasado por empresas como Hewlett-Packard, Sun Microsystems o el Grupo Prisa vive desde hace m\u00e1s de 10 a\u00f1os en Galicia, donde ha sido Director General de I+D+i de la Xunta , y de la <a href=\"http:\/\/gain.xunta.es\/\"><strong>Agencia Gallega de la Innovaci\u00f3n<\/strong><\/a>. Actualmente dirige el <a href=\"https:\/\/www.tecnopole.es\/es\"><strong>Parque Tecnol\u00f3gico de Galicia<\/strong><\/a><strong>.<\/strong><\/p>\n<p><iframe loading=\"lazy\" src=\"https:\/\/www.youtube.com\/embed\/ih6ZEbPD2Ys\" frameborder=\"0\" width=\"560\" height=\"315\"><\/iframe><\/p>\n<p>&nbsp;<\/p>\n<p>Para los que no dispongan de los 17 minutos que dura esta \u00a0amena charla TED que protagoniza \u00a0Ricardo Capilla, paso a resumir los mensajes \u00a0que considero m\u00e1s relevantes:<\/p>\n<ul>\n<li>\u201c\u00bfPor qu\u00e9 hay que distinguir entre la gesti\u00f3n p\u00fablica y la privada? Las empresas se juegan su supervivencia pero los gestores p\u00fablicos no se pueden relajar. Deben velar por los intereses de sus <strong>accionistas<\/strong>, que somos todos\u201d<\/li>\n<li>\u201cNo creo en la pol\u00edtica de <strong>subvenciones<\/strong>. Como gestor de una empresa p\u00fablica siempre he procurado realizar una gesti\u00f3n <em>marciana, <\/em>recortando<em> <\/em>la dependencia de las subvenciones de la Administraci\u00f3n y procurando la sostenibilidad\u201d<\/li>\n<li>\u201cLa lucha de ir contracorriente <strong>desgasta mucho<\/strong>. El sistema se defiende con u\u00f1as y dientes. Los m\u00e1ximos apoyos que he recibido han sido frases del tipo: <em>sigue en esa l\u00ednea \u2026 si te dejan<\/em>\u201d<\/li>\n<li>\u201cLas Administraciones P\u00fablicas necesitan a m\u00e1s <strong>gente que cuestione dogmas<\/strong>, formas de hacer, <em>gente marciana\u201d<\/em><\/li>\n<li>\u201cEn las instituciones hay muchos <em><strong>marcianos latentes<\/strong>,<\/em> pendientes de ser convocados\u201d<\/li>\n<\/ul>\n<p align=\"center\">\n<p align=\"center\"><strong><em>\u00bfH\u00e9roes o villanos?<\/em><\/strong><\/p>\n<p>H\u00e9roes y <strong><a href=\"https:\/\/blogs.laverdad.es\/faro\/2016\/01\/19\/rebeldes-con-causa\/\">rebeldes con causa<\/a><\/strong> para unos pocos. Para la mayor\u00eda, villanos, ilusos, ingenuos, \u00a0ut\u00f3picos, bichos raros, iconoclastas, hasta <strong><a href=\"http:\/\/www.xarxaip.cat\/que-es-la-xip\/\">radicales, eso s\u00ed, libres<\/a><\/strong> son apelativos diversos que han prodigado numerosos autores a los <em>marcianos<\/em> de Ricardo Capilla, gente inconformista que no se resigna a vivir en el planeta de la eterna e inmutable burocracia y que aspira a transformar las instituciones desde dentro.<\/p>\n<p><iframe loading=\"lazy\" src=\"https:\/\/www.youtube.com\/embed\/XkqN5c3JGjU\" frameborder=\"0\" width=\"420\" height=\"315\"><\/iframe><\/p>\n<p align=\"center\">\n<p align=\"center\"><strong><em>\u00bfHay marcianos en Murcia?<\/em><\/strong><\/p>\n<p>El pasado 2 de junio se celebr\u00f3 un minicongreso bajo el lema: <strong><a href=\"https:\/\/blogs.laverdad.es\/faro\/2016\/05\/28\/jornada-sobre-innovacion-y-liderazgo\/\">\u201cLa innovaci\u00f3n, una cuesti\u00f3n personal\u201d<\/a><\/strong> en el que 5 de expertos de prestigio reconocido tuvieron la deferencia de abrirnos un hueco \u00a0en sus agendas para venir a Murcia a contarnos sus opiniones y experiencias innovadoras, tanto en el sector p\u00fablico como privado , \u00a0a los m\u00e1s de 200 inscritos, la mayor\u00eda murcianos y presuntos <em>marcianos (<\/em>en el sentido de Capilla, que nadie se ofenda).<\/p>\n<p>En breve se colgar\u00e1 de la <strong>web de la Escuela de Formaci\u00f3n e Innovaci\u00f3n de la Administraci\u00f3n Regional (EFIAP)<\/strong> todo el material audiovisual y documental relativo al desarrollo de la jornada para que todas las personas interesadas puedan revisarlo.<\/p>\n<p>Con motivo del evento, en el que actu\u00f3 de moderador, \u00a0tambi\u00e9n se desplaz\u00f3 a nuestra ciudad, Miguel de Bas, para impulsar la creaci\u00f3n del <strong>cap\u00edtulo regional<\/strong> del Club de Innovaci\u00f3n (CIP), \u00a0que aglutina a unos 1.000 empleados p\u00fablicos de todas las instituciones espa\u00f1olas.<\/p>\n<p>En estos momentos se han adscrito al <strong><a href=\"https:\/\/innovadorescip.wordpress.com\/2016\/06\/03\/creamos-el-capitulo-cip-de-la-region-de-murcia\/\">CIP murciano<\/a><\/strong> medio centenar de innovadores de las instituciones de la Regi\u00f3n, siendo la cuarta comunidad espa\u00f1ola en cuanto a n\u00famero de empleados p\u00fablicos que han firmado el <strong><a href=\"http:\/\/www.clubdeinnovacion.es\/index.php?view=article&#038;catid=15%3Anoticias&#038;id=2422%3Ael-compromiso-del-innovador-publico&#038;option=com_content&#038;Itemid=92\">compromiso de adhesi\u00f3n<\/a><\/strong> al Club, \u00fanico requisito formal para asociarse.<\/p>\n<p>As\u00ed que haberlos, haylos. Yo soy uno de ellos.<\/p>\n<p>&nbsp;<\/p>\n<p>Otros art\u00edculos:<\/p>\n<blockquote>\n<div>\n<div data-smartmail=\"gmail_signature\">\n<div dir=\"ltr\">\n<div dir=\"ltr\"><strong><a href=\"http:\/\/in4u.euroresidentes.com\/\" target=\"_blank\" data-saferedirecturl=\"https:\/\/www.google.com\/url?hl=es&#038;q=http:\/\/in4u.euroresidentes.com\/&#038;source=gmail&#038;ust=1466204098047000&#038;usg=AFQjCNHDBOAO0VDNMASWogkxSv-n_gzlww\">http:\/\/in4u.euroresidentes.<wbr>com\/<\/wbr><\/a><\/strong><\/div>\n<\/div>\n<\/div>\n<\/div>\n<\/blockquote>\n","protected":false},"excerpt":{"rendered":"<p>Los marcianos Ricardo Capilla es un teleco que iba para m\u00e9dico hasta que presenci\u00f3 un accidente que le hizo comprender dr\u00e1sticamente que la Medicina no era lo suyo.\u00a0 Hijo de andaluces, casados por poderes, naci\u00f3 en Brasil justo a los 8 meses (los que tard\u00f3 su madre en embarcarse hacia Sao Paulo tras la boda) [&hellip;]<\/p>\n","protected":false},"author":26,"featured_media":0,"comment_status":"open","ping_status":"closed","sticky":false,"template":"","format":"standard","meta":[],"categories":[6,8],"tags":[101,309,358,412,453],"_links":{"self":[{"href":"https:\/\/blogs.laverdad.es\/faro\/wp-json\/wp\/v2\/posts\/384"}],"collection":[{"href":"https:\/\/blogs.laverdad.es\/faro\/wp-json\/wp\/v2\/posts"}],"about":[{"href":"https:\/\/blogs.laverdad.es\/faro\/wp-json\/wp\/v2\/types\/post"}],"author":[{"embeddable":true,"href":"https:\/\/blogs.laverdad.es\/faro\/wp-json\/wp\/v2\/users\/26"}],"replies":[{"embeddable":true,"href":"https:\/\/blogs.laverdad.es\/faro\/wp-json\/wp\/v2\/comments?post=384"}],"version-history":[{"count":0,"href":"https:\/\/blogs.laverdad.es\/faro\/wp-json\/wp\/v2\/posts\/384\/revisions"}],"wp:attachment":[{"href":"https:\/\/blogs.laverdad.es\/faro\/wp-json\/wp\/v2\/media?parent=384"}],"wp:term":[{"taxonomy":"category","embeddable":true,"href":"https:\/\/blogs.laverdad.es\/faro\/wp-json\/wp\/v2\/categories?post=384"},{"taxonomy":"post_tag","embeddable":true,"href":"https:\/\/blogs.laverdad.es\/faro\/wp-json\/wp\/v2\/tags?post=384"}],"curies":[{"name":"wp","href":"https:\/\/api.w.org\/{rel}","templated":true}]}}