{"id":404,"date":"2016-07-27T23:01:03","date_gmt":"2016-07-27T21:01:03","guid":{"rendered":"http:\/\/blogs.laverdad.es\/faro\/?p=404"},"modified":"2016-07-27T23:01:03","modified_gmt":"2016-07-27T21:01:03","slug":"la-innovacion-es-cosa-de-todos","status":"publish","type":"post","link":"https:\/\/blogs.laverdad.es\/faro\/2016\/07\/27\/la-innovacion-es-cosa-de-todos\/","title":{"rendered":"La innovaci\u00f3n es cosa de todos"},"content":{"rendered":"<p>La Fundaci\u00f3n <strong>COTEC<\/strong>, inspirada por el rey Juan Carlos y presidida actualmente por \u00a0<strong><a href=\"https:\/\/blogs.laverdad.es\/faro\/2016\/05\/17\/discurso-rey\/\">\u00a0Felipe VI<\/a><\/strong> acaba de publicar un interesante documento: <strong><a href=\"http:\/\/cotec.es\/media\/Cotec_dec%C3%A1logo_Porlainnovacion.pdf\">&#8220;10 propuestas para que Espa\u00f1a se incorpore a la econom\u00eda del conocimiento&#8221;<\/a>,<\/strong> un nuevo dec\u00e1logo\u00a0para seguir animando e ilustrando a todos lo que somos creyentes en los pilares de una sociedad innovadora,\u00a0pero no todo lo practicantes que queremos o podemos en la construcci\u00f3n de la misma.<\/p>\n<p><iframe loading=\"lazy\" src=\"https:\/\/www.youtube.com\/embed\/GbXki4Yqu90\" frameborder=\"0\" width=\"560\" height=\"315\"><\/iframe><\/p>\n<p>&nbsp;<\/p>\n<p>Aunque dise\u00f1ados para el \u00e1mbito nacional, los 10 mandamientos de COTEC constituyen sin duda un referente que merece la pena estudiar a fondo, haciendo el ejercicio de su adaptaci\u00f3n a la realidad de nuestra regi\u00f3n, dado que la innovaci\u00f3n es un <strong><a href=\"https:\/\/blogs.laverdad.es\/faro\/2015\/05\/29\/newton-y-la-innovacion-la-proximidad-importa\/\">fen\u00f3meno de distancias cortas<\/a><\/strong>.<\/p>\n<p>Ahora que tanto se habla de la necesidad de articular un nuevo <strong><a href=\"http:\/\/proyectocompah.blogspot.com.es\/2010\/05\/el-pacto-por-la-educacion-y-los-padres.html?view=flipcard\">pacto regional<\/a><\/strong> por la educaci\u00f3n, es oportuno destacar que los 3 primeros mandamientos de COTEC aluden directamente al \u00e1mbito educativo.<\/p>\n<p>Tambi\u00e9n incide la Fundaci\u00f3n COTEC en su dec\u00e1logo en el papel de la <strong>Administraci\u00f3n como reguladora y promotora de la sociedad del conocimiento<\/strong> y en la necesidad de su transformaci\u00f3n como organizaci\u00f3n prestadora de servicios, sin olvidar los imprescindibles aspectos financieros asociados a la innovaci\u00f3n y la importancia de innovar en sectores como el sanitario, el turismo o el agroalimentario. Adjunto un breve resumen:<\/p>\n<p><a href=\"\/faro\/wp-content\/uploads\/sites\/25\/2016\/07\/COTEC_decalogo.jpg\"><img loading=\"lazy\" class=\"aligncenter size-full wp-image-406\" title=\"COTEC_decalogo-300x210\" src=\"\/faro\/wp-content\/uploads\/sites\/25\/2016\/07\/COTEC_decalogo.jpg\" alt=\"\" width=\"300\" height=\"210\" \/><\/a><\/p>\n<p>&nbsp;<\/p>\n<p><strong>1.\u00a0\u00a0\u00a0\u00a0\u00a0\u00a0<\/strong><strong>EDUCAR PARA INNOVAR, INNOVAR PARA EDUCAR<\/strong><\/p>\n<p>La educaci\u00f3n es la primera pol\u00edtica econ\u00f3mica del pa\u00eds. \u00a0 No s\u00f3lo es un requisito para acceder a un empleo de calidad, sino que constituye un instrumento para garantizar la participaci\u00f3n ciudadana, la inclusi\u00f3n social y la igualdad de oportunidades. Formar a personas<strong> creativas e innovadoras<\/strong>, preparadas para el cambio y abiertas a procesos de <strong>aprendizaje permanente<\/strong>.<\/p>\n<p>2.-<strong>TALENTO Y CONOCIMIENTO UNIVERSITARIO<\/strong><\/p>\n<p>Impulsar un sistema universitario que se caracterice por: generaci\u00f3n de <strong>conocimiento y transferencia<\/strong> del mismo al sector productivo; formaci\u00f3n de alta calidad \u2013inicial y permanente-; excelencia cient\u00edfica; <strong>proximidad al mercado laboral<\/strong> y a la sociedad; adem\u00e1s del impulso de la universidad como organizaci\u00f3n innovadora.<\/p>\n<p><strong>3.-CIENCIA FLEXIBLE Y EFICIENTE<\/strong><\/p>\n<p>Blindar el <strong>peso de la I+D dentro del gasto p\u00fablico<\/strong>. Promover ante la UE que el gasto en I+D no compute como d\u00e9ficit en los pa\u00edses cuya inversi\u00f3n se sit\u00fae por debajo de la media europea. Desarrollar la Agencia Estatal de Investigaci\u00f3n.\u00a0\u00a0Favorecer la transferencia de tecnolog\u00eda y la colaboraci\u00f3n del sector p\u00fablico y privado<\/p>\n<p><strong>4.-REGULACI\u00d3N INTELIGENTE\u00a0<\/strong><\/p>\n<p>Priorizar las reformas legislativas que induzcan y faciliten comportamientos innovadores en la econom\u00eda. Fomentar la\u00a0<strong><a href=\"https:\/\/blogs.laverdad.es\/faro\/2014\/12\/27\/la-basura-es-bella\/\">econom\u00eda circular<\/a>.\u00a0<\/strong>Regular los nuevos modelos de negocio de la econom\u00eda colaborativa<strong>.\u00a0<\/strong>Apostar por la\u00a0<strong><a href=\"https:\/\/www.euroresidentes.com\/tecnologia\/in4u\/innovacion-social-y-desarrollo-economic\">innovaci\u00f3n social<\/a><\/strong>\u00a0.<\/p>\n<p><strong>5.-FINANCIAR EL FUTURO\u00a0<\/strong><\/p>\n<p>Facilitar los flujos de cr\u00e9dito y capital a las empresas innovadoras. Estrategias coordinadas con las CCAA para optimizar los instrumentos europeos para financiar proyectos innovadores (Plan Juncker, fondos FEDER y H2020). Incentivar la cooperaci\u00f3n entre CCAA con fondos espec\u00edficos para cofinanciar iniciativas conjuntas entre dos o m\u00e1s de ellas (\u2018jointprogramming\u2019). Potenciar el microcr\u00e9dito como puerta de entrada al emprendimiento y a la innovaci\u00f3n. \u00a0Crear fondos de inversi\u00f3n p\u00fablico-privados de \u2018match-funding\u2019, especialmente en sectores estrat\u00e9gicos que co-inviertan con capital especializado, mejorando los programas existentes (Fondos Invierte, ICO, CDTI, COFIDES, etc). Favorecer la atracci\u00f3n de capital internacional (fondos de \u2018venture capital\u2019, centros de I+D de grandes compa\u00f1\u00edas) con incentivos fiscales a la inversi\u00f3n&#8230;.<\/p>\n<p><strong>6.-CREAR Y CRECER \u00a0<\/strong><\/p>\n<p>Reforzar las pol\u00edticas de fomento de la creaci\u00f3n de empresas innovadoras y, al mismo tiempo, dise\u00f1ar una estrategia para acelerar el crecimiento e internacionalizaci\u00f3n de las empresas de alto potencial, para reducir la elevada atomizaci\u00f3n de los sectores de media y alta tecnolog\u00eda. \u00a0Contribuir\u00a0<strong>al aumento del tama\u00f1o medio del tejido empresarial<\/strong>. Establecer incentivos para favorecer las fusiones entre pymes. Promover esquemas de <strong>innovaci\u00f3n abierta<\/strong> que faciliten la colaboraci\u00f3n entre pymes y gran empresa.<\/p>\n<p><strong>7.-COMPRAS INNOVADORAS\u00a0<\/strong><\/p>\n<p>Las compras p\u00fablicas y las de las grandes empresas pueden convertirse en un importante tractor de innovaci\u00f3n. \u00a0Alcanzar un 3% de Compra P\u00fablica Innovadora en las nuevas licitaciones, para el conjunto de las administraciones p\u00fablicas.<\/p>\n<p><strong>8.-DIGITALIZAR LA ECONOM\u00cdA\u00a0<\/strong><\/p>\n<p>La sociedad digital demanda y facilita el desarrollo de nuevos mercados y obliga a <strong>redefinir las industrias y servicios tradicionales<\/strong>. Fomentar la Agenda de Inversi\u00f3n en infraestructuras de banda ultra-ancha y servicios de contenidos digitales seguros. \u00a0Garantizar una econom\u00eda y sociedad digital integradora e inclusiva. \u00a0Desarrollar el programa \u2018Espa\u00f1a Econom\u00eda 4.0\u2019 para la modernizaci\u00f3n y dinamizaci\u00f3n de los sectores tradicionales. \u00a0Favorecer\u00a0<strong>la colaboraci\u00f3n entre el sector educativo y el sector productivo<\/strong>\u00a0en materia digital para generar procesos, productos y herramientas que faciliten el desarrollo de la innovaci\u00f3n educativa.\u00a0<strong>\u00a0Incorporar en la oferta formativa de FP y Universidad<\/strong>\u00a0\u2013tanto a nivel t\u00e9cnico como investigador\u2013 titulaciones que respondan a perfiles vinculados a la econom\u00eda digital (\u2018cloudcomputing\u2019, \u2018big data\u2019, \u2018Internet de las cosas\u2019, etc)<\/p>\n<p><strong>9.-INNOVAR EN LA ADMINISTRACI\u00d3N P\u00daBLICA\u00a0 <\/strong><\/p>\n<p>Establecer un\u00a0plan de acci\u00f3n sobre<strong> administraci\u00f3n electr\u00f3nica.\u00a0<\/strong>Crear\u00a0<strong>Unidades de Innovaci\u00f3n P\u00fablica, <\/strong>\u00a0dirigidas a identificar y promover buenas pr\u00e1cticas, neutralizar barreras institucionales y apoyar a los <strong>empleados p\u00fablicos innovadores<\/strong>.\u00a0Desarrollar un marco normativo que posibilite el desarrollo y promoci\u00f3n del personal\u00a0<strong>intraemprendedor<\/strong>, as\u00ed como su integraci\u00f3n y encaje dentro de las figuras laborales existentes.\u00a0\u00a0Definir<strong> canales y espacios de comunicaci\u00f3n y participaci\u00f3n entre la Administraci\u00f3n y otros agentes sociales<\/strong>\u00a0\u2013ciudadan\u00eda, tejido empresarial, organizaciones sociales, etc\u2013 que favorezcan el desarrollo de procesos de innovaci\u00f3n abierta para abordar los retos que surgen en el sector p\u00fablico. Prestigiar y poner en valor la\u00a0<strong>funci\u00f3n p\u00fablica<\/strong>\u00a0para atraer talento innovador: reconocer y visibilizar el rol del empleado p\u00fablico en la creaci\u00f3n e impulso de la innovaci\u00f3n sist\u00e9mica.<\/p>\n<p><strong>10.-ENFOCAR Y APOSTAR<\/strong><\/p>\n<p>Espa\u00f1a cuenta con capacidades y activos singulares en los que apalancar su futuro y al mismo tiempo se enfrenta a retos particulares para los que no est\u00e1 preparada. Ambas situaciones exigen\u00a0<strong>definir prioridades y focalizar la capacidad de innovaci\u00f3n <\/strong>del pa\u00eds en estos \u00e1mbitos. \u00a0Innovar en la prestaci\u00f3n de los <strong>servicios sanitarios<\/strong>. \u00a0Impulsar la colaboraci\u00f3n p\u00fablico-privada en el desarrollo de tecnolog\u00edas que contribuyan a la lucha contra el cambio clim\u00e1tico y sean una alternativa que reduzca la tradicional <strong>dependencia energ\u00e9tica<\/strong> de Espa\u00f1a. \u00a0Atender las necesidades de una sociedad cada vez m\u00e1s\u00a0<strong>envejecida<\/strong> fomentando, en el sector p\u00fablico y privado, el desarrollo de nuevos productos y servicios. Mantener el liderazgo espa\u00f1ol en el\u00a0<strong>sector tur\u00edstico<\/strong>, fomentando la incorporaci\u00f3n de la innovaci\u00f3n como elemento clave de las estrategias empresariales . Apostar por la innovaci\u00f3n en el\u00a0<strong>sector agroalimentario.\u00a0<\/strong>\u00a0Identificar y apoyar a sectores y tecnolog\u00edas clave emergentes.<\/p>\n<p>&nbsp;<\/p>\n<p style=\"text-align: center;\"><a href=\"\/faro\/wp-content\/uploads\/sites\/25\/2016\/07\/Plan-IRIS-2020_2.jpg\"><img loading=\"lazy\" class=\"aligncenter  wp-image-405\" title=\"Plan IRIS 2020_2\" src=\"\/faro\/wp-content\/uploads\/sites\/25\/2016\/07\/Plan-IRIS-2020_2.jpg\" alt=\"\" width=\"717\" height=\"253\" srcset=\"https:\/\/static-blogs.laverdad.es\/wp-content\/uploads\/sites\/25\/2016\/07\/Plan-IRIS-2020_2.jpg 1500w, https:\/\/static-blogs.laverdad.es\/wp-content\/uploads\/sites\/25\/2016\/07\/Plan-IRIS-2020_2-300x106.jpg 300w, https:\/\/static-blogs.laverdad.es\/wp-content\/uploads\/sites\/25\/2016\/07\/Plan-IRIS-2020_2-768x271.jpg 768w, https:\/\/static-blogs.laverdad.es\/wp-content\/uploads\/sites\/25\/2016\/07\/Plan-IRIS-2020_2-1024x362.jpg 1024w\" sizes=\"(max-width: 717px) 100vw, 717px\" \/><\/a><\/p>\n<p>&nbsp;<\/p>\n<p>En mi opini\u00f3n, es m\u00e1s necesario que nunca que, \u00a0con independencia de articular pactos verticales en diferentes \u00e1mbitos de actuaci\u00f3n, \u00a0los gobiernos dise\u00f1en un <strong>marco global<\/strong> que los contemple y que potencie sinergias entre instituciones p\u00fablicas y con el sector privado, dotando de mayor sentido y coherencia a las iniciativas individuales y sectoriales sin que esto suponga demorarlas o coartarlas.<\/p>\n<p>Est\u00e1 muy arraigada en las Administraciones P\u00fablicas la tendencia adanita de \u00a0ignorar o de no aprovechar al m\u00e1ximo ideas o experiencias v\u00e1lidas de otras instituciones e incluso las provenientes de la propia instituci\u00f3n. \u00a0No ocurri\u00f3 as\u00ed con nuestro <strong>Plan Estrat\u00e9gico de la Regi\u00f3n de Murcia 2014-2020<\/strong>:<\/p>\n<p><em>&#8220;El nuevo PERM 2014-2020 se nutre de las orientaciones provenientes de la Estrategia <strong>Europa 2020<\/strong>, de las directrices del <strong>PNR 2013<\/strong>, del an\u00e1lisis de los resultados del anterior Plan Estrat\u00e9gico 2007-2013, de las opiniones recogidas a lo largo de las <strong>mesas de expertos<\/strong> realizadas, de las aportaciones de los<strong> agentes sociales y de la sociedad en general<\/strong>, del estudio de las <strong>iniciativas similares<\/strong> de otras regiones, de las consultas realizadas a personalidades de prestigio, de la consideraci\u00f3n de las <strong>tendencias de futuro<\/strong> (megatendencias contrastadas), y de las propias recomendaciones del <strong>CES<\/strong>&#8220;<\/em><\/p>\n<p>Es gratificante comprobar que el \u00a0Plan Estrat\u00e9gico 2014-2020, el\u00a0<strong><a href=\"http:\/\/planiris2020.carm.es\/web\/pagina?IDCONTENIDO=75&#038;IDTIPO=180\">Plan IRIS 2020<\/a><\/strong>, \u00a0 ha supuesto un ejercicio de prospectiva, revisable pero bien orientado sin duda, en sus 7 l\u00edneas de actuaci\u00f3n, por lo que se refiere a las propuestas definidas en el\u00a0<strong>Dec\u00e1logo COTEC.\u00a0<\/strong><\/p>\n<p>&nbsp;<\/p>\n<p style=\"text-align: center;\"><strong>ANEXO:<\/strong><\/p>\n<p>Para los m\u00e1s estudiosos y\/o interesados en las estrategias p\u00fablicas de la innovaci\u00f3n, paso a destacar, de forma sucinta, las l\u00edneas, las actuaciones y las recomendaciones del Plan IRIS 2020 m\u00e1s relacionadas con los <em>mandamientos <\/em>de COTEC, \u00a0 incardinadas en ellos<em>.<\/em><\/p>\n<p><strong>1)<\/strong> \u00a0En el Plan IRIS 2020, la \u00a0L\u00ednea 4<strong> se centra en la educaci\u00f3n, empleabilidad y capacitaci\u00f3n<\/strong><\/p>\n<p style=\"text-align: left;\"><em>\u00a0La transformaci\u00f3n del modelo econ\u00f3mico y social de la Regi\u00f3n de Murcia no es posible sin un cambio en profundidad del modelo educativo. La educaci\u00f3n, en sentido amplio, es la piedra angular no s\u00f3lo de la prosperidad econ\u00f3mica de las sociedades sino tambi\u00e9n un instrumento de equidad y de realizaci\u00f3n personal.<\/em><\/p>\n<p style=\"text-align: left;\"><strong><strong>2) <\/strong><\/strong>La L\u00ednea 3 \u00a0:<em><strong> Econom\u00eda basada en el talento<\/strong>. El talento como elemento generador de riqueza basada en una mayor productividad, mayor diferenciaci\u00f3n, innovaci\u00f3n y diversificaci\u00f3n de bienes y servicios.<\/em><\/p>\n<p style=\"text-align: left;\"><strong>Actuaci\u00f3n 3.2.5 :\u00a0<\/strong><em>Impulsar la investigaci\u00f3n de los centros p\u00fablicos de acuerdo a enfoques pr\u00e1cticos, con criterios rigurosos de eficiencia y racionalidad as\u00ed como de aprovechamiento para la innovaci\u00f3n en los procesos productivos regionales, tanto en lo que hace referencia a la innovaci\u00f3n tecnol\u00f3gica como no tecnol\u00f3gica. <\/em><\/p>\n<p style=\"text-align: left;\"><em>\u00a0<\/em> <strong>Apartado 4.2 :\u00a0<\/strong><em>Fomentar el talento y la capacidad innovadora en los j\u00f3venes.<\/em><\/p>\n<p style=\"text-align: left;\"><strong>3)<\/strong> \u00a0En el\u00a0\u00a0<strong><a href=\"http:\/\/planiris2020.carm.es\/web\/pagina?IDCONTENIDO=33325&#038;IDTIPO=11&#038;RASTRO=c$m47432,47453\">Marco conceptual\u00a0<\/a><\/strong>\u00a0del Plan IRIS 2020 se recogen objetivos como la:<\/p>\n<div>\n<ul>\n<li><em>Cualificaci\u00f3n de los RRHH:\u00a0apuesta por el talento, el conocimiento y la innovaci\u00f3n.<\/em><\/li>\n<li><em>Potenciaci\u00f3n de los recursos regionales en materia de Investigaci\u00f3n, Desarrollo e Innovaci\u00f3n<\/em><\/li>\n<\/ul>\n<div>y recomendaciones como:<\/div>\n<div><strong>R. 3.1.1<\/strong><em>\u00a0: Incrementar la inversi\u00f3n en I+D+i <\/em><\/div>\n<div><strong>R. 3.1.2:<\/strong><em> Creaci\u00f3nde la AI2,\u00a0<\/em><em>\u00a0Agencia Regional de Innovaci\u00f3n e Investigaci\u00f3n \u00a0<\/em><\/div>\n<div><strong>R. 3.1.4:\u00a0<\/strong> <em>Incentivar la participaci\u00f3n del personal investigador p\u00fablico en el desarrollo de acciones no s\u00f3lo de transferencia de conocimiento al sector privado sino tambi\u00e9n de coproducci\u00f3n<\/em><\/div>\n<div><\/div>\n<\/div>\n<p><strong>4) Por lo que respecta a la Regulaci\u00f3n Inteligente:\u00a0<\/strong><\/p>\n<p><strong><\/strong><em><strong>R. 1.2.3:<\/strong> Generalizar el uso de la declaraci\u00f3n responsable y comunicaci\u00f3n previa. Impulsar el procedimiento \u201cExpress\u201d de constituci\u00f3n de empresas.\u00a0<\/em><\/p>\n<p><em><\/em><em><strong>R. 1.2.4<\/strong>: Agilizar los procedimientos para una respuesta r\u00e1pida sobre cumplimiento de la normativa ambiental ante propuestas de inversi\u00f3n en la Regi\u00f3n.<\/em><\/p>\n<p><em><strong>R. 1.3.7<\/strong>: INNOVACION SOCIAL. Establecer canales de colaboraci\u00f3n p\u00fablico-privados en la resoluci\u00f3n de problemas sociales que se pueden abordar desde una perspectiva regional: pobreza, desempleo, envejecimiento, obesidad, cambio clim\u00e1tico, inmigraci\u00f3n, paro juvenil, \u2026 como estrategia de diferenciaci\u00f3n competitiva y de creaci\u00f3n de empleo.<\/em><\/p>\n<p><em><\/em> <em><strong>R. 7.2.4<\/strong>: \u00a0RESIDUO COMO RECURSO. \u00a0Establecer como eje fundamental de la nueva planificaci\u00f3n en gesti\u00f3n de residuos el concepto de \u201cresiduo como recurso\u201d: reaprovechamiento de residuos para generar productos complementarios y para generar nuevos productos (econom\u00eda azul o circular)<\/em><\/p>\n<p>&nbsp;<\/p>\n<p><strong>5)<\/strong>\u00a0<strong>\u00a0Financiar el futuro<\/strong><\/p>\n<p><strong><\/strong>\u00a0Dentro de la l<em>a L\u00ednea 2 del PERM 2014.2020:\u00a0La Administraci\u00f3n Regional facilitadora del crecimiento econ\u00f3mico, \u00a0el apartado 2.1 contempla 10 medidas de \u00edndole financiera que se pueden impulsar dentro del \u00e1mbito competencial de la Comunidad de Murcia.<\/em><\/p>\n<p><strong>6)<\/strong> \u00a0En el\u00a0Plan IRIS 2020, la L\u00ednea 2<strong>:\u00a0\u00a0Tejido productivo y entorno empresarial<\/strong> <em>(\u00a0La Administraci\u00f3n Regional facilitadora del crecimiento econ\u00f3mico) recoge un amplio paquete de recomendaciones en este sentido, agrupados en los apartados de: 1. Financiaci\u00f3n, 2. Cooperaci\u00f3n empresarial, 3. Internacionalizaci\u00f3n, 4. Innovaci\u00f3n, 5. Econom\u00eda social y emprendedores, \u00a06. Actuaciones en sectores estrat\u00e9gicos, 7. El Medio Ambiente como \u00a0 impulsor de desarrollo econ\u00f3mico y 8. Responsabilidad Social Corporativa\u00a0<\/em><\/p>\n<p><strong>7)\u00a0<\/strong>L<strong>a R<\/strong><em><strong>ecomendaci\u00f3n 2.4.5 COMPRA PUBLICA INNOVADORA<\/strong>: Impulsar el sistema de \u201ccompra p\u00fablica innovadora\u201d (CPI) en el \u00e1mbito de la CARM seg\u00fan las directrices de la Administraci\u00f3n Central para favorecer la innovaci\u00f3n desde las adquisiciones p\u00fablicas.<\/em><\/p>\n<p><strong>8)\u00a0<\/strong> La\u00a0\u00a0<em>L\u00ednea 3: <strong>Econom\u00eda basada en el talento<\/strong> contempla un apartado espec\u00edfico de\u00a0<strong>ECONOMIA DIGITAL<\/strong>, con actuaciones relativas a las Infraestructuras de telecomunicaciones, al desarrollo de un mercado de servicios y productos digitales de \u00faltima generaci\u00f3n, a alcanzar una plena alfabetizaci\u00f3n digital en la poblaci\u00f3n regional, a la apuesta por la Impresi\u00f3n-fabricaci\u00f3n 3D, a potenciar el sector TIC y multimedia regional y al fomento de la llamada <strong>CLASE CREATIVA<\/strong>: profesionales ocupados en los sectores de la informaci\u00f3n y las telecomunicaciones, cient\u00edficos y t\u00e9cnicos y los integrados en las industrias creativas (dise\u00f1o, edici\u00f3n, arte, moda, artesan\u00eda, m\u00fasica, cine, juegos, publicidad, multimedia, etc.).<\/em><\/p>\n<p>&nbsp;<\/p>\n<p><strong>9. Innovaci\u00f3n P\u00fablica<\/strong><\/p>\n<p>En el Plan IRIS 2020, la L\u00ednea 1 apuesta por la<strong> transformaci\u00f3n de la ADMINISTRACI\u00d3N P\u00daBLICA<\/strong>\u00a0en un nuevo modelo de Administraci\u00f3n Regional centrada en el ciudadano como organizaci\u00f3n prestadora de servicios p\u00fablicos de nueva generaci\u00f3n, basada en los principios de: sostenibilidad, eficiencia, transparencia, motivaci\u00f3n y formaci\u00f3n de los empleados p\u00fablicos, innovaci\u00f3n, facilitaci\u00f3n de la actividad empresarial y fomento de la colaboraci\u00f3n p\u00fablico-privada.<\/p>\n<p><strong>R. 1.2.6<\/strong>\u00a0: Generalizar la capacidad de intercambio de informaci\u00f3n entre Administraciones de la Regi\u00f3n de Murcia y la <strong>prestaci\u00f3n unificada<\/strong> de servicios entre AAPP.<\/p>\n<p><strong>R. 1.2.8:<\/strong> Mejorar la colaboraci\u00f3n CARM- Aytos para la agilizaci\u00f3n de la tramitaci\u00f3n administrativa de proyectos empresariales.<\/p>\n<p><strong>R.\u00a01.3.6<\/strong>\u00a0\u00a0<strong>INNOVACION PUBLICA<\/strong>: Aplicar metodolog\u00edas de la innovaci\u00f3n en la mejora de los servicios p\u00fablicos y en la revisi\u00f3n continua y renovaci\u00f3n de los mismos desde una visi\u00f3n integrada, desde la perspectiva del ciudadano y haciendo un uso intensivo de las TIC. Creaci\u00f3n de una <strong>Unidad de Innovaci\u00f3n P\u00fablica<\/strong>.<\/p>\n<p><strong>R. 1.4.1<\/strong> Incrementar el n\u00famero de procedimientos que se pueden completar telem\u00e1ticamente de forma segura generalizando el uso de la firma electr\u00f3nica por parte de ciudadanos y empresas para interactuar con la Administraci\u00f3n Regional (<strong>Administraci\u00f3n electr\u00f3nica<\/strong>)<\/p>\n<p><strong>R. 1.4.2 Gobierno Abierto<\/strong>: Fomentar la participaci\u00f3n ciudadana en los asuntos p\u00fablicos y la rendici\u00f3n de cuentas por parte de la Administraci\u00f3n Regional.<\/p>\n<p><strong>R. 1.4.3 OPEN DATA<\/strong>: Reutilizaci\u00f3n de los datos p\u00fablicos para para mejorar la eficiencia interna y para generar oportunidades de negocio en el sector privado.<\/p>\n<p><strong>R. 1.4.4<\/strong> \u00a0Estrechar la colaboraci\u00f3n con otras AAPP e instituciones para establecer sinergias, fomentar la INTEROPERABILIDAD, ofrecer una <strong>visi\u00f3n integrada<\/strong> de los servicios p\u00fablicos e intercambiar tecnolog\u00edas en lo posible para facilitar la homogeneidad entre los servicios que prestan las AAPP (sobre todo las regionales) y favorecer las econom\u00edas de escala<\/p>\n<p>&nbsp;<\/p>\n<p><strong>10. Enfocar y apostar<\/strong><\/p>\n<p>En el Plan IRIS 2020, la L\u00ednea 2: Tejido productivo y entorno empresarial. La Administraci\u00f3n Regional facilitadora del crecimiento econ\u00f3mico, hay un apartado espec\u00edfico, el 2.4.1, \u00a0dedicado a la Estrategia de Especializaci\u00f3n Inteligente (RIS3), as\u00ed como un amplio abanico de actuaciones y recomendaciones para mejorar la competitividad de los sectores empresariales de la regi\u00f3n, entre ellos, el de la salud (apartado 2.6.10), el tur\u00edstico (apartado 2.6.5) \u00a0y el agroalimentario (apartado 2.6.1), que cita expresamente el dec\u00e1logo de COTEC.<\/p>\n<p>&nbsp;<\/p>\n<p>&nbsp;<\/p>\n","protected":false},"excerpt":{"rendered":"<p>La Fundaci\u00f3n COTEC, inspirada por el rey Juan Carlos y presidida actualmente por \u00a0\u00a0Felipe VI acaba de publicar un interesante documento: &#8220;10 propuestas para que Espa\u00f1a se incorpore a la econom\u00eda del conocimiento&#8221;, un nuevo dec\u00e1logo\u00a0para seguir animando e ilustrando a todos lo que somos creyentes en los pilares de una sociedad innovadora,\u00a0pero no todo [&hellip;]<\/p>\n","protected":false},"author":26,"featured_media":0,"comment_status":"open","ping_status":"closed","sticky":false,"template":"","format":"standard","meta":[],"categories":[4,7],"tags":[146,174,227,301,304,424,425],"_links":{"self":[{"href":"https:\/\/blogs.laverdad.es\/faro\/wp-json\/wp\/v2\/posts\/404"}],"collection":[{"href":"https:\/\/blogs.laverdad.es\/faro\/wp-json\/wp\/v2\/posts"}],"about":[{"href":"https:\/\/blogs.laverdad.es\/faro\/wp-json\/wp\/v2\/types\/post"}],"author":[{"embeddable":true,"href":"https:\/\/blogs.laverdad.es\/faro\/wp-json\/wp\/v2\/users\/26"}],"replies":[{"embeddable":true,"href":"https:\/\/blogs.laverdad.es\/faro\/wp-json\/wp\/v2\/comments?post=404"}],"version-history":[{"count":0,"href":"https:\/\/blogs.laverdad.es\/faro\/wp-json\/wp\/v2\/posts\/404\/revisions"}],"wp:attachment":[{"href":"https:\/\/blogs.laverdad.es\/faro\/wp-json\/wp\/v2\/media?parent=404"}],"wp:term":[{"taxonomy":"category","embeddable":true,"href":"https:\/\/blogs.laverdad.es\/faro\/wp-json\/wp\/v2\/categories?post=404"},{"taxonomy":"post_tag","embeddable":true,"href":"https:\/\/blogs.laverdad.es\/faro\/wp-json\/wp\/v2\/tags?post=404"}],"curies":[{"name":"wp","href":"https:\/\/api.w.org\/{rel}","templated":true}]}}