{"id":418,"date":"2016-09-12T01:33:58","date_gmt":"2016-09-11T23:33:58","guid":{"rendered":"http:\/\/blogs.laverdad.es\/faro\/?p=418"},"modified":"2016-09-12T01:33:58","modified_gmt":"2016-09-11T23:33:58","slug":"hora-de-balance-parcial","status":"publish","type":"post","link":"https:\/\/blogs.laverdad.es\/faro\/2016\/09\/12\/hora-de-balance-parcial\/","title":{"rendered":"Hora de balance parcial"},"content":{"rendered":"<p>Durante muchos a\u00f1os he compatibilizado la ense\u00f1anza con la actividad privada. Ahora, tras <strong>4 a\u00f1os<\/strong> como asesor de innovaci\u00f3n en la Administraci\u00f3n Regional, \u00a0ha llegado el momento de retomar mi faceta de profesor y de intentar aportar valor a alg\u00fan proyecto empresarial o social que me ilusione.<\/p>\n<p>Aunque este es un blog que escribo a t\u00edtulo personal, creo que los ciudadanos, como sufragadores de las mismas, tienen derecho a conocer las actividades profesionales que desarrollamos los que trabajamos para las instituciones aunque correspondan, en mi caso, a las de un <strong>modesto asesor<\/strong> de un Consejero de la Comunidad Aut\u00f3noma de la Regi\u00f3n de Murcia (CARM).<\/p>\n<p>En realidad, \u00a0de varios Consejeros: \u00a0Juan Bernal, Francisco Mart\u00ednez Asensio, Luis Mart\u00ednez de Salas y Andr\u00e9s Carrillo. A todos ellos, sucesivamente, mi gratitud por contar con mis servicios.<\/p>\n<p>Sea como fuere, y a riesgo de no despertar inter\u00e9s, me permito compartir aqu\u00ed un breve <strong>balance, <\/strong>no exento de autocr\u00edtica<strong>,\u00a0<\/strong>\u00a0de mi trabajo para la Administraci\u00f3n Regional en este per\u00edodo, bien entendido que, por comodidad en el uso del lenguaje, \u00a0utilizo la primera persona del singular para citar actuaciones que son fruto de la interacci\u00f3n y colaboraci\u00f3n con otras muchas personas, a las que no cito para evitar injustas omisiones.<\/p>\n<p>Aparte de la elaboraci\u00f3n de los preceptivos informes y borradores de discursos propios del puesto, durante esta segunda etapa en la CARM, auspiciada, como la primera (1996-2003), por el\u00a0ex-Vicepresidente\u00a0<strong>Juan Bernal<\/strong>, \u00a0 al que agradezco p\u00fablicamente la confianza con la que siempre me ha distinguido, he tenido la ocasi\u00f3n de participar en proyectos relevantes como el vigente <strong><a href=\"http:\/\/planiris2020.carm.es\/web\/pagina?IDCONTENIDO=75&#038;IDTIPO=180\">Plan Estrat\u00e9gico de la Regi\u00f3n de Murcia 2014-2020,<\/a>\u00a0<\/strong> o la Estrategia de Especializaci\u00f3n Inteligente (<strong><a href=\"http:\/\/www.carm.es\/web\/pagina?IDCONTENIDO=2648&#038;IDTIPO=140&#038;RASTRO=c$m\">RIS3<\/a><\/strong>).<\/p>\n<p>He colaborado en la implantaci\u00f3n de los principios del Gobierno Abierto, en sus inicios, en particular en lo relativo a los <strong><a href=\"https:\/\/presupuestos.carm.es\/\">Presupuestos Abiertos<\/a><\/strong> y en la divulgaci\u00f3n del proceso de elaboraci\u00f3n de los mismos.<\/p>\n<p>En este mismo apartado, intent\u00e9, sin mucho \u00e9xito, la verdad, \u00a0promover la creaci\u00f3n de un foro de colaboraci\u00f3n entre las instituciones regionales, <strong><a href=\"http:\/\/www.carm.es\/web\/pagina?IDCONTENIDO=78126&#038;IDTIPO=10&#038;RASTRO=c2517$s3$m\">Grupo FORCA<\/a>, <\/strong>actualmente en v\u00eda muerta, aunque, al menos, sirvi\u00f3 para impulsar la puesta en marcha de una comunidad de pr\u00e1ctica sobre <strong><a href=\"http:\/\/efiapmurcia.carm.es\/web\/pagina?IDCONTENIDO=37041&#038;IDTIPO=11&#038;RASTRO=c$m2813,49306,51001\">Clarificaci\u00f3n del lenguaje administrativo<\/a><\/strong>, una asignatura pendiente <em>in eternum<\/em>\u00a0, y de la iniciativa del <strong>Portal Regional de Open Data<\/strong>, que tuve oportunidad de anunciar en Madrid en el encuentro <strong><a href=\"http:\/\/datos.gob.es\/content\/encuentro-aporta-2015-dato-publico-una-sociedad-digital-0\">Aporta 2015<\/a>.\u00a0<\/strong><\/p>\n<p>En este v\u00eddeo se puede apreciar el entusiasmo con el que <strong>Teresa Allepuz,<\/strong> una activa funcionaria de la Consejer\u00eda de Presidencia, habla de la citada comunidad de pr\u00e1ctica que incide en la legibilidad de las AAPP, y de la que fue una de las coordinadoras. Todo un ejemplo a seguir y a extender a todas las materias posibles, en especial a las que m\u00e1s repercutan en los ciudadanos.<\/p>\n<p>&nbsp;<\/p>\n<p><iframe loading=\"lazy\" src=\"https:\/\/www.youtube.com\/embed\/nmq3XeWk0gI\" frameborder=\"0\" width=\"560\" height=\"315\"><\/iframe><\/p>\n<p>En estos \u00faltimos meses, en colaboraci\u00f3n con el magn\u00edfico equipo de la Escuela de Formaci\u00f3n e Innovaci\u00f3n (EFIAP) , he participado en la actualizaci\u00f3n de su Carta de Servicios, \u00a0en la organizaci\u00f3n de una <strong><a href=\"http:\/\/efiapmurcia.carm.es\/web\/pagina?IDCONTENIDO=39164&#038;IDTIPO=11&#038;RASTRO=c$m2813,49306\">Jornada de alto nivel sobre innovaci\u00f3n y liderazgo<\/a><\/strong>, que tambi\u00e9n cont\u00f3 con la inestimable aportaci\u00f3n del Club nacional de <a href=\"http:\/\/www.clubdeinnovacion.es\/\">Innovadores P\u00fablicos<\/a>, y en la evaluaci\u00f3n, todav\u00eda en curso, de los III Premios de Innovaci\u00f3n y Buenas Pr\u00e1cticas.<\/p>\n<p>Tras estos 4 a\u00f1os me reitero en mis convicciones<strong>: <a href=\"https:\/\/innovadorescip.wordpress.com\/2016\/06\/03\/creamos-el-capitulo-cip-de-la-region-de-murcia\/\">confieso ser un activista<\/a><\/strong> pro-innovaci\u00f3n p\u00fablica y pro-innovaci\u00f3n en general. Es obvio que sin demasiada influencia, pero los individualismos no son tan importantes como la fuerza de los grupos comprometidos con una visi\u00f3n com\u00fan.<\/p>\n<p>En la Regi\u00f3n de Murcia ya estamos censados casi unos 60 innovadores p\u00fablicos, que hemos dado el paso de salir de la <em>&#8220;clandestinidad&#8221;<\/em>, pero somos much\u00edsimos m\u00e1s, estoy convencido, los que estamos deseando que nuestra voz sea escuchada para que se destierre este tipo de <strong>organigramas &#8220;asesinos&#8221; de la innovaci\u00f3n<\/strong> (VP= Vice Presidente) imperante todav\u00eda en las burocracias y en las grandes empresas.<\/p>\n<p><a href=\"\/faro\/wp-content\/uploads\/sites\/25\/2016\/09\/innovation-killer-org-chart.jpg\"><img loading=\"lazy\" class=\"aligncenter size-full wp-image-419\" title=\"innovation killer org chart\" src=\"\/faro\/wp-content\/uploads\/sites\/25\/2016\/09\/innovation-killer-org-chart.jpg\" alt=\"\" width=\"720\" height=\"540\" srcset=\"https:\/\/static-blogs.laverdad.es\/wp-content\/uploads\/sites\/25\/2016\/09\/innovation-killer-org-chart.jpg 720w, https:\/\/static-blogs.laverdad.es\/wp-content\/uploads\/sites\/25\/2016\/09\/innovation-killer-org-chart-300x225.jpg 300w\" sizes=\"(max-width: 720px) 100vw, 720px\" \/><\/a><\/p>\n<p>&nbsp;<\/p>\n<p>Desde una visi\u00f3n hol\u00edstica, \u00a0hasta me he atrevido a publicar, a t\u00edtulo personal, \u00a0aunque previamente contrastado y matizado por expertos muy cualificados,\u00a0un\u00a0<strong><a href=\"\/faro\/wp-content\/uploads\/sites\/25\/2016\/09\/Decalogo-para-una-sociedad-innovadora1.pdf\">Dec\u00e1logo para una sociedad innovadora<\/a><\/strong>\u00a0que pudiera servir de base a un posible y, en mi opini\u00f3n, \u00a0deseable \u00a0Pacto Regional por la Innovaci\u00f3n.<\/p>\n<p>Hasta aqu\u00ed este balance de actuaciones que motiva el post. Es la hora del balance parcial, \u00a0porque la vida sigue&#8230;.<\/p>\n<p>&nbsp;<\/p>\n<p>&nbsp;<\/p>\n","protected":false},"excerpt":{"rendered":"<p>Durante muchos a\u00f1os he compatibilizado la ense\u00f1anza con la actividad privada. Ahora, tras 4 a\u00f1os como asesor de innovaci\u00f3n en la Administraci\u00f3n Regional, \u00a0ha llegado el momento de retomar mi faceta de profesor y de intentar aportar valor a alg\u00fan proyecto empresarial o social que me ilusione. Aunque este es un blog que escribo a [&hellip;]<\/p>\n","protected":false},"author":26,"featured_media":0,"comment_status":"open","ping_status":"closed","sticky":false,"template":"","format":"standard","meta":[],"categories":[8,10],"tags":[63,114,183,327,396,424,425,429,456],"_links":{"self":[{"href":"https:\/\/blogs.laverdad.es\/faro\/wp-json\/wp\/v2\/posts\/418"}],"collection":[{"href":"https:\/\/blogs.laverdad.es\/faro\/wp-json\/wp\/v2\/posts"}],"about":[{"href":"https:\/\/blogs.laverdad.es\/faro\/wp-json\/wp\/v2\/types\/post"}],"author":[{"embeddable":true,"href":"https:\/\/blogs.laverdad.es\/faro\/wp-json\/wp\/v2\/users\/26"}],"replies":[{"embeddable":true,"href":"https:\/\/blogs.laverdad.es\/faro\/wp-json\/wp\/v2\/comments?post=418"}],"version-history":[{"count":0,"href":"https:\/\/blogs.laverdad.es\/faro\/wp-json\/wp\/v2\/posts\/418\/revisions"}],"wp:attachment":[{"href":"https:\/\/blogs.laverdad.es\/faro\/wp-json\/wp\/v2\/media?parent=418"}],"wp:term":[{"taxonomy":"category","embeddable":true,"href":"https:\/\/blogs.laverdad.es\/faro\/wp-json\/wp\/v2\/categories?post=418"},{"taxonomy":"post_tag","embeddable":true,"href":"https:\/\/blogs.laverdad.es\/faro\/wp-json\/wp\/v2\/tags?post=418"}],"curies":[{"name":"wp","href":"https:\/\/api.w.org\/{rel}","templated":true}]}}