{"id":454,"date":"2017-01-14T00:20:04","date_gmt":"2017-01-13T23:20:04","guid":{"rendered":"http:\/\/blogs.laverdad.es\/faro\/?p=454"},"modified":"2020-12-04T09:48:23","modified_gmt":"2020-12-04T08:48:23","slug":"la-35a-prioridad","status":"publish","type":"post","link":"https:\/\/blogs.laverdad.es\/faro\/2017\/01\/14\/la-35a-prioridad\/","title":{"rendered":"La 35\u00aa prioridad"},"content":{"rendered":"<p><em>&#8220;Todas las iniciativas que veo para incentivar la innovaci\u00f3n son la prioridad n\u00famero 35 de un gobernante&#8221;. <\/em>Son palabras de <strong><a href=\"https:\/\/es.wikipedia.org\/wiki\/Andy_Freire\">Andy Freire<\/a>, <\/strong>emprendedor e innovador argentino que fue designado &#8220;L\u00edder Global del Ma\u00f1ana 2020&#8221; por el Foro Econ\u00f3mico Mundial. En la actualidad es <a href=\"http:\/\/www.buenosaires.gob.ar\/innovacion\">Ministro de Modernizaci\u00f3n, Innovaci\u00f3n y Tecnolog\u00eda de la ciudad de Buenos Aires.<\/a><\/p>\n<p>Tras ser un empresario de \u00e9xito reconocido, ahora, como gobernante de nuevo cu\u00f1o, cabe esperar que Freire sea capaz de hacer ver, por la v\u00eda de los hechos y si la burocracia no lo impide, que la innovaci\u00f3n debe ocupar un <strong>lugar preferente<\/strong> en el orden de prioridades \u00a0de los responsables pol\u00edticos.<\/p>\n<p>Esto implica la consideraci\u00f3n de este concepto como una <strong>cuesti\u00f3n de estado<\/strong>\u00a0que afecta a toda la sociedad y que no puede ser encerrada entre las competencias de un departamento concreto, aunque \u00a0est\u00e9 dirigido por una figura de la innegable talla de Andy Freire.<\/p>\n<p>&nbsp;<\/p>\n<p><iframe loading=\"lazy\" src=\"https:\/\/www.youtube.com\/embed\/9LWf0IHU5pI\" width=\"560\" height=\"315\" frameborder=\"0\"><\/iframe><\/p>\n<p style=\"text-align: center;\"><strong><em>Ecos del 2016 &#8230;\u00a0<\/em><\/strong><\/p>\n<p>En alg\u00fan sitio he le\u00eddo que si nuestra casa se est\u00e1 quemando no podemos quedarnos parados esperando la llegada de los bomberos. Sin innovaci\u00f3n se\u00a0<em>quema<\/em>\u00a0la prosperidad y la sostenibilidad del estado del bienestar.<\/p>\n<p>Los\u00a0<strong>gobiernos no tienen todas las respuestas<\/strong>\u00a0a los problemas sociales pero s\u00ed tienen mucho que decir en la resoluci\u00f3n de los mismos, promoviendo la cultura de la innovaci\u00f3n y actuando, incluso, con mentalidad emprendedora, en el sentido que apunta\u00a0<strong><a href=\"http:\/\/marianamazzucato.com\/\">Mariana Mazzucato<\/a><\/strong>. Pero la sociedad civil, es decir todos, tenemos que movilizarnos, si nos creemos, de verdad, que sin innovaci\u00f3n no hay futuro.<\/p>\n<p>La construcci\u00f3n de una <strong>sociedad innovadora<\/strong> desde una concepci\u00f3n transversal, colaborativa e inclusiva y el papel de las Administraciones P\u00fablicas en este proceso, \u00a0ha sido una de las principales cuestiones \u00a0que he ido deslizando en este blog, \u00a0de forma reiterada a lo largo del 2016, de ah\u00ed la elecci\u00f3n de las palabras de Andy Freire para comenzar este post.<\/p>\n<p style=\"text-align: center;\"><strong><em>Las entradas m\u00e1s le\u00eddas<\/em><\/strong><\/p>\n<p>Reci\u00e9n entrado en su 4\u00ba a\u00f1o de andadura, el\u00a0<em>ranking<\/em> de los art\u00edculos \u00a0de este blog que m\u00e1s han suscitado el inter\u00e9s de los lectores en 2016, siempre dentro de unas cifras modestas, ha quedado as\u00ed:<\/p>\n<p><strong><a href=\"https:\/\/blogs.laverdad.es\/faro\/2016\/05\/01\/como-mejorar-nuestra-creatividad\/\">1.\u00a0C\u00f3mo mejorar nuestra creatividad<\/a><\/strong><\/p>\n<p>Sin creatividad no hay innovaci\u00f3n pero s\u00f3lo con ella tampoco. La generaci\u00f3n de ideas depende m\u00e1s de la\u00a0<strong><a href=\"https:\/\/blogs.laverdad.es\/faro\/2016\/04\/16\/la-obsesion-y-la-perseverancia\/\">obsesi\u00f3n y de la perseverancia<\/a><\/strong>\u00a0que del coeficiente intelectual.Lo m\u00e1s importante es que existen t\u00e9cnicas y metodolog\u00edas para desarrollar nuestras habilidades creativas.<\/p>\n<p><strong><a href=\"https:\/\/blogs.laverdad.es\/faro\/2016\/02\/19\/innovacion-publica-4-barreras-y-como-superarlas\/\">2.\u00a0Innovaci\u00f3n p\u00fablica: 4 barreras y c\u00f3mo superarlas<\/a><\/strong><\/p>\n<p>Las barreras, ya cl\u00e1sicas, son: \u00a0la visi\u00f3n cortoplacista de los l\u00edderes pol\u00edticos, \u00a0su falta de preparaci\u00f3n para gestionar a los empleados innovadores, la inexistencia de procedimientos reglados para innovar y las dificultades presupuestarias.<\/p>\n<p><em>\u201cLos problemas actuales no los puede resolver\u00a0 un solo departamento, pero<strong> es complicado concretar cualquier intento de colaboraci\u00f3n interdepartamental\u201d<\/strong>.<\/em><\/p>\n<p>La \u00a0forma de superar estos obst\u00e1culos consiste en abordar tres tipos de actuaciones: definiendo procesos, estableciendo principios de liderazgo y creando una infraestructura estable ad hoc, como equipos de innovaci\u00f3n y comunidades de pr\u00e1ctica.<\/p>\n<p><a href=\"\/faro\/wp-content\/uploads\/sites\/25\/2017\/01\/innovacion-publica.jpg\"><img loading=\"lazy\" class=\"aligncenter size-full wp-image-455\" title=\"innovacion publica\" src=\"\/faro\/wp-content\/uploads\/sites\/25\/2017\/01\/innovacion-publica.jpg\" alt=\"\" width=\"638\" height=\"479\" srcset=\"https:\/\/static-blogs.laverdad.es\/wp-content\/uploads\/sites\/25\/2017\/01\/innovacion-publica.jpg 638w, https:\/\/static-blogs.laverdad.es\/wp-content\/uploads\/sites\/25\/2017\/01\/innovacion-publica-300x225.jpg 300w\" sizes=\"(max-width: 638px) 100vw, 638px\" \/><\/a><\/p>\n<p><strong><a href=\"https:\/\/blogs.laverdad.es\/faro\/2016\/02\/04\/la-desobediencia-necesaria-para-innovar\/\">3. La desobedencia necesaria para innovar<\/a><\/strong><\/p>\n<p>La desobediencia inteligente es el motor de la innovaci\u00f3n. En las organizaciones conservadoras que hemos construido, no se favorece sino que se penaliza el cuestionamiento de las rutinas establecidas, cuando ser conformista puede constituir una pr\u00e1ctica negligente.<\/p>\n<p><em>\u00a0<\/em>Obviamente, no hablamos de instigar una revoluci\u00f3n interna de forma irresponsable y caprichosa, \u00a0\u00a0pero tolerar resignada, indolente o ego\u00edstamente pr\u00e1cticas \u00a0manifiestamente mejorables en nuestras empresas e instituciones es una forma de perjudicarlas por inacci\u00f3n.<\/p>\n<p><strong><a href=\"https:\/\/blogs.laverdad.es\/faro\/2016\/01\/19\/rebeldes-con-causa\/\">4. Rebeldes con causa<\/a><\/strong><\/p>\n<p>Muy relacionado con el post anterior. Vivimos tiempos de\u00a0<strong><a href=\"https:\/\/trabajocolaborativoenred.wordpress.com\/2015\/11\/12\/mejorando-las-organizaciones-burocraticas-hacia-organizaciones-duales\/\" rel=\"nofollow\">organizaciones duales<\/a><\/strong>, que deben aprender a complementar el funcionamiento en modo burocr\u00e1tico, cerrado, jer\u00e1rquico, vertical, en el que prima el orden y la rutina pero que asegura los resultados de hoy con el estilo abierto, informal, \u00e1gil, colaborativo y horizontal del\u00a0modelo en red (red\u00e1rquico) necesario para que florezcan las innovaciones que garantizar\u00e1n la prosperidad \u00a0futura.<\/p>\n<p><a href=\"https:\/\/blogs.laverdad.es\/faro\/2016\/03\/05\/innovaciones-baratas\/\"><strong>5. Innovaciones baratas<\/strong><\/a><\/p>\n<p>Las instituciones necesitan abordar el \u00a0<strong>redise\u00f1o de todos sus procedimientos<\/strong>\u00a0desde la perspectiva del ciudadano y no desde la \u00f3ptica de cada departamento, o de cada nivel competencial o administrativo, como hasta ahora.<\/p>\n<p>Si no se aplican los esfuerzos necesarios para combinar costosos recursos TIC con este tipo de\u00a0<strong>innovaci\u00f3n organizativa, barata<\/strong>, de la que hablamos, correremos el riesgo, tantas veces se\u00f1alado por los expertos: \u00a0\u201c<em>si se digitaliza la burocracia seguiremos teniendo m\u00e1s burocracia, eso s\u00ed, un poco mejorada, una e-burocracia\u201d.<\/em><\/p>\n<p><a href=\"https:\/\/blogs.laverdad.es\/faro\/2016\/07\/15\/decalogo-para-una-sociedad-innovadora\/\"><strong>6. Dec\u00e1logo para una sociedad innovadora<\/strong><\/a><\/p>\n<p>En 2016 hasta me he atrevido a publicar este documento de unas 30 p\u00e1ginas que se puede descargar aqu\u00ed: <strong><a href=\"\/faro\/wp-content\/uploads\/sites\/25\/2016\/07\/Decalogo-para-una-sociedad-innovadora1.pdf\">DEC\u00c1LOGO PARA UNA SOCIEDAD INNOVADORA<\/a><\/strong><\/p>\n<p><a href=\"\/faro\/wp-content\/uploads\/sites\/25\/2017\/01\/hacia-una-sociedad-innovadora-1-638.jpg\"><img loading=\"lazy\" class=\"aligncenter size-full wp-image-456\" title=\"hacia-una-sociedad-innovadora-1-638\" src=\"\/faro\/wp-content\/uploads\/sites\/25\/2017\/01\/hacia-una-sociedad-innovadora-1-638.jpg\" alt=\"\" width=\"638\" height=\"479\" srcset=\"https:\/\/static-blogs.laverdad.es\/wp-content\/uploads\/sites\/25\/2017\/01\/hacia-una-sociedad-innovadora-1-638.jpg 638w, https:\/\/static-blogs.laverdad.es\/wp-content\/uploads\/sites\/25\/2017\/01\/hacia-una-sociedad-innovadora-1-638-300x225.jpg 300w\" sizes=\"(max-width: 638px) 100vw, 638px\" \/><\/a><\/p>\n<p style=\"text-align: center;\"><strong><em>&#8230; y prop\u00f3sitos para el 2017<\/em><\/strong><\/p>\n<p>Como objetivos personales de cara a este a\u00f1o, me propongo continuar predicando la palabra de la innovaci\u00f3n, si se me permite el s\u00edmil religioso. Seguir la estela de los grandes referentes nacionales e internacionales, divulgar su obra y sus opiniones, manifestar las m\u00edas con sinceridad y objetividad.<\/p>\n<p>En definitiva, seguir luchando con humildad pero tambi\u00e9n con perseverancia por la construcci\u00f3n de una sociedad murciana innovadora, empresa en la que estamos comprometidos un buen grupo de amigos. Una iniciativa ilusionante se encuentra en avanzado proceso de gestaci\u00f3n. Hasta aqu\u00ed puedo escribir.<\/p>\n<p>&nbsp;<\/p>\n","protected":false},"excerpt":{"rendered":"<p>&#8220;Todas las iniciativas que veo para incentivar la innovaci\u00f3n son la prioridad n\u00famero 35 de un gobernante&#8221;. Son palabras de Andy Freire, emprendedor e innovador argentino que fue designado &#8220;L\u00edder Global del Ma\u00f1ana 2020&#8221; por el Foro Econ\u00f3mico Mundial. En la actualidad es Ministro de Modernizaci\u00f3n, Innovaci\u00f3n y Tecnolog\u00eda de la ciudad de Buenos Aires. [&hellip;]<\/p>\n","protected":false},"author":26,"featured_media":0,"comment_status":"open","ping_status":"closed","sticky":false,"template":"","format":"standard","meta":[],"categories":[9],"tags":[56,137,148,153,176,307,447],"_links":{"self":[{"href":"https:\/\/blogs.laverdad.es\/faro\/wp-json\/wp\/v2\/posts\/454"}],"collection":[{"href":"https:\/\/blogs.laverdad.es\/faro\/wp-json\/wp\/v2\/posts"}],"about":[{"href":"https:\/\/blogs.laverdad.es\/faro\/wp-json\/wp\/v2\/types\/post"}],"author":[{"embeddable":true,"href":"https:\/\/blogs.laverdad.es\/faro\/wp-json\/wp\/v2\/users\/26"}],"replies":[{"embeddable":true,"href":"https:\/\/blogs.laverdad.es\/faro\/wp-json\/wp\/v2\/comments?post=454"}],"version-history":[{"count":1,"href":"https:\/\/blogs.laverdad.es\/faro\/wp-json\/wp\/v2\/posts\/454\/revisions"}],"predecessor-version":[{"id":1200,"href":"https:\/\/blogs.laverdad.es\/faro\/wp-json\/wp\/v2\/posts\/454\/revisions\/1200"}],"wp:attachment":[{"href":"https:\/\/blogs.laverdad.es\/faro\/wp-json\/wp\/v2\/media?parent=454"}],"wp:term":[{"taxonomy":"category","embeddable":true,"href":"https:\/\/blogs.laverdad.es\/faro\/wp-json\/wp\/v2\/categories?post=454"},{"taxonomy":"post_tag","embeddable":true,"href":"https:\/\/blogs.laverdad.es\/faro\/wp-json\/wp\/v2\/tags?post=454"}],"curies":[{"name":"wp","href":"https:\/\/api.w.org\/{rel}","templated":true}]}}