{"id":463,"date":"2017-02-18T19:24:40","date_gmt":"2017-02-18T18:24:40","guid":{"rendered":"http:\/\/blogs.laverdad.es\/faro\/?p=463"},"modified":"2017-02-18T19:24:40","modified_gmt":"2017-02-18T18:24:40","slug":"talento-juvenil-interconectado","status":"publish","type":"post","link":"https:\/\/blogs.laverdad.es\/faro\/2017\/02\/18\/talento-juvenil-interconectado\/","title":{"rendered":"Talento juvenil interconectado"},"content":{"rendered":"<p>La \u00a0innovaci\u00f3n es un fen\u00f3meno centrado en las <strong><a href=\"https:\/\/blogs.laverdad.es\/faro\/2013\/07\/13\/las-personas-son-clave\/\">personas<\/a>\u00a0<\/strong>y protagonizado por ellas. Implica crear redes de colaboraci\u00f3n. Va de fomentar la creatividad y de conectar talentos.<\/p>\n<p>Requiere \u00a0romper las barreras organizativas mentales y f\u00edsicas que tanto limitan la generaci\u00f3n y circulaci\u00f3n de las ideas. Estrechar el <strong><a href=\"https:\/\/blogs.laverdad.es\/faro\/2015\/05\/29\/newton-y-la-innovacion-la-proximidad-importa\/\">\u00a0conocimiento m\u00e1s pr\u00f3ximo<\/a><\/strong>, concentrando actuaciones locales, pero con la necesidad de estar abiertos al mundo de forma permanente.<\/p>\n<p>El proyecto <strong><a href=\"http:\/\/www.demola.net\/\">D\u00c9MOLA<\/a>\u00a0<\/strong>(<em>espacio donde se crean demos<\/em>), puesto en marcha en Finlandia en 2008, mediante un acuerdo entre NOKIA y la Universidad de Tampere, promueve la colaboraci\u00f3n entre empresas y Universidades, y, como elemento clave, incorpora a los propios <strong>estudiantes<\/strong>, quienes, por su juventud y su condici\u00f3n de nativos digitales, pueden aportar ideas frescas y soluciones creativas a los retos planteados por las empresas.<\/p>\n<p style=\"text-align: center;\">Los <strong>universitario<\/strong>s son las estrellas de esta plataforma colaborativa internacional.<\/p>\n<p>&nbsp;<\/p>\n<div><a href=\"\/faro\/wp-content\/uploads\/sites\/25\/2017\/02\/demola-plataforma.jpg\"><img loading=\"lazy\" class=\"aligncenter size-full wp-image-464\" title=\"demola-plataforma\" src=\"\/faro\/wp-content\/uploads\/sites\/25\/2017\/02\/demola-plataforma.jpg\" alt=\"\" width=\"500\" height=\"425\" srcset=\"https:\/\/static-blogs.laverdad.es\/wp-content\/uploads\/sites\/25\/2017\/02\/demola-plataforma.jpg 500w, https:\/\/static-blogs.laverdad.es\/wp-content\/uploads\/sites\/25\/2017\/02\/demola-plataforma-300x255.jpg 300w\" sizes=\"(max-width: 500px) 100vw, 500px\" \/><\/a><\/div>\n<div>\n<p>Esta iniciativa surge \u00a0del convencimiento de que las innovaciones m\u00e1s disruptivas surgen de la\u00a0<strong>interconexi\u00f3n<\/strong>\u00a0de la gente con pasi\u00f3n y talento, m\u00e1s all\u00e1 de su nacionalidad, cultura y campo de especializaci\u00f3n. Es m\u00e1s, estas diferencias act\u00faan como catalizadoras de la creatividad.<\/p>\n<p><em>\u00a0&#8220;La innovaci\u00f3n con verdadero impacto no surge de unidades desconectadas. Se necesita un ecosistema fuerte en lugar de grandes silos independientes&#8221;.\u00a0<\/em><\/p>\n<p>La novedad de la red DEMOLA es el protagonismo de los <strong>estudiantes<\/strong>, de diversas disciplinas, \u00a0en la soluci\u00f3n de retos reales que plantean las empresas, dentro de un modelo muy pr\u00e1ctico que ofrece ventajas para todos, como se explica, de forma muy resumida, en este v\u00eddeo:<\/p>\n<p>&nbsp;<\/p>\n<p><iframe loading=\"lazy\" src=\"https:\/\/www.youtube.com\/embed\/lvdL_Rwncyc\" frameborder=\"0\" width=\"560\" height=\"315\"><\/iframe><\/p>\n<p>&nbsp;<\/p>\n<p>En efecto: las <strong>empresas<\/strong> reciben propuestas creativas y pr\u00e1cticas de los alumnos, en forma de prototipos y demos, \u00a0apoyados por los investigadores de las Universidades. \u00c9stas intensifican los contactos con el tejido empresarial a la vez que motivan a los estudiantes, que ganan en experiencia y empleabilidad.<\/p>\n<p><span style=\"font-size: 1em;\">La plataforma de innovaci\u00f3n abierta DEMOLA est\u00e1 activa en trece pa\u00edses de Europa, Am\u00e9rica y \u00c1frica, englobando a unos \u00a0<strong>6.000 j\u00f3venes<\/strong>, de 60 Universidades, colaborando con m\u00e1s de 500 empresas en m\u00e1s de un millar de proyectos y retos propuestos por las compa\u00f1\u00edas.<\/span><\/p>\n<p><a href=\"http:\/\/www.ffeuskadi.net\/p\/plataforma-de-innovacion-demola\"><strong>Pa\u00eds Vasco<\/strong>,<\/a> siempre en vanguardia en todo lo que concierne a la construcci\u00f3n de una sociedad innovadora, <strong><a href=\"http:\/\/www.gobiernodecanarias.org\/noticias\/eicc\/Economia\/80023\/16-retos-empresas-organizaciones-canarias-buscan-universitarios-talento-innovador-resolverlos\">Canarias<\/a><\/strong> y <strong><a href=\"http:\/\/www.campusiberus.es\/demola\/\">Arag\u00f3n<\/a><\/strong>, son las \u00fanicas regiones espa\u00f1olas que se han adherido, como una herramienta m\u00e1s de su ecosistema innovador, \u00a0a esta plataforma internacional de innovaci\u00f3n abierta.<\/p>\n<h4>Algunos ejemplos planteados por empresas y organizaciones en nuestro pa\u00eds, en el \u00e1mbito de D\u00c9MOLA:<\/h4>\n<ul>\n<li>La alimentaci\u00f3n del futuro: nuevos productos de alto contenido proteico.<\/li>\n<li>Servicios m\u00f3viles en el sector agrolimentario: integraci\u00f3n de aplicaciones en electrodom\u00e9sticos, promover el desarrollo de conceptos como la venta directa desde productor a consumidor final, entrega en el mismo d\u00eda, consumo colaborativo\u2026<\/li>\n<li>\u00bfMediante qu\u00e9 soluciones o iniciativas innovadoras podemos integrar a las personas con discapacidad intelectual?<\/li>\n<li>Aplicaci\u00f3n de las TIC para dise\u00f1ar planes de abono espec\u00edficos<\/li>\n<li>Tratamiento m\u00e1s eficiente de los residuos industriales<\/li>\n<li>Desarrollo de tecnolog\u00edas para una ciudad m\u00e1s inclusiva<\/li>\n<li>Creaci\u00f3n de una herramienta de bajo coste que permita registrar los movimientos de los clientes dentro de un hotel.<\/li>\n<li>Dise\u00f1o de una embarcaci\u00f3n preparada para afrontar diferentes fases del rescate de personas en el mar<\/li>\n<\/ul>\n<p>&nbsp;<\/p>\n<p>&nbsp;<\/p>\n<\/div>\n","protected":false},"excerpt":{"rendered":"<p>La \u00a0innovaci\u00f3n es un fen\u00f3meno centrado en las personas\u00a0y protagonizado por ellas. Implica crear redes de colaboraci\u00f3n. Va de fomentar la creatividad y de conectar talentos. Requiere \u00a0romper las barreras organizativas mentales y f\u00edsicas que tanto limitan la generaci\u00f3n y circulaci\u00f3n de las ideas. Estrechar el \u00a0conocimiento m\u00e1s pr\u00f3ximo, concentrando actuaciones locales, pero con la [&hellip;]<\/p>\n","protected":false},"author":26,"featured_media":0,"comment_status":"open","ping_status":"closed","sticky":false,"template":"","format":"standard","meta":[],"categories":[4,16],"tags":[139,150,177,304,306,427],"_links":{"self":[{"href":"https:\/\/blogs.laverdad.es\/faro\/wp-json\/wp\/v2\/posts\/463"}],"collection":[{"href":"https:\/\/blogs.laverdad.es\/faro\/wp-json\/wp\/v2\/posts"}],"about":[{"href":"https:\/\/blogs.laverdad.es\/faro\/wp-json\/wp\/v2\/types\/post"}],"author":[{"embeddable":true,"href":"https:\/\/blogs.laverdad.es\/faro\/wp-json\/wp\/v2\/users\/26"}],"replies":[{"embeddable":true,"href":"https:\/\/blogs.laverdad.es\/faro\/wp-json\/wp\/v2\/comments?post=463"}],"version-history":[{"count":0,"href":"https:\/\/blogs.laverdad.es\/faro\/wp-json\/wp\/v2\/posts\/463\/revisions"}],"wp:attachment":[{"href":"https:\/\/blogs.laverdad.es\/faro\/wp-json\/wp\/v2\/media?parent=463"}],"wp:term":[{"taxonomy":"category","embeddable":true,"href":"https:\/\/blogs.laverdad.es\/faro\/wp-json\/wp\/v2\/categories?post=463"},{"taxonomy":"post_tag","embeddable":true,"href":"https:\/\/blogs.laverdad.es\/faro\/wp-json\/wp\/v2\/tags?post=463"}],"curies":[{"name":"wp","href":"https:\/\/api.w.org\/{rel}","templated":true}]}}