{"id":525,"date":"2017-06-29T18:44:31","date_gmt":"2017-06-29T16:44:31","guid":{"rendered":"http:\/\/blogs.laverdad.es\/faro\/?p=525"},"modified":"2017-06-29T18:55:47","modified_gmt":"2017-06-29T16:55:47","slug":"que-viene-el-lobo","status":"publish","type":"post","link":"https:\/\/blogs.laverdad.es\/faro\/2017\/06\/29\/que-viene-el-lobo\/","title":{"rendered":"Que viene el lobo"},"content":{"rendered":"<div><strong>Suiza 164, Espa\u00f1a 78<\/strong>. Si \u00e9ste fuera un resultado de baloncesto, o, sobre todo, su equivalente en f\u00fatbol, \u00a0ser\u00eda objeto de airados debates populares y motivo de profundos an\u00e1lisis en las m\u00e1s altas esferas deportivas.<\/div>\n<div><\/div>\n<div>Pero no nos preocupemos, \u00a0se trata s\u00f3lo de un marcador global que mide el <strong>nivel innovador<\/strong> de los distintos pa\u00edses de Europa y cuya media se establece en 102 puntos, dato\u00a0que alivia un poco el varapalo comparativo de Espa\u00f1a.<\/div>\n<div><\/div>\n<div>Innovaci\u00f3n y deporte no son, sin embargo, \u00e1mbitos disjuntos. As\u00ed lo remarc\u00f3 el a\u00f1o pasado nuestro <a href=\"http:\/\/www.elmundo.es\/ciencia\/2016\/05\/13\/5735b73b468aeb7b238b45c0.html\"><strong>Rey Felipe VI<\/strong><\/a>, en la presentaci\u00f3n del informe COTEC 2016, del que nos hicimos eco\u00a0<strong><a href=\"https:\/\/blogs.laverdad.es\/faro\/2016\/05\/17\/discurso-rey\/\">en este blog<\/a>:<\/strong><\/div>\n<div><\/div>\n<div><em>&#8220;Existe un paralelismo claro con el\u00a0<strong>deporte.\u00a0<\/strong>La creatividad es tan buena para la mente como el ejercicio f\u00edsico para el cuerpo.\u00a0<\/em><em>Hay que<\/em>\u00a0<em>pasar de las proezas extraordinarias a los buenos resultados planificados; de lo individual a lo colectivo;\u00a0de una concepci\u00f3n<strong> personal <\/strong>del \u00e9xito<strong>, a una proyecci\u00f3n <\/strong>del mismo<strong> <a href=\"http:\/\/www.abc.es\/espana\/casa-real\/abci-anima-innovacion-salto-logro-deporte-felipe-y-juan-carlos-presidieron-acto-central-cotec-201605131326_noticia.html\">en toda la sociedad&#8221;<\/a><\/strong>.<\/em><\/div>\n<div><\/div>\n<div>\u00a0Por cierto, el pasado 12 de junio,en la presentaci\u00f3n del informe <a href=\"http:\/\/cotec.es\/media\/INFORME-COTEC-2017_versionweb.pdf\"><strong>COTEC 2017<\/strong><\/a>, acto que se celebr\u00f3 en el vetusto y casi clausurado\u00a0Estadio Vicente Calder\u00f3n, <strong>Felipe VI<\/strong> resalt\u00f3 una de las principales conclusiones de este estudio: <em>&#8220;el nivel de inversi\u00f3n en I+D+i sigue estando <strong>por debajo de la media<\/strong> y Espa\u00f1a puede quedar descolgada de los grandes desaf\u00edos de los estados actuales&#8221;.<\/em><\/div>\n<div>\n<p><iframe loading=\"lazy\" src=\"https:\/\/www.youtube.com\/embed\/SvM5-8KFWLE\" width=\"560\" height=\"315\" frameborder=\"0\" allowfullscreen=\"allowfullscreen\"><\/iframe><\/p>\n<p>Volviendo al principio, el \u00faltimo informe <strong>EIS <a href=\"http:\/\/ec.europa.eu\/growth\/industry\/innovation\/facts-figures\/scoreboards_es\">(European Innovation Scoreboard)<\/a><\/strong>\u00a0, del que hemos extra\u00eddo el resultado del p\u00e1rrafo inicial, sigue refinando sus c\u00e1lculos, a\u00f1adiendo\u00a0nuevos indicadores, como son los relativos a la colaboraci\u00f3n p\u00fablico-privada, las capacidades digitales, los recursos humanos o el \u00edndice\u00a0de emprendimiento de los pa\u00edses y regiones europeas.<\/p>\n<p>Tambi\u00e9n ha incorporado el EIS una interesante herramienta gr\u00e1fica de <strong>visualizaci\u00f3n de datos<\/strong>, que facilita las comparaciones y la consulta de las puntuaciones para\u00a0cada indicador por separado, y por supuesto, del resumen global.<\/p>\n<p><a href=\"https:\/\/static-blogs.laverdad.es\/wp-content\/uploads\/sites\/25\/2017\/06\/infographic-innovation-scoreboard-2017-leaders-full-size.png\"><img loading=\"lazy\" class=\"wp-image-529 aligncenter\" src=\"https:\/\/static-blogs.laverdad.es\/wp-content\/uploads\/sites\/25\/2017\/06\/infographic-innovation-scoreboard-2017-leaders-full-size-206x300.png\" alt=\"infographic-innovation-scoreboard-2017-leaders-full-size\" width=\"386\" height=\"562\" srcset=\"https:\/\/static-blogs.laverdad.es\/wp-content\/uploads\/sites\/25\/2017\/06\/infographic-innovation-scoreboard-2017-leaders-full-size-206x300.png 206w, https:\/\/static-blogs.laverdad.es\/wp-content\/uploads\/sites\/25\/2017\/06\/infographic-innovation-scoreboard-2017-leaders-full-size-768x1117.png 768w, https:\/\/static-blogs.laverdad.es\/wp-content\/uploads\/sites\/25\/2017\/06\/infographic-innovation-scoreboard-2017-leaders-full-size-704x1024.png 704w, https:\/\/static-blogs.laverdad.es\/wp-content\/uploads\/sites\/25\/2017\/06\/infographic-innovation-scoreboard-2017-leaders-full-size.png 2000w\" sizes=\"(max-width: 386px) 100vw, 386px\" \/><\/a><\/p>\n<p>Dos informes, el <strong>COTEC y el EIS 2017<\/strong> coincidentes en el tiempo y en el diagn\u00f3stico: Que viene el lobo, que sigue viniendo &#8230;que Espa\u00f1a se aleja del norte de Europa y de la senda de los pa\u00edses desarrollados en su apuesta estrat\u00e9gica por la innovaci\u00f3n.<\/p>\n<p><strong>Xavi Ferr\u00e1s,<\/strong> una de las mayores autoridades espa\u00f1olas en la materia, ha comentado los dos recientes documentos\u00a0que hemos tra\u00eddo a colaci\u00f3n , con su habitual estilo punzante pero constructivo, que busca siempre provocar reacciones con los datos en la mano.<\/p>\n<p>Con respecto al informe COTEC 17, el t\u00edtulo de su art\u00edculo no puede ser m\u00e1s gr\u00e1fico: <strong><a href=\"http:\/\/xavierferras.blogspot.com.es\/2017\/06\/espana-innovacion-africana.html\">&#8220;Espa\u00f1a, innovaci\u00f3n africana&#8221;<\/a><\/strong>\u00a0:<\/p>\n<p><em>&#8220;Es dif\u00edcil encontrar un indicador m\u00e1s claro de lo que todos percibimos en la calle: se recupera la econom\u00eda, s\u00ed, pero volvemos a las andadas. <strong>Sol, playa, paella y sangr\u00eda<\/strong>. Vuelve la fiesta del sector de la <strong>construcci\u00f3n<\/strong>. Eso de la invenci\u00f3n, sigue, desde tiempos de Unamuno, en manos de otros&#8221;<\/em><\/p>\n<p>Tampoco se queda atr\u00e1s el post dedicado a los resultados del EIS 2017:\u00a0<strong><a href=\"http:\/\/xavierferras.blogspot.com.es\/2017\/06\/historia-de-dos-europas.html\">Historia de dos Europas<\/a>:<\/strong><\/p>\n<p><em>&#8220;<\/em><em>Europa sigue escindida entre un centro-norte que consolida sus econom\u00edas basadas en conocimiento, tecnolog\u00eda e industria, y una periferia donde la innovaci\u00f3n sigue siendo un bonito slogan que figura en todos los planes estrat\u00e9gicos, pero en muy pocos presupuestos reales, ni p\u00fablicos ni privados. <\/em><\/p>\n<p><em>Se precisa un marco institucional que\u00a0<strong>priorice de forma absoluta la innovaci\u00f3n<\/strong>\u00a0como forma de competir, de crear valor para la sociedad y de garantizar la sostenibilidad del estado del bienestar&#8221;<\/em><\/p>\n<p>Por lo que respecta al \u00e1mbito regional, el <a href=\"http:\/\/ec.europa.eu\/growth\/industry\/innovation\/facts-figures\/regional_es\"><strong>RIS (Regional Innovation Scoreboard)<\/strong><\/a>, \u00a0una extensi\u00f3n del EIS, se\u00f1ala las fortalezas y debilidades de nuestra regi\u00f3n, reconociendo los avances experimentados en los \u00faltimos a\u00f1os, dentro de la categor\u00eda de innovadores moderados en la que nos encuadra, como a la mayor\u00eda de las regiones espa\u00f1olas.<\/p>\n<p>Mi voz es muy d\u00e9bil pero se une a las de\u00a0un grupo de ciudadanos\u00a0que, liderados \u00a0por una persona de mucha visi\u00f3n, experiencia y prestigio, piensa, pensamos que tambi\u00e9n viene el lobo para la Regi\u00f3n de Murcia, y que no basta con avisarlo.<\/p>\n<p>Es momento de que la sociedad civil adopte un papel activo, comprometi\u00e9ndose con \u00a0algo m\u00e1s que palabras en una ofensiva total en la construcci\u00f3n de una sociedad innovadora. Se esperan pr\u00f3ximos acontecimientos.<\/p>\n<\/div>\n","protected":false},"excerpt":{"rendered":"<p>Suiza 164, Espa\u00f1a 78. Si \u00e9ste fuera un resultado de baloncesto, o, sobre todo, su equivalente en f\u00fatbol, \u00a0ser\u00eda objeto de airados debates populares y motivo de profundos an\u00e1lisis en las m\u00e1s altas esferas deportivas. Pero no nos preocupemos, \u00a0se trata s\u00f3lo de un marcador global que mide el nivel innovador de los distintos pa\u00edses [&hellip;]<\/p>\n","protected":false},"author":26,"featured_media":0,"comment_status":"open","ping_status":"closed","sticky":false,"template":"","format":"standard","meta":[],"categories":[4,9],"tags":[608,609,611,228,607,610,550],"_links":{"self":[{"href":"https:\/\/blogs.laverdad.es\/faro\/wp-json\/wp\/v2\/posts\/525"}],"collection":[{"href":"https:\/\/blogs.laverdad.es\/faro\/wp-json\/wp\/v2\/posts"}],"about":[{"href":"https:\/\/blogs.laverdad.es\/faro\/wp-json\/wp\/v2\/types\/post"}],"author":[{"embeddable":true,"href":"https:\/\/blogs.laverdad.es\/faro\/wp-json\/wp\/v2\/users\/26"}],"replies":[{"embeddable":true,"href":"https:\/\/blogs.laverdad.es\/faro\/wp-json\/wp\/v2\/comments?post=525"}],"version-history":[{"count":8,"href":"https:\/\/blogs.laverdad.es\/faro\/wp-json\/wp\/v2\/posts\/525\/revisions"}],"predecessor-version":[{"id":534,"href":"https:\/\/blogs.laverdad.es\/faro\/wp-json\/wp\/v2\/posts\/525\/revisions\/534"}],"wp:attachment":[{"href":"https:\/\/blogs.laverdad.es\/faro\/wp-json\/wp\/v2\/media?parent=525"}],"wp:term":[{"taxonomy":"category","embeddable":true,"href":"https:\/\/blogs.laverdad.es\/faro\/wp-json\/wp\/v2\/categories?post=525"},{"taxonomy":"post_tag","embeddable":true,"href":"https:\/\/blogs.laverdad.es\/faro\/wp-json\/wp\/v2\/tags?post=525"}],"curies":[{"name":"wp","href":"https:\/\/api.w.org\/{rel}","templated":true}]}}