{"id":538,"date":"2017-07-25T11:08:31","date_gmt":"2017-07-25T09:08:31","guid":{"rendered":"http:\/\/blogs.laverdad.es\/faro\/?p=538"},"modified":"2017-07-25T11:20:18","modified_gmt":"2017-07-25T09:20:18","slug":"superara-la-biotecnologia-al-turismo","status":"publish","type":"post","link":"https:\/\/blogs.laverdad.es\/faro\/2017\/07\/25\/superara-la-biotecnologia-al-turismo\/","title":{"rendered":"\u00bfSuperar\u00e1 la biotecnolog\u00eda al turismo?"},"content":{"rendered":"<p><a href=\"http:\/\/www.laverdad.es\/murcia\/implante-novedosa-valvula-20170718012350-ntvo.html\"><strong>Cristina,<\/strong><\/a>\u00a0la hija de unos \u00edntimos\u00a0amigos acaba de superar con \u00e9xito una delicada intervenci\u00f3n quir\u00fargica.<\/p>\n<div>\n<div dir=\"auto\">\n<div>\n<div class=\"gmail_quote\">\n<div class=\"gmail_quote\">Una\u00a0arriesgada circunstancia, con final feliz, que he seguido con la l\u00f3gica preocupaci\u00f3n, y que ha acentuado\u00a0mi especial inter\u00e9s por la <strong>biotecnolog\u00eda<\/strong> aplicada al \u00e1mbito de la salud.<\/div>\n<\/div>\n<div class=\"gmail_quote\"><\/div>\n<\/div>\n<div class=\"gmail_quote\">Este\u00a0caso ha sido ampliamente recogido por los medios de comunicaci\u00f3n por lo que no abundar\u00e9 en los pormenores m\u00e9dicos del mismo.<\/div>\n<div class=\"gmail_quote\"><\/div>\n<div class=\"gmail_quote\">Simplemente remarcar que se ha tratado de una intervenci\u00f3n pionera en Espa\u00f1a, ya que s\u00f3lo 6 pacientes, de otros pa\u00edses, hab\u00edan recibido antes esta <a href=\"http:\/\/www.corazonyvida.org\/Primer-implante-en-Espana-de-la-innovadora-valvula-Edwards-Inspiris-Resilia_a1060.html\"><strong>v\u00e1lvula card\u00edaca<\/strong> <\/a>de origen biol\u00f3gico que le ha implantado a Cristina el doctor murciano <strong>Sergio C\u00e1novas<\/strong>, Jefe del Servicio de Cirug\u00eda Cardiovascular del Hospital Virgen de la Arrixaca.<\/div>\n<\/div>\n<\/div>\n<div class=\"gmail_quote\"><\/div>\n<div class=\"gmail_quote\"><a href=\"https:\/\/static-blogs.laverdad.es\/wp-content\/uploads\/sites\/25\/2017\/07\/estenosis-a\u00f3rtica.gif\"><img loading=\"lazy\" class=\"alignnone size-medium wp-image-545 alignleft\" src=\"https:\/\/static-blogs.laverdad.es\/wp-content\/uploads\/sites\/25\/2017\/07\/estenosis-a\u00f3rtica-300x300.gif\" alt=\"estenosis-aortica\" width=\"300\" height=\"300\" srcset=\"https:\/\/static-blogs.laverdad.es\/wp-content\/uploads\/sites\/25\/2017\/07\/estenosis-a\u00f3rtica-300x300.gif 300w, https:\/\/static-blogs.laverdad.es\/wp-content\/uploads\/sites\/25\/2017\/07\/estenosis-a\u00f3rtica-150x150.gif 150w\" sizes=\"(max-width: 300px) 100vw, 300px\" \/><\/a><a href=\"https:\/\/static-blogs.laverdad.es\/wp-content\/uploads\/sites\/25\/2017\/07\/v\u00e1lvula-inspiris.jpg\"><img loading=\"lazy\" class=\"alignnone size-medium wp-image-546\" src=\"https:\/\/static-blogs.laverdad.es\/wp-content\/uploads\/sites\/25\/2017\/07\/v\u00e1lvula-inspiris-300x95.jpg\" alt=\"valvula-inspiris\" width=\"300\" height=\"95\" srcset=\"https:\/\/static-blogs.laverdad.es\/wp-content\/uploads\/sites\/25\/2017\/07\/v\u00e1lvula-inspiris-300x95.jpg 300w, https:\/\/static-blogs.laverdad.es\/wp-content\/uploads\/sites\/25\/2017\/07\/v\u00e1lvula-inspiris-768x243.jpg 768w, https:\/\/static-blogs.laverdad.es\/wp-content\/uploads\/sites\/25\/2017\/07\/v\u00e1lvula-inspiris-1024x323.jpg 1024w, https:\/\/static-blogs.laverdad.es\/wp-content\/uploads\/sites\/25\/2017\/07\/v\u00e1lvula-inspiris.jpg 1900w\" sizes=\"(max-width: 300px) 100vw, 300px\" \/><\/a><\/div>\n<div class=\"gmail_quote\">La juventud, las ganas de vivir, \u00a0la fortaleza f\u00edsica y mental de la paciente y el apoyo de su familia han sido factores importantes que han contribuido al \u00e9xito de la operaci\u00f3n, pero los avances cient\u00edficos y la pericia de un <strong>cirujano innovador<\/strong> como el Dr. C\u00e1novas han resultado, sin duda, elementos decisivos.<\/div>\n<div class=\"gmail_quote\"><\/div>\n<div class=\"gmail_quote\">Una de las definiciones de innovaci\u00f3n menos acad\u00e9micas pero m\u00e1s coloquiales y contundentes que conozco \u00a0es que<strong><em> innovar es generar y aplicar buenas ideas que funcionan<\/em>.<\/strong><\/div>\n<div class=\"gmail_quote\"><\/div>\n<div class=\"gmail_quote\">Ideas que generan\u00a0las personas, fruto de su <strong>creatividad<\/strong> y de su<strong> conocimiento<\/strong>, tambi\u00e9n de su <strong>perseverancia<\/strong>; que funcionan, es decir, que aportan valor, no necesariamente econ\u00f3mico, y como tales son reconocidas por el mercado o\u00a0por la sociedad. O por ambos.<\/div>\n<div class=\"gmail_quote\"><\/div>\n<div class=\"gmail_quote\">Y qu\u00e9 mayor valor puede aportar una innovaci\u00f3n que salvar vidas, prevenir enfermedades o corregir posibles defectos cong\u00e9nitos, como en el caso de Cristina o en el de las investigaciones dirigidas por el catedr\u00e1tico de la UCAM, <a href=\"http:\/\/www.lavanguardia.com\/vida\/20170126\/413723740123\/embrion-cerdo-celulas-humanas-izpisua.html\"><strong>Juan Carlos Izpis\u00faa<\/strong><\/a>.<\/div>\n<div class=\"gmail_quote\"><\/div>\n<div class=\"gmail_quote\">Como es bien sabido, en el campo de la salud, la irrupci\u00f3n\u00a0de nuevos f\u00e1rmacos o la fabricaci\u00f3n de innovadoras\u00a0pr\u00f3tesis\u00a0asociadas a t\u00e9cnicas avanzadas\u00a0de implantaci\u00f3n, suelen ser el fruto de procesos largos y complejos que requieren una labor intensa de investigadores y de <strong>equipos multidisciplinares<\/strong>, aparte de cuantiosas inversiones.<\/div>\n<div class=\"gmail_quote\"><\/div>\n<div class=\"gmail_quote\">\n<div class=\"gmail_quote\">Los<a href=\"http:\/\/www.edwards.com\/es\/Pages\/Default.aspx\"><strong> laboratorios Edwards<\/strong><\/a>, fabricantes de la v\u00e1lvula que ha recibido Cristina comenzaron su andadura en 1958, cuando su fundador, Miles Edwards, un ingeniero de 60 a\u00f1os concibi\u00f3 la idea de fabricar un coraz\u00f3n artificial.<\/div>\n<div class=\"gmail_quote\"><\/div>\n<div class=\"gmail_quote\">Actualmente esta innovadora compa\u00f1\u00eda est\u00e1 presente en 100 pa\u00edses, \u00a0tiene \u00a08500 empleados y ha posibilitado el tratamiento de m\u00e1s de dos millones de pacientes en todo el mundo.<\/div>\n<div class=\"gmail_quote\"><\/div>\n<div class=\"gmail_quote\">Ya se est\u00e1n produciendo grandes avances en la<a href=\"http:\/\/www.expansion.com\/directivos\/2017\/07\/14\/5968c2d746163fd4228b4627.html\"><strong> fabricaci\u00f3n de \u00f3rganos<\/strong><\/a>\u00a0de la mano de la <a href=\"https:\/\/blogs.laverdad.es\/faro\/2014\/01\/11\/la-varita-magica-que-va-a-revolucionar-el-mundo\/\"><strong>impresi\u00f3n 3D<\/strong><\/a>, como el prototipo de\u00a0<a href=\"https:\/\/www.redaccionmedica.com\/secciones\/cardiologia\/el-primer-corazon-impreso-en-3d-dura-3-000-latidos-5148\"><strong>coraz\u00f3n de silicona<\/strong><\/a> que se acaba de anunciar desde el centro ETH de Z\u00fcrich, la reconocida Escuela Polit\u00e9cnica Federal a la que asisti\u00f3 Einstein.<\/div>\n<div class=\"gmail_quote\"><\/div>\n<div class=\"gmail_quote\" style=\"text-align: center;\"><a href=\"https:\/\/static-blogs.laverdad.es\/wp-content\/uploads\/sites\/25\/2017\/07\/el-primer-corazon-impreso-en-3d-dura-3-000-latidos-5148_620x368.jpg\"><img loading=\"lazy\" class=\"alignnone size-medium wp-image-549\" src=\"https:\/\/static-blogs.laverdad.es\/wp-content\/uploads\/sites\/25\/2017\/07\/el-primer-corazon-impreso-en-3d-dura-3-000-latidos-5148_620x368-300x178.jpg\" alt=\"el-primer-corazon-impreso-en-3d-dura-3-000-latidos-5148_620x368\" width=\"300\" height=\"178\" srcset=\"https:\/\/static-blogs.laverdad.es\/wp-content\/uploads\/sites\/25\/2017\/07\/el-primer-corazon-impreso-en-3d-dura-3-000-latidos-5148_620x368-300x178.jpg 300w, https:\/\/static-blogs.laverdad.es\/wp-content\/uploads\/sites\/25\/2017\/07\/el-primer-corazon-impreso-en-3d-dura-3-000-latidos-5148_620x368.jpg 620w\" sizes=\"(max-width: 300px) 100vw, 300px\" \/><\/a><\/div>\n<\/div>\n<div class=\"gmail_quote\"><\/div>\n<div class=\"gmail_quote\">La <a href=\"https:\/\/es.wikipedia.org\/wiki\/Biotecnolog%C3%ADa\"><strong>biotecnolog\u00eda<\/strong><\/a> implica a distintas \u00e1reas de conocimiento, como la ingenier\u00eda, \u00a0medicina, veterinaria, f\u00edsica, \u00a0qu\u00edmica o biolog\u00eda molecular, \u00a0y consiste en la utilizaci\u00f3n o manipulaci\u00f3n de organismos vivos, o de compuestos derivados de ellos, para la obtenci\u00f3n de productos de valor para los seres humanos.<\/div>\n<div class=\"gmail_quote\"><\/div>\n<div class=\"gmail_quote\"><em>\u00a0<\/em>La tecnolog\u00eda aplicada a los procesos biol\u00f3gicos incide en <strong>campos tan diversos<\/strong> como la medicina,\u00a0\u00a0la\u00a0farmacia, la\u00a0medicina, la\u00a0ciencia de los alimentos, el tratamiento de todo tipo de residuos y la\u00a0agricultura.<\/div>\n<div class=\"gmail_quote\"><\/div>\n<p><iframe loading=\"lazy\" src=\"https:\/\/www.youtube.com\/embed\/QJhdM-ll9hU\" width=\"560\" height=\"315\" frameborder=\"0\" allowfullscreen=\"allowfullscreen\"><\/iframe><\/p>\n<div class=\"gmail_quote\">El sector biotech tiene un presente cierto pero un <a href=\"https:\/\/hipertextual.com\/2016\/07\/biotecnologia-informe-asebio\"><strong>indudable futuro<\/strong><\/a>. Un hecho quiz\u00e1 poco conocido es que, con el 10% del PIB en 2015, ya ha igualado las cifras del turismo en nuestro pa\u00eds, alcanzando niveles de facturaci\u00f3n que superan los 100.000 millones de euros y empleando a casi 180.000 personas de alta cualificaci\u00f3n.<\/div>\n<div class=\"gmail_quote\"><\/div>\n<div class=\"gmail_quote\">Una buena noticia, sin duda, sin desmerecer a una fuente de ingresos, tradicional y \u00a0muy importante para nuestro pa\u00eds, pero menos intensiva en conocimiento.<\/div>\n<div class=\"gmail_quote\"><\/div>\n<div class=\"gmail_quote\">\u00a0Precisamente ma\u00f1ana, 26 de julio, <a href=\"http:\/\/www.asebio.com\/es\/index.cfm\"><strong>\u00a0ASEBIO,<\/strong><\/a> la asociaci\u00f3n espa\u00f1ola de <em>bioempresas<\/em> \u00a0publica su informe anual. Lo comentaremos.<\/div>\n<div class=\"gmail_quote\"><\/div>\n<div class=\"gmail_quote\" style=\"text-align: center;\"><\/div>\n<div class=\"gmail_quote\" style=\"text-align: center;\"><\/div>\n<div class=\"gmail_quote\" style=\"text-align: left;\"><em>Art\u00edculos relacionados<\/em><\/div>\n<div class=\"gmail_quote\"><a href=\"https:\/\/blogs.laverdad.es\/faro\/2014\/01\/11\/la-varita-magica-que-va-a-revolucionar-el-mundo\/\"><strong>La varita m\u00e1gica que va a revolucionar el mundo\u00a0<\/strong><\/a><\/div>\n<div class=\"gmail_quote\"><a href=\"https:\/\/www.euroresidentes.com\/tecnologia\/in4u\/impresion-4d\"><strong>La impresi\u00f3n 4D<\/strong><\/a><\/div>\n<div>\n<div><a href=\"https:\/\/www.euroresidentes.com\/tecnologia\/in4u\/la-nueva-revolucion-biologica\"><strong>La nueva revoluci\u00f3n biol\u00f3gica<\/strong><\/a><\/div>\n<div><a href=\"https:\/\/www.euroresidentes.com\/tecnologia\/in4u\/smart-city-humana-y-saludable\"><strong>Smart City, humana y saludable<\/strong><\/a><\/div>\n<\/div>\n","protected":false},"excerpt":{"rendered":"<p>Cristina,\u00a0la hija de unos \u00edntimos\u00a0amigos acaba de superar con \u00e9xito una delicada intervenci\u00f3n quir\u00fargica. Una\u00a0arriesgada circunstancia, con final feliz, que he seguido con la l\u00f3gica preocupaci\u00f3n, y que ha acentuado\u00a0mi especial inter\u00e9s por la biotecnolog\u00eda aplicada al \u00e1mbito de la salud. Este\u00a0caso ha sido ampliamente recogido por los medios de comunicaci\u00f3n por lo que no [&hellip;]<\/p>\n","protected":false},"author":26,"featured_media":0,"comment_status":"open","ping_status":"closed","sticky":false,"template":"","format":"standard","meta":[],"categories":[6,12,1],"tags":[615,82,612,617,275,614,613,616],"_links":{"self":[{"href":"https:\/\/blogs.laverdad.es\/faro\/wp-json\/wp\/v2\/posts\/538"}],"collection":[{"href":"https:\/\/blogs.laverdad.es\/faro\/wp-json\/wp\/v2\/posts"}],"about":[{"href":"https:\/\/blogs.laverdad.es\/faro\/wp-json\/wp\/v2\/types\/post"}],"author":[{"embeddable":true,"href":"https:\/\/blogs.laverdad.es\/faro\/wp-json\/wp\/v2\/users\/26"}],"replies":[{"embeddable":true,"href":"https:\/\/blogs.laverdad.es\/faro\/wp-json\/wp\/v2\/comments?post=538"}],"version-history":[{"count":14,"href":"https:\/\/blogs.laverdad.es\/faro\/wp-json\/wp\/v2\/posts\/538\/revisions"}],"predecessor-version":[{"id":556,"href":"https:\/\/blogs.laverdad.es\/faro\/wp-json\/wp\/v2\/posts\/538\/revisions\/556"}],"wp:attachment":[{"href":"https:\/\/blogs.laverdad.es\/faro\/wp-json\/wp\/v2\/media?parent=538"}],"wp:term":[{"taxonomy":"category","embeddable":true,"href":"https:\/\/blogs.laverdad.es\/faro\/wp-json\/wp\/v2\/categories?post=538"},{"taxonomy":"post_tag","embeddable":true,"href":"https:\/\/blogs.laverdad.es\/faro\/wp-json\/wp\/v2\/tags?post=538"}],"curies":[{"name":"wp","href":"https:\/\/api.w.org\/{rel}","templated":true}]}}