{"id":559,"date":"2017-08-27T15:08:08","date_gmt":"2017-08-27T13:08:08","guid":{"rendered":"http:\/\/blogs.laverdad.es\/faro\/?p=559"},"modified":"2017-08-27T15:08:08","modified_gmt":"2017-08-27T13:08:08","slug":"camino-de-la-inmortalidad","status":"publish","type":"post","link":"https:\/\/blogs.laverdad.es\/faro\/2017\/08\/27\/camino-de-la-inmortalidad\/","title":{"rendered":"Camino de la inmortalidad"},"content":{"rendered":"<p>Con cierta frecuencia se escuchan expresiones como \u00e9stas:\u00a0<em>&#8220;si le hubieran detectado a tiempo la enfermedad. Si el tratamiento hubiera sido el correcto. Si no hubiera ocurrido en agosto&#8230;&#8221;.<\/em><\/p>\n<p dir=\"ltr\">Para el 2045 est\u00e1 anunciada la <em>muerte de la muerte<\/em>, <a href=\"http:\/\/www.elmundo.es\/ciencia\/2014\/07\/22\/53ce5a8cca4741f5328b457f.html\"><strong>el hombre ser\u00e1 inmortal<\/strong><\/a>, pero de momento, s\u00f3lo en Estados Unidos, se estima que mueren 45.000 personas al a\u00f1o debido a errores de diagn\u00f3stico, tantas como las producidas por el c\u00e1ncer de mama.<\/p>\n<p dir=\"ltr\">En Espa\u00f1a no existen registros de este tipo pero, con toda seguridad, fallecen anualmente tambi\u00e9n muchas personas como consecuencia de errores humanos y demoras en las pruebas cl\u00ednicas.<\/p>\n<p dir=\"ltr\">Sobre los m\u00e9dicos recae la enorme responsabilidad de acertar<strong>\u00a0con nuestras dolencias<\/strong>, \u00a0en una breve consulta \u00a0(6 minutos de media es el objetivo para el a\u00f1o pr\u00f3ximo en Murcia) en el caso de la Atenci\u00f3n Primaria, la puerta de entrada a los sistemas p\u00fablicos de salud.<\/p>\n<p dir=\"ltr\">Para un profesional sanitario cada vez resulta m\u00e1s dif\u00edcil estar al d\u00eda de los \u00faltimos avances cuando cada 5 a\u00f1os\u00a0<strong>se duplica<\/strong>\u00a0el conocimiento cient\u00edfico en el \u00e1mbito de la Medicina. \u00a0Por citar un ejemplo, s\u00f3lo en el campo de las enfermedades coronarias se publican unos 5.000 art\u00edculos\u00a0anuales.<\/p>\n<p dir=\"ltr\">Sin embargo, \u00a0las mismas tecnolog\u00edas que permiten extender nuevo conocimiento de\u00a0<strong>forma exponencial<\/strong>\u00a0hasta l\u00edmites inabordables por la mente humana, hacen posible procesar, en unos segundos, enormes vol\u00famenes de datos convirti\u00e9ndose as\u00ed en un poderoso instrumento de ayuda a las decisiones que deben tomar los facultativos, a los que les puede llegar a facilitar hasta el 80% de sus actividades cotidianas.<\/p>\n<p dir=\"ltr\">Las \u00faltimas investigaciones de Google o IBM, con su proyecto\u00a0<strong><a href=\"http:\/\/observatorio-ia.com\/aplicaciones-de-watson-en-el-sector-sanitario\" target=\"_blank\" data-saferedirecturl=\"https:\/\/www.google.com\/url?hl=es&amp;q=http:\/\/observatorio-ia.com\/aplicaciones-de-watson-en-el-sector-sanitario&amp;source=gmail&amp;ust=1503832884448000&amp;usg=AFQjCNEHYJ8dbNwruh_vUAkpatPsLRqpgQ\">WATSON<\/a><\/strong>\u00a0de computaci\u00f3n cognitiva, han probado que un ordenador puede diagnosticar la retinopatia diab\u00e9tica o el c\u00e1ncer de mama con la misma fiabilidad que un m\u00e9dico, al que puede proveer de informaciones muy valiosas sobre la evoluci\u00f3n de las enfermedades y de los tratamientos, no s\u00f3lo de sus propios pacientes sino tambi\u00e9n de los de sus colegas.<\/p>\n<p dir=\"ltr\">\u00a0Estamos en los albores de\u00a0una\u00a0<span class=\"il\">medicina<\/span>\u00a0de alta precisi\u00f3n como resultado de la aplicaci\u00f3n de t\u00e9cnicas de <strong>Big Data<\/strong>, de <strong>Inteligencia Artificial,<\/strong>\u00a0de conocimiento cognitivo y de <a href=\"https:\/\/blogs.laverdad.es\/faro\/2017\/07\/25\/superara-la-biotecnologia-al-turismo\/\"><strong>impresi\u00f3n 3D<\/strong><\/a>.<\/p>\n<p dir=\"ltr\"><a href=\"https:\/\/blogs.laverdad.es\/faro\/files\/2017\/03\/junta-de-m%C3%A9dicos.jpg\" target=\"_blank\" data-saferedirecturl=\"https:\/\/www.google.com\/url?hl=es&amp;q=https:\/\/blogs.laverdad.es\/faro\/files\/2017\/03\/junta-de-m%25C3%25A9dicos.jpg&amp;source=gmail&amp;ust=1503832884448000&amp;usg=AFQjCNEjOtE1kXIDzRmPDjl83zK60GlkiA\"><img loading=\"lazy\" class=\"m_7686170419387238458gmail-aligncenter m_7686170419387238458gmail-wp-image-487 CToWUd\" title=\"junta de m\u00e9dicos\" src=\"https:\/\/ci4.googleusercontent.com\/proxy\/IjWt2DYx5Pa6yAbDSCbRPSQBpLZjRR3RK23glWbbOxup474Bdhj3rcXfTZq3yupEkxPqWJVwzagb2bBlLduI4GAap5W4LwBGue1ENvcaGINclAGwRkhM9g7cyA=s0-d-e1-ft#https:\/\/blogs.laverdad.es\/faro\/files\/2017\/03\/junta-de-m%C3%A9dicos.jpg\" alt=\"\" width=\"640\" height=\"449\" \/><\/a>En los casos m\u00e1s complejos, se facilita enormemente la posibilidad de no depender del criterio de un s\u00f3lo especialista, aprovechando, en tiempo real, \u00a0y evitando que se pierda la experiencia atesorada, en soporte digital, por los mejores galenos del mundo.<\/p>\n<p dir=\"ltr\">El m\u00e9dico puede disponer, en 15 segundos, de una ayuda inestimable basada en las modernas t\u00e9cnicas de an\u00e1lisis de datos y de\u00a0<strong><a href=\"https:\/\/es.wikipedia.org\/wiki\/Ling%C3%BC%C3%ADstica_computacional\" target=\"_blank\" data-saferedirecturl=\"https:\/\/www.google.com\/url?hl=es&amp;q=https:\/\/es.wikipedia.org\/wiki\/Ling%25C3%25BC%25C3%25ADstica_computacional&amp;source=gmail&amp;ust=1503832884448000&amp;usg=AFQjCNHMiEpy-XjDmhzKtqo_6ZgDBco2yw\">ling\u00fcistica computacional<\/a><\/strong>\u00a0 que posibilitan extraer correlaciones y hacer predicciones imposibles de realizar por la mente humana, interpretando y modelizando el lenguaje natural en el que \u00a0se redactan las historias cl\u00ednicas.<\/p>\n<p dir=\"ltr\">Vuelve a resurgir, en sentido metaf\u00f3rico, corregido y ampliado, la inteligencia colectiva de las\u00a0<em><strong>&#8220;juntas de m\u00e9dicos&#8221;<\/strong>\u00a0<\/em>que s\u00f3lo las personas m\u00e1s pudientes pod\u00edan permitirse, no hace tantos a\u00f1os, ante la presencia de una patolog\u00eda grave.<\/p>\n<p dir=\"ltr\"><a href=\"https:\/\/static-blogs.laverdad.es\/wp-content\/uploads\/sites\/25\/2017\/08\/junta-de-m\u00e9dicos.jpg\"><img loading=\"lazy\" class=\"alignnone wp-image-564\" src=\"https:\/\/static-blogs.laverdad.es\/wp-content\/uploads\/sites\/25\/2017\/08\/junta-de-m\u00e9dicos-300x210.jpg\" alt=\"junta-de-medicos\" width=\"466\" height=\"326\" srcset=\"https:\/\/static-blogs.laverdad.es\/wp-content\/uploads\/sites\/25\/2017\/08\/junta-de-m\u00e9dicos-300x210.jpg 300w, https:\/\/static-blogs.laverdad.es\/wp-content\/uploads\/sites\/25\/2017\/08\/junta-de-m\u00e9dicos-768x539.jpg 768w, https:\/\/static-blogs.laverdad.es\/wp-content\/uploads\/sites\/25\/2017\/08\/junta-de-m\u00e9dicos.jpg 800w\" sizes=\"(max-width: 466px) 100vw, 466px\" \/><\/a><\/p>\n<p dir=\"ltr\">Aunque en Espa\u00f1a no se suelen solicitar<em>, \u00a0&#8220;las <strong>segundas opiniones<\/strong> son cruciales en los casos de c\u00e1ncer que van mal,&#8221; <\/em>asegura <a href=\"http:\/\/www.gacetamedica.com\/especializada\/miguel-martin-premiado-por-la-sociedad-europea-de-oncologia-medica-MD1063943\">Miguel Mart\u00edn<\/a>, reconocido experto en tumores de mama, actual Presidente de la Sociedad Espa\u00f1ola de Oncolog\u00eda M\u00e9dica.<\/p>\n<p dir=\"ltr\">El <strong>conocimiento m\u00e9dico digitalizado<\/strong> es, pues, un poderoso instrumento de prevenci\u00f3n y cuidado de la salud, \u00a0que se puede compartir de forma instant\u00e1nea, generalizada, ubicua y tambi\u00e9n <strong>econ\u00f3mica.<\/strong><\/p>\n<p dir=\"ltr\">Los<strong>\u00a0costes<\/strong>\u00a0de los sistemas p\u00fablicos de salud son enormes, en un contexto de envejecimiento y aumento de los enfermos cr\u00f3nicos. <a href=\"http:\/\/www.innovacionensalud.elmundo.es\/tecnologia-de-la-salud\/big-data-para-medir-la-salud-al-minuto\"><strong>McKinsey<\/strong><\/a> estima que las t\u00e9cnicas de Big Data \u00a0pueden generar ahorros de\u00a0<strong>250.000 M\u20ac<\/strong>\u00a0en el sector p\u00fablico.<\/p>\n<div>\n<p dir=\"ltr\">Las dos terceras partes de esta descomunal cifra se estiman en la reducci\u00f3n de gastos innecesarios en el cuidado de los pacientes, pero no son despreciables los relativos a la\u00a0<strong>gesti\u00f3n y administraci\u00f3n<\/strong>\u00a0de centros de salud y hospitales.<\/p>\n<p dir=\"ltr\">De hecho, en la Digital Health Summit de 2013, los expertos concluyeron que no hay otra salida posible para prevenir la\u00a0<strong>quiebra de los sistemas p\u00fablicos de salud d<\/strong>e los paises occidentales que aplicar las tecnolog\u00edas de Big Data, de Internet de las cosas y de Inteligencia Artificial (IA)<strong>.<\/strong><\/p>\n<p dir=\"ltr\">Invitado por la <a href=\"https:\/\/sede.carm.es\/sms\/portaldelpaciente\/home.xhtml\"><strong>Consejeria de Sanidad<\/strong><\/a>, sobre estos temas nos ilustr\u00f3 en Murcia, hace unos meses, el neur\u00f3logo y experto en Big Data,\u00a0<strong>Nacho Medrano<\/strong>, de ascendencia murciana, brillante orador, con un dominio de la escena impropio de su juventud.<\/p>\n<p>No en vano puede presumir de haber sido uno de los escasos cient\u00edficos espa\u00f1oles becado por la\u00a0<strong>Universidad de la Singularidad, <\/strong>precisamente<strong>\u00a0<\/strong>la instituci\u00f3n que ha predicho la inmortalidad en 2045.<\/p>\n<p>Suya es la frase:<em>&#8220;El hospital m\u00e1s importante va a estar en Internet, no va a ser un espacio\u00a0fisico&#8221;<\/em><\/p>\n<p><iframe loading=\"lazy\" src=\"https:\/\/www.youtube.com\/embed\/mYsg6KzsixQ\" width=\"560\" height=\"315\" frameborder=\"0\" allowfullscreen=\"allowfullscreen\"><\/iframe><\/p>\n<p>&nbsp;<\/p>\n<p>&nbsp;<\/p>\n<\/div>\n<div class=\"h7 \" tabindex=\"-1\">\n<div class=\"Bk\">\n<div class=\"G3 G2\">\n<div id=\":1ou\">\n<div class=\"adn ads\">\n<div class=\"gs\">\n<div id=\":1os\" class=\"ii gt adP adO\">\n<div id=\":1ot\" class=\"a3s aXjCH m15b20381db52cc49\">\n<div dir=\"ltr\">\n<p><strong>ART\u00cdCULOS RELACIONADOS<\/strong><\/p>\n<p><a href=\"https:\/\/www.euroresidentes.com\/tecnologia\/in4u\/la-nueva-revolucion-biologica\"><strong>&#8220;La nueva revoluci\u00f3n biol\u00f3gica&#8221;<\/strong>\u00a0<\/a><\/p>\n<p><a href=\"https:\/\/www.euroresidentes.com\/tecnologia\/in4u\/smart-city-humana-y-saludable\"><strong>&#8220;Smart City, humana y saludable<\/strong>&#8220;<\/a><\/p>\n<p><a href=\"https:\/\/blogs.laverdad.es\/faro\/2014\/09\/04\/visca-el-poder-de-los-datos\/\"><strong>&#8220;Visca el poder de los datos&#8221;<\/strong><\/a><\/p>\n<div><a href=\"https:\/\/blogs.laverdad.es\/faro\/2014\/09\/13\/que-canten-los-datos\/\">\u00a0<strong>&#8220;Que canten los datos&#8221;<\/strong><\/a><\/div>\n<div><\/div>\n<div>\u00a0<a href=\"https:\/\/blogs.laverdad.es\/faro\/2015\/07\/07\/242\/\"><strong>&#8220;El negocio de la inmortalidad&#8221;<\/strong><\/a><\/div>\n<div><\/div>\n<div class=\"yj6qo ajU\">\n<div id=\":27z\" class=\"ajR\" tabindex=\"0\" data-tooltip=\"Mostrar contenido reducido\"><img class=\"ajT\" src=\"https:\/\/ssl.gstatic.com\/ui\/v1\/icons\/mail\/images\/cleardot.gif\" \/><\/div>\n<\/div>\n<\/div>\n<\/div>\n<\/div>\n<div id=\":1q7\" class=\"hq gt a10\"><\/div>\n<\/div>\n<\/div>\n<\/div>\n<\/div>\n<\/div>\n<\/div>\n<div class=\"h7 ie nH oy8Mbf\" tabindex=\"-1\"><\/div>\n","protected":false},"excerpt":{"rendered":"<p>Con cierta frecuencia se escuchan expresiones como \u00e9stas:\u00a0&#8220;si le hubieran detectado a tiempo la enfermedad. Si el tratamiento hubiera sido el correcto. Si no hubiera ocurrido en agosto&#8230;&#8221;. Para el 2045 est\u00e1 anunciada la muerte de la muerte, el hombre ser\u00e1 inmortal, pero de momento, s\u00f3lo en Estados Unidos, se estima que mueren 45.000 personas [&hellip;]<\/p>\n","protected":false},"author":26,"featured_media":0,"comment_status":"open","ping_status":"closed","sticky":false,"template":"","format":"standard","meta":[],"categories":[9,1],"tags":[79,621,620,619,314,622,618,593,599],"_links":{"self":[{"href":"https:\/\/blogs.laverdad.es\/faro\/wp-json\/wp\/v2\/posts\/559"}],"collection":[{"href":"https:\/\/blogs.laverdad.es\/faro\/wp-json\/wp\/v2\/posts"}],"about":[{"href":"https:\/\/blogs.laverdad.es\/faro\/wp-json\/wp\/v2\/types\/post"}],"author":[{"embeddable":true,"href":"https:\/\/blogs.laverdad.es\/faro\/wp-json\/wp\/v2\/users\/26"}],"replies":[{"embeddable":true,"href":"https:\/\/blogs.laverdad.es\/faro\/wp-json\/wp\/v2\/comments?post=559"}],"version-history":[{"count":10,"href":"https:\/\/blogs.laverdad.es\/faro\/wp-json\/wp\/v2\/posts\/559\/revisions"}],"predecessor-version":[{"id":571,"href":"https:\/\/blogs.laverdad.es\/faro\/wp-json\/wp\/v2\/posts\/559\/revisions\/571"}],"wp:attachment":[{"href":"https:\/\/blogs.laverdad.es\/faro\/wp-json\/wp\/v2\/media?parent=559"}],"wp:term":[{"taxonomy":"category","embeddable":true,"href":"https:\/\/blogs.laverdad.es\/faro\/wp-json\/wp\/v2\/categories?post=559"},{"taxonomy":"post_tag","embeddable":true,"href":"https:\/\/blogs.laverdad.es\/faro\/wp-json\/wp\/v2\/tags?post=559"}],"curies":[{"name":"wp","href":"https:\/\/api.w.org\/{rel}","templated":true}]}}