{"id":596,"date":"2017-10-26T12:01:47","date_gmt":"2017-10-26T10:01:47","guid":{"rendered":"http:\/\/blogs.laverdad.es\/faro\/?p=596"},"modified":"2017-10-26T12:07:12","modified_gmt":"2017-10-26T10:07:12","slug":"a-innovar-se-aprende-innovando","status":"publish","type":"post","link":"https:\/\/blogs.laverdad.es\/faro\/2017\/10\/26\/a-innovar-se-aprende-innovando\/","title":{"rendered":"A innovar se aprende innovando"},"content":{"rendered":"<p>Es humano sentir cierta decepci\u00f3n, enfado o incluso ansiedad, ante la falta de respuesta a una llamada o a un mensaje.<\/p>\n<p>Todos, en alguna ocasi\u00f3n, de manera m\u00e1s o menos consciente o justificada, hemos\u00a0podido causar estos sentimientos o haberlos sufrido.<\/p>\n<p>El coach\u00a0<em>Marty Nemko<\/em>\u00a0recomienda\u00a0<a href=\"https:\/\/www.elconfidencial.com\/alma-corazon-vida\/2014-09-10\/como-actuar-cuando-la-gente-no-responde-a-tus-correos-o-a-tus-mensajes_186235\/\" target=\"_blank\" data-saferedirecturl=\"https:\/\/www.google.com\/url?hl=es&amp;q=https:\/\/www.elconfidencial.com\/alma-corazon-vida\/2014-09-10\/como-actuar-cuando-la-gente-no-responde-a-tus-correos-o-a-tus-mensajes_186235\/&amp;source=gmail&amp;ust=1509085972252000&amp;usg=AFQjCNFChsXRRPxqc_-JbeP7njWEKaSonw\"><strong>tomarse con calma<\/strong><\/a>\u00a0las emociones negativas que nos suscitan estas\u00a0te\u00f3ricas descortes\u00edas.<\/p>\n<p>El profesor\u00a0<em><a href=\"http:\/\/www.guatabi.com\/biografias\/biografia-de-timothy-ferriss\/\" target=\"_blank\" data-saferedirecturl=\"https:\/\/www.google.com\/url?hl=es&amp;q=http:\/\/www.guatabi.com\/biografias\/biografia-de-timothy-ferriss\/&amp;source=gmail&amp;ust=1509085972252000&amp;usg=AFQjCNHkkg5kmOJcO_WTsg3S34tsoaKY0Q\">Tim Ferriss<\/a>\u00a0<\/em>aconsejaba<em>\u00a0<\/em>\u00a0a sus alumnos que hicieran cada d\u00eda &#8220;<em>algo que les diera un poco de miedo&#8221;, <\/em>como por ejemplo<em>,\u00a0<\/em><a href=\"http:\/\/revoluciondelproposito.com\/revoluciondelproposito-blog\/2015\/cmo-obtengo-respuesta-por-correo-de-las-personas-ms-importantes-y-ocupadas\" target=\"_blank\" data-saferedirecturl=\"https:\/\/www.google.com\/url?hl=es&amp;q=http:\/\/revoluciondelproposito.com\/revoluciondelproposito-blog\/2015\/cmo-obtengo-respuesta-por-correo-de-las-personas-ms-importantes-y-ocupadas&amp;source=gmail&amp;ust=1509085972252000&amp;usg=AFQjCNGKFh5jzSgM8MWprBsBMQWJa6YmWA\"><strong>\u00a0contactar con personas importantes<\/strong><\/a>\u00a0a trav\u00e9s del correo electr\u00f3nico. Muchos lo consegu\u00edan de forma relativamente f\u00e1cil.<\/p>\n<p>Ignoro si siguiendo esas pautas resultar\u00e1 sencillo acceder al propio Ferriss. Yo no las hab\u00eda le\u00eddo cuando, hace varios a\u00f1os,\u00a0 le envi\u00e9 un correo a\u00a0<strong>Mar\u00eda Beunza\u00a0<\/strong>interes\u00e1ndome por la Agencia Navarra de Innovaci\u00f3n, obteniendo una respuesta inmediata.<\/p>\n<p>Desde entonces, aunque s\u00f3lo nos hemos visto una vez, aqu\u00ed en Murcia, mantenemos un contacto continuo a trav\u00e9s de las redes sociales, fluido e instant\u00e1neo.<\/p>\n<p>Viene a cuento\u00a0esta introducci\u00f3n porque <em>conectar con personas y organizaciones externas<\/em> es una de las recomendaciones que recogen <a href=\"https:\/\/www.unavarra.es\/amigosyantiguosalumnos\/tablon-anuncios?contentId=179771\"><strong>Mar\u00eda Beunza<\/strong><\/a> y <a href=\"https:\/\/www.linkedin.com\/in\/belengoni\/?locale=es_ES\"><strong>Bel\u00e9n Go\u00f1i<\/strong><\/a>, socias\u00a0de\u00a0la consultora\u00a0 <strong><a href=\"http:\/\/happeninn.es\/\">Happeninn<\/a>,\u00a0<\/strong>en su \u00faltimo libro <a href=\"http:\/\/ainnovarseaprendeinnovando.com\/\"><strong>&#8220;A innovar se aprende innovando&#8221;<\/strong><\/a>\u00a0.<\/p>\n<p>&nbsp;<\/p>\n<p><a href=\"https:\/\/static-blogs.laverdad.es\/wp-content\/uploads\/sites\/25\/2017\/10\/a-innovar-se-aprende-innovando.jpg\"><img loading=\"lazy\" class=\"alignnone size-medium wp-image-597 aligncenter\" src=\"https:\/\/static-blogs.laverdad.es\/wp-content\/uploads\/sites\/25\/2017\/10\/a-innovar-se-aprende-innovando-215x300.jpg\" alt=\"a-innovar-se-aprende-innovando\" width=\"215\" height=\"300\" srcset=\"https:\/\/static-blogs.laverdad.es\/wp-content\/uploads\/sites\/25\/2017\/10\/a-innovar-se-aprende-innovando-215x300.jpg 215w, https:\/\/static-blogs.laverdad.es\/wp-content\/uploads\/sites\/25\/2017\/10\/a-innovar-se-aprende-innovando.jpg 357w\" sizes=\"(max-width: 215px) 100vw, 215px\" \/><\/a><\/p>\n<p>Hace tiempo que sigo la trayectoria de Mar\u00eda y de Bel\u00e9n, tanto monta monta tanto, por\u00a0la brillantez y la calidad de sus trabajos, que alcanzan su punto culminante, de momento, con esta publicaci\u00f3n que utiliza la afortunada met\u00e1fora de considerar a una empresa como una <em>nave espacial<\/em> que navega por la galaxia, en gran parte inexplorada, que es el mundo <a href=\"https:\/\/www.cerem.es\/blog\/como-triunfar-en-un-entorno-vuca\"><strong>VUCA<\/strong><\/a> actual.<\/p>\n<p>Se trata de una gu\u00eda pr\u00e1ctica dise\u00f1ada para ayudar a innovar a\u00a0las empresas\u00a0<em>&#8220;normales&#8221;<\/em>, que son la inmensa mayor\u00eda,\u00a0 en su proceso de transformaci\u00f3n en organizaciones <strong>AFABLES,\u00a0<\/strong>\u00e1giles, flexibles, abiertas y rentables.<\/p>\n<p>El libro est\u00e1 escrito en lenguaje muy claro y <strong>did\u00e1ctico<\/strong>, usando muchos ejemplos, recogiendo la bibliograf\u00eda y enlaces precisos, reflejo de la amplia experiencia profesional y docente de las autoras, hasta el punto de que bien podr\u00eda ser utilizado, en mi opini\u00f3n, como <strong>texto de referencia<\/strong>\u00a0para formar tanto a profesores como a j\u00f3venes en los conceptos b\u00e1sicos de la innovaci\u00f3n.<br \/>\n<iframe loading=\"lazy\" src=\"https:\/\/www.youtube.com\/embed\/g6tvGnlkKtE\" width=\"560\" height=\"315\" frameborder=\"0\" allowfullscreen=\"allowfullscreen\"><\/iframe><\/p>\n<p>Para finalizar, destacar\u00e9, en formato tweet,\u00a0los mensajes que considero m\u00e1s relevantes de esta gu\u00eda, imprescindible para facilitar a todas las organizaciones el incierto viaje hacia la innovaci\u00f3n.<\/p>\n<ol>\n<li>Innovar est\u00e1 al alcance de <strong>empresas de cualquier tama\u00f1o<\/strong>. El gran reto es combinar el d\u00eda a d\u00eda con la exploraci\u00f3n del futuro. Mejorar lo que siempre se ha hecho ya no es una opci\u00f3n duradera.<\/li>\n<li>La innovaci\u00f3n es una <strong>cuesti\u00f3n personal<\/strong>. Cada uno de nosotros podemos ser el mayor facilitador o el principal obst\u00e1culo para innovar, sobre todo los jefes.<\/li>\n<li>Las compa\u00f1\u00edas innovadoras suelen estar dirigidas por <strong>l\u00edderes innovadores<\/strong>. Para que la innovaci\u00f3n no sea flor de un d\u00eda debe formar parte de la estrategia de la empresa.<\/li>\n<li>\u00a0La <strong>creatividad<\/strong> es la materia prima de la innovaci\u00f3n y se puede entrenar. Contratad a gente con potencial innovador. Rotad al personal en sus funciones en la medida de lo posible para evitar que se desmotiven haciendo siempre lo mismo.<\/li>\n<li>La <strong>vigilancia<\/strong> tecnol\u00f3gica, competitiva, comercial y del entorno es fundamental para saber qu\u00e9 pasa en la &#8220;galaxia&#8221;.\u00a0 No basta con adaptarse, hay que intentar adelantarse.<\/li>\n<li>Orientar la innovaci\u00f3n a las necesidades del <strong>cliente<\/strong>. Preguntaos continuamente cu\u00e1l es vuestra propuesta de valor diferencial. La posventa debe ser m\u00e1s proactiva que nunca.<\/li>\n<li>Hay que definir <strong>objetivos concretos<\/strong> y <strong>medir<\/strong> los resultados. La cultura innovadora es diferente de la cultura de la calidad y se puede valorar.<\/li>\n<li>La <strong>&#8220;amputaci\u00f3n creativa&#8221;<\/strong>: forma muy potente y original de generar oportunidades para innovar. Lista las circunstancias que te obligar\u00edan a cerrar tu empresa y act\u00faa sobre ellas.<\/li>\n<\/ol>\n<p>&nbsp;<\/p>\n<p><strong>Art\u00edculos relacionados:<\/strong><\/p>\n<blockquote data-secret=\"xb6uI3zSgt\" class=\"wp-embedded-content\"><p><a href=\"https:\/\/blogs.laverdad.es\/faro\/2016\/05\/01\/como-mejorar-nuestra-creatividad\/\">C\u00f3mo mejorar nuestra creatividad<\/a><\/p><\/blockquote>\n<p><iframe class=\"wp-embedded-content\" sandbox=\"allow-scripts\" security=\"restricted\" style=\"position: absolute; clip: rect(1px, 1px, 1px, 1px);\" src=\"https:\/\/blogs.laverdad.es\/faro\/2016\/05\/01\/como-mejorar-nuestra-creatividad\/embed\/#?secret=xb6uI3zSgt\" data-secret=\"xb6uI3zSgt\" width=\"500\" height=\"282\" title=\"&#8220;C\u00f3mo mejorar nuestra creatividad&#8221; &#8212; La i de innovaci\u00f3n\" frameborder=\"0\" marginwidth=\"0\" marginheight=\"0\" scrolling=\"no\"><\/iframe><\/p>\n<blockquote data-secret=\"jtofBcQycA\" class=\"wp-embedded-content\"><p><a href=\"https:\/\/blogs.laverdad.es\/faro\/2015\/11\/08\/el-abogado-del-diablo\/\">El abogado del diablo<\/a><\/p><\/blockquote>\n<p><iframe class=\"wp-embedded-content\" sandbox=\"allow-scripts\" security=\"restricted\" style=\"position: absolute; clip: rect(1px, 1px, 1px, 1px);\" src=\"https:\/\/blogs.laverdad.es\/faro\/2015\/11\/08\/el-abogado-del-diablo\/embed\/#?secret=jtofBcQycA\" data-secret=\"jtofBcQycA\" width=\"500\" height=\"282\" title=\"&#8220;El abogado del diablo&#8221; &#8212; La i de innovaci\u00f3n\" frameborder=\"0\" marginwidth=\"0\" marginheight=\"0\" scrolling=\"no\"><\/iframe><\/p>\n<blockquote data-secret=\"jKbeXa8rPr\" class=\"wp-embedded-content\"><p><a href=\"https:\/\/blogs.laverdad.es\/faro\/2017\/04\/29\/la-cultura-de-la-innovacion\/\">La cultura de la innovaci\u00f3n<\/a><\/p><\/blockquote>\n<p><iframe class=\"wp-embedded-content\" sandbox=\"allow-scripts\" security=\"restricted\" style=\"position: absolute; clip: rect(1px, 1px, 1px, 1px);\" src=\"https:\/\/blogs.laverdad.es\/faro\/2017\/04\/29\/la-cultura-de-la-innovacion\/embed\/#?secret=jKbeXa8rPr\" data-secret=\"jKbeXa8rPr\" width=\"500\" height=\"282\" title=\"&#8220;La cultura de la innovaci\u00f3n&#8221; &#8212; La i de innovaci\u00f3n\" frameborder=\"0\" marginwidth=\"0\" marginheight=\"0\" scrolling=\"no\"><\/iframe><\/p>\n<blockquote data-secret=\"MLMbr5pHEB\" class=\"wp-embedded-content\"><p><a href=\"https:\/\/blogs.laverdad.es\/faro\/2015\/12\/23\/innovar-en-tiempos-liquidos\/\">Innovar en tiempos l\u00edquidos<\/a><\/p><\/blockquote>\n<p><iframe class=\"wp-embedded-content\" sandbox=\"allow-scripts\" security=\"restricted\" style=\"position: absolute; clip: rect(1px, 1px, 1px, 1px);\" src=\"https:\/\/blogs.laverdad.es\/faro\/2015\/12\/23\/innovar-en-tiempos-liquidos\/embed\/#?secret=MLMbr5pHEB\" data-secret=\"MLMbr5pHEB\" width=\"500\" height=\"282\" title=\"&#8220;Innovar en tiempos l\u00edquidos&#8221; &#8212; La i de innovaci\u00f3n\" frameborder=\"0\" marginwidth=\"0\" marginheight=\"0\" scrolling=\"no\"><\/iframe><\/p>\n<div>\n<blockquote><p><a href=\"https:\/\/www.euroresidentes.com\/tecnologia\/in4u\/bienaventurados-los-knowmads-ellos\"><strong>Bienaventurados los knowmads: ellos tendr\u00e1n trabajo<\/strong><\/a><\/p>\n<p>&nbsp;<\/p>\n<p>&nbsp;<\/p>\n<p>&nbsp;<\/p><\/blockquote>\n<\/div>\n<div><\/div>\n","protected":false},"excerpt":{"rendered":"<p>Es humano sentir cierta decepci\u00f3n, enfado o incluso ansiedad, ante la falta de respuesta a una llamada o a un mensaje. Todos, en alguna ocasi\u00f3n, de manera m\u00e1s o menos consciente o justificada, hemos\u00a0podido causar estos sentimientos o haberlos sufrido. El coach\u00a0Marty Nemko\u00a0recomienda\u00a0tomarse con calma\u00a0las emociones negativas que nos suscitan estas\u00a0te\u00f3ricas descortes\u00edas. El profesor\u00a0Tim Ferriss\u00a0aconsejaba\u00a0\u00a0a [&hellip;]<\/p>\n","protected":false},"author":26,"featured_media":597,"comment_status":"open","ping_status":"closed","sticky":false,"template":"","format":"standard","meta":[],"categories":[3,1],"tags":[630,137,635,631,634,632,629,633],"_links":{"self":[{"href":"https:\/\/blogs.laverdad.es\/faro\/wp-json\/wp\/v2\/posts\/596"}],"collection":[{"href":"https:\/\/blogs.laverdad.es\/faro\/wp-json\/wp\/v2\/posts"}],"about":[{"href":"https:\/\/blogs.laverdad.es\/faro\/wp-json\/wp\/v2\/types\/post"}],"author":[{"embeddable":true,"href":"https:\/\/blogs.laverdad.es\/faro\/wp-json\/wp\/v2\/users\/26"}],"replies":[{"embeddable":true,"href":"https:\/\/blogs.laverdad.es\/faro\/wp-json\/wp\/v2\/comments?post=596"}],"version-history":[{"count":5,"href":"https:\/\/blogs.laverdad.es\/faro\/wp-json\/wp\/v2\/posts\/596\/revisions"}],"predecessor-version":[{"id":602,"href":"https:\/\/blogs.laverdad.es\/faro\/wp-json\/wp\/v2\/posts\/596\/revisions\/602"}],"wp:featuredmedia":[{"embeddable":true,"href":"https:\/\/blogs.laverdad.es\/faro\/wp-json\/wp\/v2\/media\/597"}],"wp:attachment":[{"href":"https:\/\/blogs.laverdad.es\/faro\/wp-json\/wp\/v2\/media?parent=596"}],"wp:term":[{"taxonomy":"category","embeddable":true,"href":"https:\/\/blogs.laverdad.es\/faro\/wp-json\/wp\/v2\/categories?post=596"},{"taxonomy":"post_tag","embeddable":true,"href":"https:\/\/blogs.laverdad.es\/faro\/wp-json\/wp\/v2\/tags?post=596"}],"curies":[{"name":"wp","href":"https:\/\/api.w.org\/{rel}","templated":true}]}}