{"id":60,"date":"2014-04-08T19:59:46","date_gmt":"2014-04-08T17:59:46","guid":{"rendered":"http:\/\/blogs.laverdad.es\/faro\/?p=60"},"modified":"2014-04-08T19:59:46","modified_gmt":"2014-04-08T17:59:46","slug":"el-efecto-medici-la-historia-se-repite","status":"publish","type":"post","link":"https:\/\/blogs.laverdad.es\/faro\/2014\/04\/08\/el-efecto-medici-la-historia-se-repite\/","title":{"rendered":"El efecto M\u00e9dici: la historia se repite"},"content":{"rendered":"<p>El <a href=\"http:\/\/es.wikipedia.org\/wiki\/Renacimiento\"><strong>Renacimiento<\/strong><\/a> fue sin duda una de las etapas m\u00e1s creativas e innovadoras de la historia de la Humanidad. Los <a href=\"http:\/\/es.wikipedia.org\/wiki\/M%C3%A9dici\"><strong>M\u00e9dici,<\/strong><\/a> una influyente familia de banqueros, que tambi\u00e9n dio algunos pol\u00edticos e incluso tres papas, actuaron como catalizadores de este importante movimiento cultural que se desarroll\u00f3 durante los siglos XV y XVI.<\/p>\n<p><a href=\"\/faro\/wp-content\/uploads\/sites\/25\/2014\/04\/medici.jpg\"><img loading=\"lazy\" class=\"alignleft size-full wp-image-121\" title=\"medici\" src=\"\/faro\/wp-content\/uploads\/sites\/25\/2014\/04\/medici.jpg\" alt=\"\" width=\"200\" height=\"214\" \/><\/a>Patrocinando la obra de artistas de distintas disciplinas, escritores, pintores, escultores, arquitectos o poetas, la familia M\u00e9dici convirti\u00f3 a Florencia en un <strong>foco cultural y creativo<\/strong> de primer orden que se extendi\u00f3 con rapidez por toda Europa.<\/p>\n<p>El <strong><em>efecto M\u00e9dici<\/em><\/strong> alude a la explosi\u00f3n de creatividad que se genera cuando se propicia la convergencia de conocimientos distintos. La diversidad enciende la chispa de la innovaci\u00f3n. Si se juntan dos matem\u00e1ticos pueden producir alg\u00fan avance en esta disciplina pero si hacemos que colaboren un matem\u00e1tico, un bi\u00f3logo y un historiador cabe esperar alguna innovaci\u00f3n disruptiva.<\/p>\n<p>Viene esta introducci\u00f3n, y el t\u00edtulo del post, a cuento de dos circunstancias. La primera se refiere a\u00a0la reciente celebraci\u00f3n en Murcia del evento <a href=\"http:\/\/www.tedxmurcia.org\/\"><strong>TEDx<\/strong><\/a><strong> <\/strong>, al que por desgracia no se le ha dado toda la publicidad que merecen unas jornadas innovadoras que gozan de un gran reconocimiento mundial. Personalmente me hubiera gustado asistir pero me enter\u00e9 tarde.<\/p>\n<p>Las conferencias <a href=\"http:\/\/es.wikipedia.org\/wiki\/TED\"><strong>TED<\/strong><\/a>, como foro de intercambio de ideas pioneras sobre tecnolog\u00eda, entretenimiento y dise\u00f1o, \u00a0fueron instituidas, cual moderno M\u00e9dici por Richard Wurman hace 26 a\u00f1os. La x hace referencia a versiones locales, independientes, de este foro. Adjunto, por su inter\u00e9s, una selecci\u00f3n de destacadas <strong><a href=\"http:\/\/javiermegias.com\/blog\/2013\/02\/10-mejores-charlas-ted-emprender\/\">ponencias TED<\/a><\/strong> (en castellano).<\/p>\n<p>La otra circunstancia a la que alud\u00eda es el hecho de haber tenido la ocasi\u00f3n de compartir unas horas con <strong><a href=\"https:\/\/www.youtube.com\/watch?v=Y9-2Gudp2DM\">Amalio Rey<\/a><\/strong>, un reputado especialista en metodolog\u00edas de la innovaci\u00f3n, como <strong><a href=\"http:\/\/www.guioteca.com\/emprendimiento\/design-thinking-la-herramienta-de-moda-en-innovacion\/\">Design Thinking<\/a><\/strong>, en el transcurso de un curso sobre innovaci\u00f3n p\u00fablica organizado por la Escuela de Formaci\u00f3n e Innovaci\u00f3n (<strong><a href=\"http:\/\/efiapmurcia.carm.es\/web\/pagina?IDCONTENIDO=7&#038;IDTIPO=180\">EFIAP<\/a><\/strong>) de la Comunidad Aut\u00f3noma.<\/p>\n<p>Amalio Rey tambi\u00e9n ha escrito un post sobre el efecto M\u00e9dici mucho m\u00e1s interesante y documentado que el m\u00edo, que recomiendo <strong><a href=\"http:\/\/www.amaliorey.com\/2010\/09\/14\/visiones-hibridas-y-el-efecto-medici-post-190\/\">leer.<\/a><\/strong><\/p>\n","protected":false},"excerpt":{"rendered":"<p>El Renacimiento fue sin duda una de las etapas m\u00e1s creativas e innovadoras de la historia de la Humanidad. Los M\u00e9dici, una influyente familia de banqueros, que tambi\u00e9n dio algunos pol\u00edticos e incluso tres papas, actuaron como catalizadores de este importante movimiento cultural que se desarroll\u00f3 durante los siglos XV y XVI. Patrocinando la obra [&hellip;]<\/p>\n","protected":false},"author":26,"featured_media":0,"comment_status":"open","ping_status":"closed","sticky":false,"template":"","format":"standard","meta":[],"categories":[19,3,6],"tags":[50,152,181,288,301,506,507],"_links":{"self":[{"href":"https:\/\/blogs.laverdad.es\/faro\/wp-json\/wp\/v2\/posts\/60"}],"collection":[{"href":"https:\/\/blogs.laverdad.es\/faro\/wp-json\/wp\/v2\/posts"}],"about":[{"href":"https:\/\/blogs.laverdad.es\/faro\/wp-json\/wp\/v2\/types\/post"}],"author":[{"embeddable":true,"href":"https:\/\/blogs.laverdad.es\/faro\/wp-json\/wp\/v2\/users\/26"}],"replies":[{"embeddable":true,"href":"https:\/\/blogs.laverdad.es\/faro\/wp-json\/wp\/v2\/comments?post=60"}],"version-history":[{"count":0,"href":"https:\/\/blogs.laverdad.es\/faro\/wp-json\/wp\/v2\/posts\/60\/revisions"}],"wp:attachment":[{"href":"https:\/\/blogs.laverdad.es\/faro\/wp-json\/wp\/v2\/media?parent=60"}],"wp:term":[{"taxonomy":"category","embeddable":true,"href":"https:\/\/blogs.laverdad.es\/faro\/wp-json\/wp\/v2\/categories?post=60"},{"taxonomy":"post_tag","embeddable":true,"href":"https:\/\/blogs.laverdad.es\/faro\/wp-json\/wp\/v2\/tags?post=60"}],"curies":[{"name":"wp","href":"https:\/\/api.w.org\/{rel}","templated":true}]}}