{"id":607,"date":"2017-11-29T12:31:21","date_gmt":"2017-11-29T11:31:21","guid":{"rendered":"http:\/\/blogs.laverdad.es\/faro\/?p=607"},"modified":"2017-11-29T20:24:13","modified_gmt":"2017-11-29T19:24:13","slug":"8-sabios-consejos-para-sobrevivir-en-la-era-digital","status":"publish","type":"post","link":"https:\/\/blogs.laverdad.es\/faro\/2017\/11\/29\/8-sabios-consejos-para-sobrevivir-en-la-era-digital\/","title":{"rendered":"8 sabios consejos para sobrevivir en la era digital"},"content":{"rendered":"<p>Obviamente el sabio no soy yo, sino alguien que acaba de ser\u00a0reconocido como tal por el Gobierno espa\u00f1ol, \u00a0siendo ya una autoridad consolidada\u00a0en el \u00e1mbito de la econom\u00eda digital desde hace muchos a\u00f1os, en su doble vertiente, acad\u00e9mica y empresarial.<\/p>\n<p>Se trata de Andr\u00e9s Pedre\u00f1o Mu\u00f1oz, un <a href=\"https:\/\/blogs.laverdad.es\/faro\/2015\/12\/03\/un-visionario-murciano\/\"><strong>visionario murciano<\/strong><\/a>,\u00a0 que ha sido\u00a0elegido por el Ministerio de Energ\u00eda, Turismo y Agencia Digital para formar parte del selecto <a href=\"http:\/\/www.eleconomista.es\/economia\/noticias\/8742674\/11\/17\/El-gobierno-impulsa-un-comite-de-sabios-sobre-inteligencia-artificial-y-big-data.html\"><strong>comit\u00e9 de sabios<\/strong><\/a>\u00a0encargado de elaborar <em>&#8220;El Libro Blanco sobre la Inteligencia Artificial&#8221; <\/em>de nuestro pa\u00eds.<\/p>\n<p>La semana pasada tuvimos la inusual oportunidad de disfrutar de su presencia en Murcia dos d\u00edas consecutivos, en sendos actos:\u00a0 uno de ellos, <a href=\"http:\/\/conecta2.laverdad.es\/4edicion\/ponentes\/\"><strong>Conecta2<\/strong><\/a>, que organiza anualmente La Verdad.<\/p>\n<p>El otro, en un foro m\u00e1s reducido, en el que la <strong>UCAM<\/strong>, trimestralmente, suele invitar a una personalidad destacada del mundo de la econom\u00eda para compartir reflexiones con un grupo de empresarios interesados en la transformaci\u00f3n\u00a0digital.<\/p>\n<p><a href=\"https:\/\/static-blogs.laverdad.es\/wp-content\/uploads\/sites\/25\/2017\/11\/ANDRE\u0301S-PEDREN\u0303O-MUN\u0303OZ.jpg\"><img loading=\"lazy\" class=\"wp-image-612 aligncenter\" src=\"https:\/\/static-blogs.laverdad.es\/wp-content\/uploads\/sites\/25\/2017\/11\/ANDRE\u0301S-PEDREN\u0303O-MUN\u0303OZ-300x81.jpg\" alt=\"andres-pedren%cc%83o-mun%cc%83oz\" width=\"488\" height=\"132\" srcset=\"https:\/\/static-blogs.laverdad.es\/wp-content\/uploads\/sites\/25\/2017\/11\/ANDRE\u0301S-PEDREN\u0303O-MUN\u0303OZ-300x81.jpg 300w, https:\/\/static-blogs.laverdad.es\/wp-content\/uploads\/sites\/25\/2017\/11\/ANDRE\u0301S-PEDREN\u0303O-MUN\u0303OZ-768x207.jpg 768w, https:\/\/static-blogs.laverdad.es\/wp-content\/uploads\/sites\/25\/2017\/11\/ANDRE\u0301S-PEDREN\u0303O-MUN\u0303OZ-1024x276.jpg 1024w, https:\/\/static-blogs.laverdad.es\/wp-content\/uploads\/sites\/25\/2017\/11\/ANDRE\u0301S-PEDREN\u0303O-MUN\u0303OZ.jpg 1312w\" sizes=\"(max-width: 488px) 100vw, 488px\" \/><\/a><\/p>\n<p>En esta charla-coloquio organizada por el <strong><a href=\"http:\/\/itm.ucam.edu\/\">Instituto Tecnol\u00f3gico de Murcia<\/a>\u00a0<\/strong>tuve la oportunidad de escuchar de primera mano las siempre interesantes aportaciones y consejos del <em>sabio<\/em> Andr\u00e9s Pedre\u00f1o.<\/p>\n<p>A continuaci\u00f3n, paso a compartir sus recomendaciones, de forma muy resumida, complementadas con algunas observaciones y enlaces personales, con la idea de ampliar, de forma opcional y prescindible, la informaci\u00f3n sobre determinados conceptos.<\/p>\n<p><strong>1<\/strong>.\u00a0<span style=\"font-weight: 400;\"><strong>No planifiques a largo plazo<\/strong> y <strong>pivota<\/strong> en el corto.\u00a0 Intenta innovar en cada punto de contacto con el cliente, ofrece una visi\u00f3n integrada de tus servicios y ten la capacidad de adaptaci\u00f3n y la flexibilidad necesarias para cambiar de rumbo seg\u00fan lo impongan las circunstancias.<\/span><\/p>\n<p><a href=\"https:\/\/static-blogs.laverdad.es\/wp-content\/uploads\/sites\/25\/2017\/11\/lienzo-lean-canvas-de-ash-maurya-800x524.jpg\"><img loading=\"lazy\" class=\" wp-image-613 aligncenter\" src=\"https:\/\/static-blogs.laverdad.es\/wp-content\/uploads\/sites\/25\/2017\/11\/lienzo-lean-canvas-de-ash-maurya-800x524-300x197.jpg\" alt=\"lienzo-lean-canvas-de-ash-maurya-800x524\" width=\"365\" height=\"240\" srcset=\"https:\/\/static-blogs.laverdad.es\/wp-content\/uploads\/sites\/25\/2017\/11\/lienzo-lean-canvas-de-ash-maurya-800x524-300x197.jpg 300w, https:\/\/static-blogs.laverdad.es\/wp-content\/uploads\/sites\/25\/2017\/11\/lienzo-lean-canvas-de-ash-maurya-800x524-768x503.jpg 768w, https:\/\/static-blogs.laverdad.es\/wp-content\/uploads\/sites\/25\/2017\/11\/lienzo-lean-canvas-de-ash-maurya-800x524.jpg 800w\" sizes=\"(max-width: 365px) 100vw, 365px\" \/><\/a><\/p>\n<p>&nbsp;<\/p>\n<p>2.\u00a0 <strong>Think big, Start small, Move fast.<\/strong><\/p>\n<p>Piensa en grande, aspira a lo m\u00e1ximo, en tus proyectos de innovaci\u00f3n, pero empieza en &#8220;peque\u00f1o&#8221;, dando pasos cortos, con filosof\u00eda low-cost, de forma controlada, consiguiendo pronto resultados esperanzadores, que animan a seguir y a plantearse mayores metas sin que decaiga el inter\u00e9s por el objetivo o el reto principal\u00a0planteado.<\/p>\n<p>&nbsp;<\/p>\n<p>3. <strong>Observa con inteligencia lo que te afecta<\/strong>.<\/p>\n<p>En un mundo <a href=\"https:\/\/www.sintetia.com\/quieras-o-no-vives-en-un-entorno-vuca-descubre-como-moverte-en-el\/\"><strong>VUCA<\/strong><\/a> La vigilancia tecnol\u00f3gica es m\u00e1s necesaria que nunca. Hay que desarrollar habilidades y encontrar el tiempo para conjugar la explotaci\u00f3n del d\u00eda a d\u00eda con la exploraci\u00f3n del futuro, con el an\u00e1lisis atento de las <em>megatendencias<\/em> tecnol\u00f3gicas y de consumo que pueden cambiar las reglas del juego de los negocios de forma inesperada.<\/p>\n<p>Con esta finalidad\u00a0prospectiva,\u00a0Andr\u00e9s Pedre\u00f1o ha creado dos interesantes observatorios espec\u00edficos\u00a0que conviene seguir fielmente:\u00a0el de<a href=\"https:\/\/www.fin-tech.es\/\"><strong> fintech<\/strong> <\/a>(bitcoin, blockchain, banca,&#8230;)\u00a0, con la colaboraci\u00f3n de Google\u00a0y el de <a href=\"http:\/\/observatorio-ia.com\/uso-inteligencia-artificial-en-grandes-empresas\"><strong>Inteligencia Artificial.<\/strong><\/a><\/p>\n<p>&nbsp;<\/p>\n<p>4. <strong>Redes de colaboraci\u00f3n &#8211; Networking<\/strong><\/p>\n<p>La innovaci\u00f3n es un fen\u00f3meno de <a href=\"https:\/\/blogs.laverdad.es\/faro\/2015\/05\/29\/newton-y-la-innovacion-la-proximidad-importa\/\"><strong>distancias cortas.<\/strong><\/a> Aprovecha tu entorno cercano para hacer networking, establecer sinergias, colaborar y compartir experiencias.<\/p>\n<p>Andr\u00e9s Pedre\u00f1o es el Presidente de <a href=\"http:\/\/alicantec.com\/\"><strong>Alicantec,<\/strong><\/a>\u00a0una asociaci\u00f3n sin \u00e1nimo de lucro cuyo objetivo es promover la econom\u00eda digital en Alicante y provincias lim\u00edtrofes.<\/p>\n<p>En Murcia es digna de aplauso la reciente creaci\u00f3n de la <strong><a href=\"http:\/\/www.laverdad.es\/murcia\/manuel-torres-preside-20171113115334-nt.html\">Fundaci\u00f3n Isaac Peral<\/a>, <\/strong>espacio\u00a0de colaboraci\u00f3n p\u00fablico-privada impulsada por el Instituto de Fomento<strong>\u00a0<\/strong>con objeto de promover el desarrollo tecnol\u00f3gico e industrial de nuestra Regi\u00f3n.<\/p>\n<p>Asimismo, se encuentra en avanzado estado de gestaci\u00f3n otra iniciativa de un grupo de entusiastas profesionales murcianos que pretende contribuir a mentalizar a la sociedad regional de que sin innovaci\u00f3n no hay futuro, desde un concepto humanista, basado en las personas, que somos realmente los grandes actores y receptores de la cultura de la innovaci\u00f3n.<\/p>\n<p>Ni qu\u00e9 decir tiene, que este &#8220;Club de Innovadores&#8221; nace con la vocaci\u00f3n de poner foco en la construcci\u00f3n de una sociedad murciana innovadora, pero siempre abierto a establecer sinergias con Alicantec, con la Fundaci\u00f3n Isaac Peral y con todo tipo de entidades e instituciones que tengan objetivos similares o complementarios.<\/p>\n<p>&nbsp;<\/p>\n<p>5. <strong>Obsesi\u00f3n con la Inteligencia Artificial y los datos.\u00a0<\/strong><\/p>\n<p>Las empresas del futuro inminente ser\u00e1n <strong>empresas de datos<\/strong>. Todo lo automatizable ser\u00e1 <a href=\"https:\/\/blogs.laverdad.es\/faro\/2016\/11\/26\/la-economia-algoritmica\/\"><strong>digitalizado<\/strong><\/a>. La transformaci\u00f3n digital es una condici\u00f3n necesaria para sobrevivir\u00a0pero, en\u00a0opini\u00f3n de Pedre\u00f1o: <em>&#8220;El Big Data sin Inteligencia Artificial es basura digital&#8221; .\u00a0<\/em><\/p>\n<p>La inteligencia artificial (IA) es una innovaci\u00f3n disruptiva que tiene el potencial de duplicar las tasas de crecimiento econ\u00f3mico anual de las econom\u00edas\u00a0avanzadas e incrementar la productividad laboral\u00a0<b><i>en un 40% en 10 a\u00f1os.\u00a0<\/i><\/b>Se convertir\u00e1 as\u00ed en el principal motor de desarrollo econ\u00f3mico.<\/p>\n<p>En estos momento, USA es el pa\u00eds hegem\u00f3nico en IA, con una inversi\u00f3n de unos 18.000 millones de d\u00f3lares en los \u00faltimos 4 a\u00f1os, pero China est\u00e1 emergiendo con una fuerza inusitada, marc\u00e1ndose el objetivo de convertirse en el a\u00f1o 2030 en el l\u00edder mundial en esta materia.<\/p>\n<p>&nbsp;<\/p>\n<p><strong>6. Identifica, desarrolla, ret\u00e9n y capta talento. La educaci\u00f3n del futuro.<\/strong><\/p>\n<p>La tecnolog\u00eda es condici\u00f3n necesaria pero no suficiente. La clave son <strong>las personas<\/strong>. Hay que fomentar la creatividad y el talento desde la m\u00e1s tierna infancia.<\/p>\n<p>Se imponen cambios dr\u00e1sticos hacia una educaci\u00f3n m\u00e1s personalizada, introduciendo metodolog\u00edas como el <em>design thinking<\/em>, la <em>flipped classroom o el\u00a0<\/em><a href=\"https:\/\/blogs.laverdad.es\/faro\/2017\/05\/12\/el-pensamiento-computacional\/\"><strong>pensamiento computacional, <\/strong><\/a>con objeto de adelantarse a las necesidades crecientes de las empresas en especialidades como Big Data, IA o Internet de las cosas.<\/p>\n<p>Por parte de las organizaciones se impone una pol\u00edtica de personal que promueva la captaci\u00f3n y retenci\u00f3n del talento.<\/p>\n<p>&nbsp;<\/p>\n<p><strong>7. Moderniza tu relaci\u00f3n con el usuario \/cliente.\u00a0<\/strong><\/p>\n<p><span style=\"font-weight: 400;\">Es fundamental situar al cliente en el centro de nuestras actuaciones, sorprendi\u00e9ndole con nuevos servicios y productos inteligentes, personalizados, introduciendo nuevas formas de comunicaci\u00f3n y de marketing como est\u00e1n posibilitando los <a href=\"http:\/\/blog.segittur.es\/bots-captando-sector-turismo\/\"><strong>chatbots<\/strong><\/a>.\u00a0<\/span><\/p>\n<p style=\"text-align: center;\"><a href=\"https:\/\/static-blogs.laverdad.es\/wp-content\/uploads\/sites\/25\/2017\/11\/chatbot.png\"><img loading=\"lazy\" class=\"alignnone size-medium wp-image-618\" src=\"https:\/\/static-blogs.laverdad.es\/wp-content\/uploads\/sites\/25\/2017\/11\/chatbot-300x168.png\" alt=\"chatbot\" width=\"300\" height=\"168\" srcset=\"https:\/\/static-blogs.laverdad.es\/wp-content\/uploads\/sites\/25\/2017\/11\/chatbot-300x168.png 300w, https:\/\/static-blogs.laverdad.es\/wp-content\/uploads\/sites\/25\/2017\/11\/chatbot-768x430.png 768w, https:\/\/static-blogs.laverdad.es\/wp-content\/uploads\/sites\/25\/2017\/11\/chatbot.png 1024w\" sizes=\"(max-width: 300px) 100vw, 300px\" \/><\/a><\/p>\n<p><strong>8. Mide tus posibilidades con los grandes tecnol\u00f3gicos<\/strong><\/p>\n<p><em>&#8220;Las grandes compa\u00f1\u00edas de referencia son tecnol\u00f3gicas: Google, Appel, Microsoft, Facebook, Amazon,&#8230;que son las que marcan el rumbo de la econom\u00eda digital, afectando transversalmente a todos los sectores de actividad y generando un nuevo tejido econ\u00f3mico disruptivo con un apellido fijo, tech:\u00a0<strong>\u00a0fintech, protech, agrotech, foodtech, traveltech edtech, edutech<\/strong>\u2026&#8221;<\/em><\/p>\n<p>Es necesario, pues, estar muy atentos a los movimientos de estos gigantes tecnol\u00f3gicos que te pueden afectar a tu negocio de un d\u00eda para otro &#8220;<em>en<\/em>\u00a0<em>t\u00e9rminos de\u00a0los propios productos y servicios ya existentes, sus precios, la distribuci\u00f3n, la cualificaci\u00f3n del trabajo, los medios de pago\u2026\u00a0 &#8220;<\/em><\/p>\n<p>Finalmente, el ex-Rector de la Universidad de Alicante dedic\u00f3 unos minutos a hablar sobre &#8220;La medicina personalizada&#8221; (Big Data e IA, cirug\u00eda rob\u00f3tica, <a href=\"http:\/\/docsalud.com\/articulo\/8367\/un-robot-chino-el-mejor-alumno-en-medicina\"><strong>robot advisors<\/strong><\/a>, wearables\u00a0 y telemonitorizaci\u00f3n, prevenci\u00f3n, gen\u00f3mica, biotecnolog\u00eda,&#8230;), un sector con un mercado potencial de 500 billones de d\u00f3lares.<\/p>\n<p>En este\u00a0\u00e1mbito cit\u00f3 brevemente una iniciativa murciana en la que participa, y en la que tambi\u00e9n colaboro, liderada por el divulgador m\u00e9dico Juan Madrid, <a href=\"https:\/\/salud-1.com\/\"><strong>Salud 1.<\/strong><\/a><\/p>\n<p>&nbsp;<\/p>\n<p><iframe loading=\"lazy\" src=\"https:\/\/www.youtube.com\/embed\/sk0HR77CvzE\" width=\"560\" height=\"315\" frameborder=\"0\" allowfullscreen=\"allowfullscreen\"><\/iframe><\/p>\n","protected":false},"excerpt":{"rendered":"<p>Obviamente el sabio no soy yo, sino alguien que acaba de ser\u00a0reconocido como tal por el Gobierno espa\u00f1ol, \u00a0siendo ya una autoridad consolidada\u00a0en el \u00e1mbito de la econom\u00eda digital desde hace muchos a\u00f1os, en su doble vertiente, acad\u00e9mica y empresarial. Se trata de Andr\u00e9s Pedre\u00f1o Mu\u00f1oz, un visionario murciano,\u00a0 que ha sido\u00a0elegido por el Ministerio [&hellip;]<\/p>\n","protected":false},"author":26,"featured_media":0,"comment_status":"open","ping_status":"closed","sticky":false,"template":"","format":"standard","meta":[],"categories":[4,6,1],"tags":[638,55,639,314,636,637,521],"_links":{"self":[{"href":"https:\/\/blogs.laverdad.es\/faro\/wp-json\/wp\/v2\/posts\/607"}],"collection":[{"href":"https:\/\/blogs.laverdad.es\/faro\/wp-json\/wp\/v2\/posts"}],"about":[{"href":"https:\/\/blogs.laverdad.es\/faro\/wp-json\/wp\/v2\/types\/post"}],"author":[{"embeddable":true,"href":"https:\/\/blogs.laverdad.es\/faro\/wp-json\/wp\/v2\/users\/26"}],"replies":[{"embeddable":true,"href":"https:\/\/blogs.laverdad.es\/faro\/wp-json\/wp\/v2\/comments?post=607"}],"version-history":[{"count":11,"href":"https:\/\/blogs.laverdad.es\/faro\/wp-json\/wp\/v2\/posts\/607\/revisions"}],"predecessor-version":[{"id":622,"href":"https:\/\/blogs.laverdad.es\/faro\/wp-json\/wp\/v2\/posts\/607\/revisions\/622"}],"wp:attachment":[{"href":"https:\/\/blogs.laverdad.es\/faro\/wp-json\/wp\/v2\/media?parent=607"}],"wp:term":[{"taxonomy":"category","embeddable":true,"href":"https:\/\/blogs.laverdad.es\/faro\/wp-json\/wp\/v2\/categories?post=607"},{"taxonomy":"post_tag","embeddable":true,"href":"https:\/\/blogs.laverdad.es\/faro\/wp-json\/wp\/v2\/tags?post=607"}],"curies":[{"name":"wp","href":"https:\/\/api.w.org\/{rel}","templated":true}]}}