{"id":65,"date":"2014-05-14T12:02:58","date_gmt":"2014-05-14T10:02:58","guid":{"rendered":"http:\/\/blogs.laverdad.es\/faro\/?p=65"},"modified":"2014-05-14T12:02:58","modified_gmt":"2014-05-14T10:02:58","slug":"meteduras-de-pata-i","status":"publish","type":"post","link":"https:\/\/blogs.laverdad.es\/faro\/2014\/05\/14\/meteduras-de-pata-i\/","title":{"rendered":"Meteduras de pata (I)"},"content":{"rendered":"<p><em>\u201cFracasa mejor\u201d (Beckett). \u00a0\u201cAdmira a quien lo intenta, aunque fracase\u201d (S\u00e9neca),<\/em><\/p>\n<p>Hace muchos a\u00f1os ya, siendo estudiante de COU, recuerdo que un d\u00eda llam\u00e9 la atenci\u00f3n de mi admirado \u00a0profesor de Matem\u00e1ticas e inspirador de que yo tambi\u00e9n estudiara esta carrera, \u00a0<strong>D. David Templado<\/strong>, que andaba abstra\u00eddo por el pasillo del Instituto (Diego Tortosa, de Cieza, para m\u00e1s se\u00f1as):<\/p>\n<p>&#8211;\u00a0\u00a0\u00a0\u00a0\u00a0\u00a0\u00a0\u00a0 D. David (entonces no tute\u00e1bamos a los profesores) \u2026 anda Vd, distraido, \u00a0como los sabios,\u2026<\/p>\n<p>&#8211;\u00a0\u00a0\u00a0\u00a0\u00a0\u00a0\u00a0\u00a0 <em>S\u00ed, el despiste ya lo tengo, \u2026 s\u00f3lo me falta la sabidur\u00eda.<\/em><\/p>\n<p>El sentido del humor, la capacidad de re\u00edrse de uno mismo,\u00a0 la humildad de reconocer errores, la capacidad de disculparse, son caracter\u00edsticas que valoro mucho en las personas, hasta el punto de que tengo el h\u00e1bito de clasificarlas en dos grandes grupos: a) <strong>las imperfectas humildes<\/strong>,\u00a0 que reconocen errores y piden perd\u00f3n\u00a0 y\u00a0 b) <strong>las perfectas soberbias<\/strong>, que nunca hacen ni una cosa ni otra.<\/p>\n<p>Bueno, y <strong>\u00bfqu\u00e9 tiene que ver esta introducci\u00f3n con la innovaci\u00f3n?,<\/strong> se preguntar\u00e1 alg\u00fan posible lector. La verdad es que mis opiniones y experiencias personales quiz\u00e1 no mucho, porque no soy un experto acreditado en la materia, y adem\u00e1s me considero un imperfecto humilde, por lo que pido disculpas por las deficiencias de este blog. \u00a0Pero el error, el fracaso, el no-\u00e9xito, la tolerancia al mismo, s\u00ed son conceptos inherentes a la innovaci\u00f3n.<\/p>\n<p>Esta entrada ha sido inspirada por el encuentro que se celebr\u00f3 el mes pasado en Madrid del <a href=\"http:\/\/www.clubdeinnovacion.es\/\">Club de Innovadores P\u00fablicos<\/a>, al que pertenezco,\u00a0 bajo el sugerente t\u00edtulo de: <strong><a href=\"http:\/\/www.clubdeinnovacion.es\/index.php?view=article&#038;catid=15%3Anoticias&#038;id=2568%3Ai-encuentro-de-innovadors-publicos-cipmadrid&#038;option=com_content&#038;Itemid=92\">\u201cChascarrillos del Innovador P\u00fablico, experiencias fallidas de las que aprender<\/a><\/strong>\u201d. Recomiendo vivamente su lectura. Hay muchas ideas interesantes, humildad para dar y tomar, cultura de aprender de los errores, voluntad de escuchar a los dem\u00e1s\u2026 teniendo como protagonistas a prestigiosos expertos, como el aqu\u00ed nombrado y reconocido <strong><a href=\"http:\/\/alorza.net\/\">Alberto Ortiz de Z\u00e1rate<\/a> <\/strong>o Monta\u00f1a Merch\u00e1n (curioso el <strong><a href=\"http:\/\/www.cookingideas.es\/museo-productos-fracasados-20130314.html\">Museo de Productos Fracasados de Michigan<\/a>)<\/strong><\/p>\n<p>Resulta estimulante comprobar c\u00f3mo personas de val\u00eda contrastada reconocen el error como elemento de perfeccionamiento. Hay gente que nunca se equivoca pero \u2026 es que no intenta nada, no s\u00f3lo no se le ocurre ni una sola idea sino que se aferran al inmovilismo y suelen ser los m\u00e1s represores y cr\u00edticos con los innovadores.<\/p>\n<p>Tampoco se trata de hacer un monumento al fracaso y mucho menos de presumir de ello. Los errores hay que evitarlos, y si se producen, analizarlos para corregirlos. <strong>El binomio error-innovaci\u00f3n da mucho de s\u00ed<\/strong>. Para los lectores m\u00e1s \u00e1vidos adjunto algunos enlaces interesantes sobre esta materia:<\/p>\n<p>&#8211;\u00a0\u00a0\u00a0\u00a0\u00a0\u00a0\u00a0\u00a0 <a href=\"http:\/\/www.altag.net\/los-10-errores-mas-comunes-en-la-innovacion\/#sthash.J1bGgW7h.dpuf\">Los 10 errores m\u00e1s comunes en la innovaci\u00f3n<\/a><\/p>\n<p>&#8211;\u00a0\u00a0\u00a0\u00a0\u00a0\u00a0\u00a0\u00a0 <a href=\"http:\/\/api.eoi.es\/api_v1_dev.php\/fedora\/asset\/eoi:75419\/componente75417.pdf\">Exitos y fracasos en la innovaci\u00f3n<\/a><\/p>\n<p>&#8211;\u00a0\u00a0\u00a0\u00a0\u00a0\u00a0\u00a0\u00a0 <a href=\"http:\/\/www.expansion.com\/2012\/04\/03\/empresas\/1333476413.html\">Tres grandes fracasos comerciales de lo m\u00e1s innovadores<\/a><\/p>\n<p>En el pr\u00f3ximo post os contar\u00e9 por qu\u00e9 met\u00ed la pata yo \u2026 y os pedir\u00e9 que vosotros \u00a0tambi\u00e9n cont\u00e9is alg\u00fan error\/fracaso.<\/p>\n<p>&nbsp;<\/p>\n","protected":false},"excerpt":{"rendered":"<p>\u201cFracasa mejor\u201d (Beckett). \u00a0\u201cAdmira a quien lo intenta, aunque fracase\u201d (S\u00e9neca), Hace muchos a\u00f1os ya, siendo estudiante de COU, recuerdo que un d\u00eda llam\u00e9 la atenci\u00f3n de mi admirado \u00a0profesor de Matem\u00e1ticas e inspirador de que yo tambi\u00e9n estudiara esta carrera, \u00a0D. David Templado, que andaba abstra\u00eddo por el pasillo del Instituto (Diego Tortosa, de [&hellip;]<\/p>\n","protected":false},"author":26,"featured_media":0,"comment_status":"open","ping_status":"closed","sticky":false,"template":"","format":"standard","meta":[],"categories":[19,3,6],"tags":[44,49,114,145,207,219,237,380],"_links":{"self":[{"href":"https:\/\/blogs.laverdad.es\/faro\/wp-json\/wp\/v2\/posts\/65"}],"collection":[{"href":"https:\/\/blogs.laverdad.es\/faro\/wp-json\/wp\/v2\/posts"}],"about":[{"href":"https:\/\/blogs.laverdad.es\/faro\/wp-json\/wp\/v2\/types\/post"}],"author":[{"embeddable":true,"href":"https:\/\/blogs.laverdad.es\/faro\/wp-json\/wp\/v2\/users\/26"}],"replies":[{"embeddable":true,"href":"https:\/\/blogs.laverdad.es\/faro\/wp-json\/wp\/v2\/comments?post=65"}],"version-history":[{"count":0,"href":"https:\/\/blogs.laverdad.es\/faro\/wp-json\/wp\/v2\/posts\/65\/revisions"}],"wp:attachment":[{"href":"https:\/\/blogs.laverdad.es\/faro\/wp-json\/wp\/v2\/media?parent=65"}],"wp:term":[{"taxonomy":"category","embeddable":true,"href":"https:\/\/blogs.laverdad.es\/faro\/wp-json\/wp\/v2\/categories?post=65"},{"taxonomy":"post_tag","embeddable":true,"href":"https:\/\/blogs.laverdad.es\/faro\/wp-json\/wp\/v2\/tags?post=65"}],"curies":[{"name":"wp","href":"https:\/\/api.w.org\/{rel}","templated":true}]}}