{"id":67,"date":"2014-07-10T12:20:29","date_gmt":"2014-07-10T10:20:29","guid":{"rendered":"http:\/\/blogs.laverdad.es\/faro\/?p=67"},"modified":"2014-07-10T12:20:29","modified_gmt":"2014-07-10T10:20:29","slug":"open-data-deberes-derechos-y-oportunidades","status":"publish","type":"post","link":"https:\/\/blogs.laverdad.es\/faro\/2014\/07\/10\/open-data-deberes-derechos-y-oportunidades\/","title":{"rendered":"OPEN DATA: deberes, derechos y oportunidades"},"content":{"rendered":"<p>Este fin de semana los <a href=\"http:\/\/www.laverdad.es\/murcia\/201405\/31\/comunidad-anuncia-codigo-buen-20140531003210-v.html\">medios regionales<\/a> se hac\u00edan amplio eco de la <a href=\"http:\/\/www.carm.es\/web\/pagina?IDCONTENIDO=75216&#038;IDTIPO=10&#038;RASTRO=c$m122,70\">iniciativa integral por la transparencia<\/a> del Gobierno auton\u00f3mico, que pretende incidir en el paradigma de <a href=\"http:\/\/es.wikipedia.org\/wiki\/Gobierno_abierto\">Gobierno Abierto<\/a> que est\u00e1n abrazando todos los pa\u00edses del mundo desarrollado en todos los \u00e1mbitos de actuaci\u00f3n pol\u00edtica: estatal, regional y local.<\/p>\n<p>El concepto de Gobierno Abierto se basa en tres pilares b\u00e1sicos: la <strong>transparencia,<\/strong> la <strong>colaboraci\u00f3n<\/strong> y la <strong>participaci\u00f3n<\/strong> que se sustentan, a su vez, \u00a0en dos ejes operativos \u201copen\u201d:<\/p>\n<ul>\n<li><strong>Open Data<\/strong>: Creaci\u00f3n de valor econ\u00f3mico y social derivado de la reutilizaci\u00f3n de los datos p\u00fablicos, incluyendo este apartado no s\u00f3lo los provenientes de actuaciones administrativas sino tambi\u00e9n los que generan de forma continua, entre otros, \u00a0los dispositivos electr\u00f3nicos relacionados con la temperatura, el \u00a0tr\u00e1fico, los transportes, el consumo de agua y de energ\u00eda, la calidad del aire \u00a0de nuestras ciudades.<\/li>\n<li><strong>Open Action<\/strong>: Fomento de la participaci\u00f3n ciudadana mediante el uso de redes sociales y plataformas de participaci\u00f3n colectiva.<\/li>\n<\/ul>\n<p><a href=\"\/faro\/wp-content\/uploads\/sites\/25\/2014\/07\/OpenData_W3C_HowToPublish.jpg\"><img loading=\"lazy\" class=\"alignleft size-medium wp-image-129\" title=\"OpenData_W3C_HowToPublish\" src=\"\/faro\/wp-content\/uploads\/sites\/25\/2014\/07\/OpenData_W3C_HowToPublish.jpg\" alt=\"www.librodeapuntes.es\" width=\"300\" height=\"142\" srcset=\"https:\/\/static-blogs.laverdad.es\/wp-content\/uploads\/sites\/25\/2014\/07\/OpenData_W3C_HowToPublish.jpg 800w, https:\/\/static-blogs.laverdad.es\/wp-content\/uploads\/sites\/25\/2014\/07\/OpenData_W3C_HowToPublish-300x142.jpg 300w, https:\/\/static-blogs.laverdad.es\/wp-content\/uploads\/sites\/25\/2014\/07\/OpenData_W3C_HowToPublish-768x364.jpg 768w\" sizes=\"(max-width: 300px) 100vw, 300px\" \/><\/a>La apertura de datos p\u00fablicos, en formatos reutilizables, y con absoluto respeto a las leyes de protecci\u00f3n de datos personales y de propiedad intelectual, no solamente es un poderoso instrumento facilitador de la obligada \u00a0<a href=\"http:\/\/www.rendiciondecuentas.es\/es\/index.html\">rendici\u00f3n de cuentas<\/a> a la ciudadan\u00eda por parte de los gobiernos sino que al mismo tiempo se convierte en un potente generador de actividad econ\u00f3mica, como se puede apreciar en el <a href=\"http:\/\/opendata.euskadi.net\/w79-ejemplos\/es\/contenidos\/informacion\/ideas_ejemplos_opendata\/es_apps\/ideas_ejemplos_app.html\">portal Open Data del Gobierno Vasco<\/a>, que recoge numerosas ideas y ejemplos al respecto.<\/p>\n<p>En nuestra\u00a0 misma regi\u00f3n, aparte de esta loable iniciativa del Gobierno\u00a0 Regional que citaba al principio, dos municipios se est\u00e1n destacando, de momento, sobre los dem\u00e1s en materia de Gobierno Abierto: el de <a href=\"http:\/\/gobiernoabierto.molinadesegura.es\/\">Molina de Segura<\/a> y el de <a href=\"http:\/\/datos.lorca.es\/\">Lorca,<\/a> sin olvidar\u00a0\u00a0 la apuesta estrat\u00e9gica de la capital regional \u00a0por el paradigma de Smart City. Recordemos el importante <a href=\"http:\/\/www.esmartcity.es\/noticias\/murcia-organiza-unas-jornadas-sobre-medio-ambiente-y-smart-cities\">congreso sobre ciudades inteligentes<\/a> que se va a celebrar en <a href=\"http:\/\/www.murcia.es\/web\/portal\/i-jornadas-smart-cities\">Murcia<\/a> esta misma semana.<\/p>\n<p>A nivel nacional, es obligatorio rese\u00f1ar el portal del Gobierno de <a href=\"http:\/\/www.datos.gob.es\/catalogo\">Datos Abiertos<\/a>. En la Uni\u00f3n Europea el portal de referencia es <a href=\"http:\/\/publicdata.eu\/\">Public Data\u00a0<\/a>\u00a0del que resaltar\u00eda el ejemplo de <a href=\"http:\/\/znasichdani.sk\/pomoc\">Eslovaquia,<\/a>\u00a0 que permite a los ciudadanos obtener informaci\u00f3n directa sobre todos los contratos adjudicados por el Gobierno a cualquier empresa, permitiendo incluso el acceso por nombre de titular o persona que firma el contrato p\u00fablico con la Administraci\u00f3n.<\/p>\n<p>Por \u00faltimo, es obligado rese\u00f1ar, por su calidad el portal <a href=\"http:\/\/data.gov.uk\/\">open data del Reino Unido<\/a>, todo un referente que me descubri\u00f3 el reputado experto <a href=\"http:\/\/www.slideshare.net\/mgarrigap\">Marc Garriga<\/a>, el cual nos obsequi\u00f3 el pasado viernes en Murcia con una magn\u00edfica ponencia sobre esta materia.<\/p>\n<p>En resumen, la aplicaci\u00f3n pr\u00e1ctica de Open Data supone: i) \u00a0una <strong>obligaci\u00f3n para los Gobiernos<\/strong>, \u00a0que de paso pueden aprovechar para mejorar sus procesos internos, \u00a0 ii) \u00a0un <strong>derecho<\/strong> que tenemos todos los ciudadanos, el de acceder a los datos p\u00fablicos, que financiamos con nuestros impuestos y \u00a0iii) \u00a0una <strong>oportunidad<\/strong> para las empresas, a las que animo a apostar este sector emergente en el que se prev\u00e9 un importante <a href=\"http:\/\/www.fundetec.es\/reportajes\/open-data-la-transparencia-hecha-negocio\/\">crecimiento econ\u00f3mico<\/a> en los pr\u00f3ximos a\u00f1os.<\/p>\n<p>&nbsp;<\/p>\n","protected":false},"excerpt":{"rendered":"<p>Este fin de semana los medios regionales se hac\u00edan amplio eco de la iniciativa integral por la transparencia del Gobierno auton\u00f3mico, que pretende incidir en el paradigma de Gobierno Abierto que est\u00e1n abrazando todos los pa\u00edses del mundo desarrollado en todos los \u00e1mbitos de actuaci\u00f3n pol\u00edtica: estatal, regional y local. El concepto de Gobierno Abierto [&hellip;]<\/p>\n","protected":false},"author":26,"featured_media":0,"comment_status":"open","ping_status":"closed","sticky":false,"template":"","format":"standard","meta":[],"categories":[21,8,13,17],"tags":[106,143,253,285,356,559,485],"_links":{"self":[{"href":"https:\/\/blogs.laverdad.es\/faro\/wp-json\/wp\/v2\/posts\/67"}],"collection":[{"href":"https:\/\/blogs.laverdad.es\/faro\/wp-json\/wp\/v2\/posts"}],"about":[{"href":"https:\/\/blogs.laverdad.es\/faro\/wp-json\/wp\/v2\/types\/post"}],"author":[{"embeddable":true,"href":"https:\/\/blogs.laverdad.es\/faro\/wp-json\/wp\/v2\/users\/26"}],"replies":[{"embeddable":true,"href":"https:\/\/blogs.laverdad.es\/faro\/wp-json\/wp\/v2\/comments?post=67"}],"version-history":[{"count":0,"href":"https:\/\/blogs.laverdad.es\/faro\/wp-json\/wp\/v2\/posts\/67\/revisions"}],"wp:attachment":[{"href":"https:\/\/blogs.laverdad.es\/faro\/wp-json\/wp\/v2\/media?parent=67"}],"wp:term":[{"taxonomy":"category","embeddable":true,"href":"https:\/\/blogs.laverdad.es\/faro\/wp-json\/wp\/v2\/categories?post=67"},{"taxonomy":"post_tag","embeddable":true,"href":"https:\/\/blogs.laverdad.es\/faro\/wp-json\/wp\/v2\/tags?post=67"}],"curies":[{"name":"wp","href":"https:\/\/api.w.org\/{rel}","templated":true}]}}