{"id":677,"date":"2018-03-29T21:42:01","date_gmt":"2018-03-29T19:42:01","guid":{"rendered":"http:\/\/blogs.laverdad.es\/faro\/?p=677"},"modified":"2018-03-29T21:48:03","modified_gmt":"2018-03-29T19:48:03","slug":"mentalidad-ganadora-y-vision-compartida","status":"publish","type":"post","link":"https:\/\/blogs.laverdad.es\/faro\/2018\/03\/29\/mentalidad-ganadora-y-vision-compartida\/","title":{"rendered":"Mentalidad ganadora y visi\u00f3n compartida"},"content":{"rendered":"<p>Como demuestran las econom\u00edas emergentes, la geograf\u00eda ha dejado de ser un h\u00e1ndicap para que las regiones menos desarrolladas puedan <strong>competir con las mejores.<\/strong><\/p>\n<p>Pero hay que creer que es posible y apostar con decisi\u00f3n.\u00a0Convertir la innovaci\u00f3n en una <strong>prioridad estrat\u00e9gica<\/strong> requiere adoptar una mentalidad ganadora.<\/p>\n<p>Implica generar un cambio cultural que permita\u00a0transformar\u00a0un cierto sentido de la resignaci\u00f3n en un <strong>despertar de aspiraciones dormidas.<\/strong><\/p>\n<p>Y esta afirmaci\u00f3n es v\u00e1lida a todos los niveles: pa\u00edses, regiones, instituciones, empresas y profesionales.<\/p>\n<p>Para el Decano de la Deusto Business School, Guillermo Dorronsoro, &#8220;<em>el motor que mueve los cambios son <strong>las emociones<\/strong>&#8220;<\/em>. Sin poner el coraz\u00f3n, sin implicaci\u00f3n emocional no cabe esperar que se alcancen grandes objetivos personales, profesionales o sociales.<\/p>\n<p><img loading=\"lazy\" class=\"m_3490305201757230445gmail-aligncenter m_3490305201757230445gmail-size-full m_3490305201757230445gmail-wp-image-2725 CToWUd\" src=\"https:\/\/ci6.googleusercontent.com\/proxy\/bigQBAQSFXQCKPCHBevltOztaW_mkOMAMAtGZe7q9lPCgUjWBNTHXg0tn6iV7cqJbWist_9SoIfsFPtO46nQE3sTqMZ0_YqL0-3kzz3nPSaXKeZKC4v4KRAtAjqVag52BLBCKP4xP5Ar=s0-d-e1-ft#https:\/\/euskaditm.files.wordpress.com\/2015\/11\/cupwtngwwaio6c3-large.jpg?w=525&amp;h=205\" alt=\"CUPwTNGWwAIO6C3.jpg large\" width=\"525\" height=\"205\" \/><\/p>\n<p>&nbsp;<\/p>\n<p>A un ritmo de v\u00e9rtigo, se est\u00e1 configurando un mundo muy diferente al actual.\u00a0 Un escenario basado en el <a href=\"https:\/\/blogs.laverdad.es\/faro\/2018\/01\/31\/liderazgo-y-megatendencias-para-2018\/\"><strong>conocimiento y la innovaci\u00f3n<\/strong><\/a> que requiere moverse con ambici\u00f3n, agilidad y sentido de la urgencia para no quedar descolgado.<\/p>\n<p>El mundo se fracturar\u00e1 en pa\u00edses y regiones preparados y no preparados. Nos estamos\u00a0<a href=\"http:\/\/ec.europa.eu\/growth\/industry\/innovation\/facts-figures\/regional_es\"><strong>retrasando<\/strong> <\/a>como pa\u00eds (0,361 en puntuaci\u00f3n I+D con respecto a la media de la UE, 0,521) en la lucha por el bienestar futuro, por el empleo de calidad, por el crecimiento empresarial, por la cohesi\u00f3n social.<\/p>\n<p>El Norte de Europa se dispara en la carrera por la innovaci\u00f3n. Incluso el norte de Espa\u00f1a pierde paso en su potencia innovadora, como ponen de manifiesto los indicadores RIS, que miden la intensidad de la innovaci\u00f3n en los pa\u00edses de la UE.<\/p>\n<p>\u00bfQu\u00e9 hay que hacer para superar esta situaci\u00f3n? <strong>\u00bfQu\u00e9 actitud adoptamos?<\/strong> \u00bfNos resignamos? \u00bfContinuamos relativamente dormidos en\u00a0el dise\u00f1o de un futuro que nadie va a\u00a0proyectar por nosotros?<\/p>\n<p>\u00bfO reaccionamos emocionalmente, y ponemos el coraz\u00f3n y el alma en el empe\u00f1o, como recomienda Dorronsoro?<\/p>\n<p><em>\u201cLo m\u00e1s importante para este\u00a0mundo que viene\u00a0es la\u00a0actitud: proactiva, positiva, ambiciosa y global\u201d <\/em><strong>(\u00a0<a href=\"http:\/\/www.juanmartinezbarea.com\/\">Juan Mart\u00ednez Barea<\/a>)<\/strong><\/p>\n<p><iframe loading=\"lazy\" width=\"500\" height=\"281\" src=\"https:\/\/www.youtube.com\/embed\/IuiNKNta9BM?feature=oembed\" frameborder=\"0\" allow=\"autoplay; encrypted-media\" allowfullscreen><\/iframe><\/p>\n<p>El papel impulsor, promotor y regulador de los gobiernos no va ser suficiente. La <strong>sociedad civil<\/strong> debe movilizarse y comprometerse en la construcci\u00f3n de nuestro futuro com\u00fan.<\/p>\n<p>Este sentido del <strong>compromiso<\/strong> con nuestra Regi\u00f3n es el que nos\u00a0impulsa a un grupo de entusiastas de la innovaci\u00f3n, liderados por una persona de\u00a0reconocido\u00a0prestigio,\u00a0 a la creaci\u00f3n de un movimiento social que pretende contribuir a la construcci\u00f3n de una <strong>sociedad murciana innovadora<\/strong> en todos los \u00e1mbitos.<\/p>\n<blockquote><p><em>\u201cUna sociedad que alcance las m\u00e1s altas cotas de desarrollo humano, social y econ\u00f3mico, impregnada de la cultura de la innovaci\u00f3n, con unas Administraciones P\u00fablicas abiertas, centradas en los ciudadanos, con universidades permeables y coordinadas con el mundo del trabajo, con un sistema educativo que fomenta las habilidades creativas y el esp\u00edritu emprendedor, con una econom\u00eda pr\u00f3spera, basada en el talento y con unos ciudadanos innovadores comprometidos\u201d.<\/em><\/p><\/blockquote>\n<p>Somos un movimiento independiente, abierto a todos,\u00a0 cuyo objetivo fundamental es generar una <strong>corriente social<\/strong> que se extienda a toda la Regi\u00f3n, colaborando con todos los agentes p\u00fablicos y privados que lo demanden en la construcci\u00f3n regional de una sociedad innovadora.<\/p>\n<p>Si te\u00a0apasiona la innovaci\u00f3n (p\u00fablica, empresarial o\u00a0social)\u00a0<strong>centrada en las personas<\/strong>,\u00a0 el conocimiento, la ciencia y la tecnolog\u00eda, el fomento de la creatividad y el talento, \u00e9ste puede ser uno de tus sitios de referencia.<\/p>\n<p>Cada uno de nosotros puede convertirse en un nodo de innovaci\u00f3n, pero la verdadera fuerza\u00a0transformadora vendr\u00e1 de la interconexi\u00f3n, de las sinergias y de la <strong>visi\u00f3n compartida<\/strong> en pos de un objetivo com\u00fan.<\/p>\n<p><strong><em>&#8220;Pocas fuerzas humanas son tan poderosas como una visi\u00f3n compartida\u201d (Peter Senge)<\/em><\/strong><\/p>\n<p>Muy pronto nos presentaremos p\u00fablicamente.<\/p>\n<p>&nbsp;<\/p>\n<p>Art\u00edculos relacionados<\/p>\n<p><a href=\"https:\/\/blogs.laverdad.es\/faro\/2016\/05\/17\/discurso-rey\/\"><strong>El discurso del Rey<\/strong><\/a><\/p>\n<p><a href=\"https:\/\/blogs.laverdad.es\/faro\/2015\/09\/21\/sin-ilusion-no-se-puede-innovar\/\"><strong>Sin ilusi\u00f3n no se puede innovar<\/strong><\/a><\/p>\n<p><a href=\"https:\/\/blogs.laverdad.es\/faro\/2015\/06\/26\/compromiso-urgente-con-la-innovacion\/\"><strong>Compromiso urgente con la innovaci\u00f3n<\/strong><\/a><\/p>\n","protected":false},"excerpt":{"rendered":"<p>Como demuestran las econom\u00edas emergentes, la geograf\u00eda ha dejado de ser un h\u00e1ndicap para que las regiones menos desarrolladas puedan competir con las mejores. Pero hay que creer que es posible y apostar con decisi\u00f3n.\u00a0Convertir la innovaci\u00f3n en una prioridad estrat\u00e9gica requiere adoptar una mentalidad ganadora. Implica generar un cambio cultural que permita\u00a0transformar\u00a0un cierto sentido [&hellip;]<\/p>\n","protected":false},"author":26,"featured_media":0,"comment_status":"open","ping_status":"closed","sticky":false,"template":"","format":"standard","meta":[],"categories":[2,11,1],"tags":[665,122,663,661,662,664],"_links":{"self":[{"href":"https:\/\/blogs.laverdad.es\/faro\/wp-json\/wp\/v2\/posts\/677"}],"collection":[{"href":"https:\/\/blogs.laverdad.es\/faro\/wp-json\/wp\/v2\/posts"}],"about":[{"href":"https:\/\/blogs.laverdad.es\/faro\/wp-json\/wp\/v2\/types\/post"}],"author":[{"embeddable":true,"href":"https:\/\/blogs.laverdad.es\/faro\/wp-json\/wp\/v2\/users\/26"}],"replies":[{"embeddable":true,"href":"https:\/\/blogs.laverdad.es\/faro\/wp-json\/wp\/v2\/comments?post=677"}],"version-history":[{"count":13,"href":"https:\/\/blogs.laverdad.es\/faro\/wp-json\/wp\/v2\/posts\/677\/revisions"}],"predecessor-version":[{"id":691,"href":"https:\/\/blogs.laverdad.es\/faro\/wp-json\/wp\/v2\/posts\/677\/revisions\/691"}],"wp:attachment":[{"href":"https:\/\/blogs.laverdad.es\/faro\/wp-json\/wp\/v2\/media?parent=677"}],"wp:term":[{"taxonomy":"category","embeddable":true,"href":"https:\/\/blogs.laverdad.es\/faro\/wp-json\/wp\/v2\/categories?post=677"},{"taxonomy":"post_tag","embeddable":true,"href":"https:\/\/blogs.laverdad.es\/faro\/wp-json\/wp\/v2\/tags?post=677"}],"curies":[{"name":"wp","href":"https:\/\/api.w.org\/{rel}","templated":true}]}}