{"id":713,"date":"2018-05-31T18:24:03","date_gmt":"2018-05-31T16:24:03","guid":{"rendered":"http:\/\/blogs.laverdad.es\/faro\/?p=713"},"modified":"2018-06-22T17:48:32","modified_gmt":"2018-06-22T15:48:32","slug":"ingenieria-para-un-futuro-sostenible","status":"publish","type":"post","link":"https:\/\/blogs.laverdad.es\/faro\/2018\/05\/31\/ingenieria-para-un-futuro-sostenible\/","title":{"rendered":"Ingenier\u00eda para un futuro sostenible"},"content":{"rendered":"<p><strong>&#8220;Inge<\/strong><strong>nier\u00eda para un futuro sostenible&#8221;\u00a0<\/strong>ha sido<strong>\u00a0<\/strong>el t\u00edtulo de la IX Jornada ACARMITT (<em>Asociaci\u00f3n de la Comunidad Aut\u00f3noma de la Regi\u00f3n de Murcia de Graduados &amp; Ingenieros T\u00e9cnicos de Telecomunicaci\u00f3n)<\/em>\u00a0que se celebr\u00f3 el pasado\u00a027 de abril en Murcia.<\/p>\n<p>Yo no pude asistir, pero s\u00ed\u00a0estuvo presente\u00a0<a href=\"https:\/\/blogs.laverdad.es\/faro\/2015\/10\/16\/ponerse-en-los-zapatos-del-ciudadano\/\"><strong>Jes\u00fas Macan\u00e1s S\u00e1nchez<\/strong><\/a>, un ingeniero de telecomunicaci\u00f3n\u00a0al que aprecio especialmente por razones personales, y no s\u00f3lo por formar parte de la escasa pero fiel audiencia de este blog.<\/p>\n<p>Jes\u00fas se ha tomado la molestia de remitirme un resumen del evento que, por su inter\u00e9s (y no s\u00f3lo por deferencia, aunque obviamente le agradezco el detalle), paso a publicar, con un poco de retraso, eso s\u00ed.<\/p>\n<p>El <a href=\"http:\/\/www.acarmitt.es\/index.php\/noticias\/60-ix-jornada-acarmitt-ingenieria-para-un-futuro-sostenible\"><strong>programa de la Jornada<\/strong><\/a>\u00a0contemplaba la participaci\u00f3n de las Universidades de la Regi\u00f3n, as\u00ed como profesionales cualificados del sector de las tecnolog\u00edas de la informaci\u00f3n y las telecomunicaciones para tratar temas de tanta actualidad como los siguientes:<\/p>\n<ul>\n<li>Aplicaciones de las TIC a la Salud y el Deporte<\/li>\n<li>Impacto de la Internet de las cosas en las familias<\/li>\n<li>El concepto de Smart City como ciudad sostenible<\/li>\n<li>Transformaci\u00f3n digital<\/li>\n<li>Nuevos modelos y tendencias en gesti\u00f3n de la energ\u00eda, agua e infraestructuras<\/li>\n<li>Plan Energ\u00e9tico de la Regi\u00f3n de Murcia<\/li>\n<\/ul>\n<p>Como ejemplo pr\u00e1ctico de aplicaci\u00f3n dom\u00e9stica de las TIC, que ya est\u00e1 en el mercado desde el a\u00f1o 2013, se expuso el caso del\u00a0<strong><a href=\"https:\/\/www.hapi.com\/product\/hapifork\">tenedor inteligente<\/a>,<\/strong>\u00a0que\u00a0nos\u00a0puede ayudar a comer despacio, a hacer mejores digestiones, a perder peso, y a sentirnos mejor, en definitiva. Cuesta 79\u20ac.<\/p>\n<p>Otro ejemplo de Internet de las cosas aplicada al \u00e1mbito familiar es la peculiar <a href=\"http:\/\/www.lavanguardia.com\/vivo\/ciudad\/20161130\/412009003302\/objetos-smart-que-no-imaginas-que-existen.html\"><strong>&#8220;huevera&#8221; <\/strong><\/a>\u00a0que\u00a0nos env\u00eda mensajes al\u00a0smartphone sobre la cantidad y antig\u00fcedad de los huevos\u00a0almacenados en\u00a0el frigor\u00edfico.<\/p>\n<p><a href=\"https:\/\/static-blogs.laverdad.es\/wp-content\/uploads\/sites\/25\/2018\/05\/Huevera.jpg\"><img loading=\"lazy\" class=\"alignnone size-medium wp-image-718\" src=\"https:\/\/static-blogs.laverdad.es\/wp-content\/uploads\/sites\/25\/2018\/05\/Huevera-300x300.jpg\" alt=\"huevera\" width=\"300\" height=\"300\" srcset=\"https:\/\/static-blogs.laverdad.es\/wp-content\/uploads\/sites\/25\/2018\/05\/Huevera-300x300.jpg 300w, https:\/\/static-blogs.laverdad.es\/wp-content\/uploads\/sites\/25\/2018\/05\/Huevera-150x150.jpg 150w, https:\/\/static-blogs.laverdad.es\/wp-content\/uploads\/sites\/25\/2018\/05\/Huevera.jpg 500w\" sizes=\"(max-width: 300px) 100vw, 300px\" \/><\/a><a href=\"https:\/\/static-blogs.laverdad.es\/wp-content\/uploads\/sites\/25\/2018\/05\/tenedor-inteligente.jpg\"><img loading=\"lazy\" class=\"alignnone size-medium wp-image-717\" src=\"https:\/\/static-blogs.laverdad.es\/wp-content\/uploads\/sites\/25\/2018\/05\/tenedor-inteligente-300x117.jpg\" alt=\"tenedor-inteligente\" width=\"300\" height=\"117\" srcset=\"https:\/\/static-blogs.laverdad.es\/wp-content\/uploads\/sites\/25\/2018\/05\/tenedor-inteligente-300x117.jpg 300w, https:\/\/static-blogs.laverdad.es\/wp-content\/uploads\/sites\/25\/2018\/05\/tenedor-inteligente-768x299.jpg 768w, https:\/\/static-blogs.laverdad.es\/wp-content\/uploads\/sites\/25\/2018\/05\/tenedor-inteligente-1024x398.jpg 1024w, https:\/\/static-blogs.laverdad.es\/wp-content\/uploads\/sites\/25\/2018\/05\/tenedor-inteligente.jpg 1080w\" sizes=\"(max-width: 300px) 100vw, 300px\" \/><\/a><\/p>\n<p>Particularmente brillante le pareci\u00f3 a mi <em>&#8220;corresponsal&#8221; <\/em>la soluci\u00f3n de <a href=\"http:\/\/lockupdoors.com\/\"><strong>llave digital<\/strong>\u00a0<\/a>de la empresa murciana Lock up.<\/p>\n<p>&#8220;<em>Permite acceder a tu habitaci\u00f3n de hotel sin hacer check-in y sin llave&#8230; pero tambi\u00e9n tiene una aplicaci\u00f3n brutal sobre residencial: ideal para alquileres (puedes abrir la puerta de tu casa rural sin desplazarte a la misma)\u00a0o tu propia casa, si tienes chica de la limpieza y no quieres dejarle llave, por ejemplo.<\/em>.. <em>genial<\/em>&#8221;<\/p>\n<p>El concepto de <a href=\"https:\/\/www.euroresidentes.com\/tecnologia\/in4u\/transporte-terrestre-futuro\"><strong>Smart Driving<\/strong><\/a> tambi\u00e9n ocup\u00f3 su espacio en la jornada. La inmensa mayor\u00eda de los accidentes de tr\u00e1fico son debidos a\u00a0comportamientos o circunstancias achacables a los conductores que se podr\u00edan evitar, en gran parte, con el uso de tecnolog\u00edas ya disponibles.<\/p>\n<p><iframe loading=\"lazy\" src=\"https:\/\/www.youtube.com\/embed\/7qHAuD7ECxA\" width=\"560\" height=\"315\" frameborder=\"0\" allowfullscreen=\"allowfullscreen\"><\/iframe><\/p>\n<p>&#8220;<em>Los drones\u00a0tienen\u00a0much\u00edsima proyecci\u00f3n porque ya no es el dron en s\u00ed; son los sensores que se le pueden ir incluyendo&#8221;. <\/em>Ya se est\u00e1n usando <strong><a href=\"https:\/\/nido.ai\/es\/drones-submarinos-investigacion-mar-menor\">drones submarinos<\/a><\/strong>\u00a0fabricados por otra empresa murciana, <strong>Nido Robotics<\/strong>, en el Mar Menor para registrar la evoluci\u00f3n de diversos par\u00e1metros, como temperatura del agua, salinidad, ox\u00edgeno disuelto, s\u00f3lidos en suspensi\u00f3n o la concentraci\u00f3n de clorofila, responsable del color verdoso de la aguas.<\/p>\n<p>Tambi\u00e9n tuvo su protagonismo el Cluster de smartcities e IoT de la Regi\u00f3n de Murcia: <a href=\"http:\/\/clustercitizem.com\/el-cluster\/\"><strong>CitizeM<\/strong><\/a>\u00a0que aglutina a distintas empresas y entidades p\u00fablicas y privadas\u00a0para\u00a0promover la eficiencia y el bienestar en las ciudades mediante<strong> la innovaci\u00f3n.<\/strong><\/p>\n<p><a href=\"http:\/\/www.odins.es\/\"><strong>OdinS<\/strong> <\/a>es otra empresa innovadora de la Regi\u00f3n de Murcia que ofrece soluciones clave para las smart cities: servicios de telemonitorizaci\u00f3n de instalaciones industriales y de interconexi\u00f3n de plataformas de diversos operadores de infraestructuras b\u00e1sicas.<\/p>\n<p>&#8220;<em>Y ahora vamos con los noruegos, que estos van un paso m\u00e1s all\u00e1. Tienen implantado y en funcionamiento\u00a0lo que llaman <a href=\"https:\/\/www.youtube.com\/watch?v=a2tZRzhOanI\"><strong>BIR<\/strong><\/a> que\u00a0supone una optimizacion brutal en el tratamiento de recogida de basuras&#8221;,\u00a0<\/em>prosigue Jes\u00fas Macan\u00e1s.<\/p>\n<p>A lo que a\u00f1adir\u00eda yo este ingenioso <a href=\"http:\/\/&lt;iframe width=&quot;560&quot; height=&quot;315&quot; src=&quot;https:\/\/www.youtube.com\/embed\/lx_7jjL46Ik&quot; frameborder=&quot;0&quot; allow=&quot;autoplay; encrypted-media&quot; allowfullscreen&gt;&lt;\/iframe&gt;\"><strong>sistema de reciclaje de pl\u00e1sticos<\/strong><\/a>, que devuelve dinero al contribuyente, as\u00ed como suena, promoviendo, de manera muy pr\u00e1ctica, su compromiso ecol\u00f3gico personal.<\/p>\n<p>El nuevo consejero de Agricultura de la CARM, <strong>Miguel Angel del Amor<\/strong>, coment\u00f3 la posibilidad de la construcci\u00f3n de nuevas instalaciones de <a href=\"http:\/\/www.microsiervos.com\/archivo\/ecologia\/planta-solar-fotovoltaica-flotante-murcia.html\"><strong>placas solares flotantes<\/strong><\/a> sobre embalses, como las de la planta fotovoltaica instalada en Lorca hace unos meses.<\/p>\n<p>Termina su detallado informe mi aplicado amigo recogiendo la inquietud de las instituciones de la Regi\u00f3n de Murcia para luchar contra el <strong>cambio clim\u00e1tico<\/strong>\u00a0y apostar por uso de energ\u00edas seguras y sostenibles, reflejadas en el <a href=\"http:\/\/www.pactoalcaldesregmurcia.es\/?q=el-pacto-de-alcaldes-por-el-clima-y-la-energ%C3%ADa\"><strong>Pacto de Alcaldes<\/strong><\/a> por el clima y la energ\u00eda.<\/p>\n<div>Como <strong>reflexi\u00f3n final<\/strong> de este joven ingeniero comparto\u00a0su llamamiento a emprender en estos sectores innovadores y un mensaje a los j\u00f3venes, y a las instituciones, para apostar por las posibilidades de empleo que ofrecen los servicios relacionados con la Ingenier\u00eda para un futuro sostenible.<\/div>\n<div><\/div>\n<div><\/div>\n<div><em>&#8220;Esto es lo m\u00e1s importante que se habl\u00f3. Como puedes ver, en los pr\u00f3ximos 10 a\u00f1os la revoluci\u00f3n tecnol\u00f3gica va a ser brutal. Todas las start up van por ese camino, las inversiones tambi\u00e9n, Industria 4.0,\u00a0Smart Cities, IoT &#8230; se prev\u00e9 que en 2030 haya millones y millones de dispositivos conectados y la <strong>demanda de profesionales cualificados<\/strong> en el sector es una realidad presente (programadores inform\u00e1ticos, expertos en nanotecnolog\u00eda, hardware, instaladores,&#8230;)&#8221;<\/em><\/div>\n<div><\/div>\n<div><\/div>\n<div>Ya s\u00f3lo queda agradecer a Jes\u00fas su <em>cr\u00f3nica<\/em>,\u00a0 felicitar a los organizadores de esta interesante jornada, y, por supuesto,\u00a0 a los ponentes por sus intervenciones en la misma. \u00a1A por la d\u00e9cima!<\/div>\n<div><\/div>\n<div><\/div>\n<div><a href=\"https:\/\/sites.google.com\/view\/juanjo-rios-pinera\/p%C3%A1gina-principal\">Juan Jos\u00e9 R\u00edos Pi\u00f1era<\/a>\u00a0(enlace a mi web personal)<\/div>\n<div><\/div>\n<div><\/div>\n","protected":false},"excerpt":{"rendered":"<p>&#8220;Ingenier\u00eda para un futuro sostenible&#8221;\u00a0ha sido\u00a0el t\u00edtulo de la IX Jornada ACARMITT (Asociaci\u00f3n de la Comunidad Aut\u00f3noma de la Regi\u00f3n de Murcia de Graduados &amp; Ingenieros T\u00e9cnicos de Telecomunicaci\u00f3n)\u00a0que se celebr\u00f3 el pasado\u00a027 de abril en Murcia. Yo no pude asistir, pero s\u00ed\u00a0estuvo presente\u00a0Jes\u00fas Macan\u00e1s S\u00e1nchez, un ingeniero de telecomunicaci\u00f3n\u00a0al que aprecio especialmente por razones [&hellip;]<\/p>\n","protected":false},"author":26,"featured_media":717,"comment_status":"open","ping_status":"closed","sticky":false,"template":"","format":"standard","meta":[],"categories":[2],"tags":[678,683,675,283,672,673,676,679,677,674,680,681,485,682],"_links":{"self":[{"href":"https:\/\/blogs.laverdad.es\/faro\/wp-json\/wp\/v2\/posts\/713"}],"collection":[{"href":"https:\/\/blogs.laverdad.es\/faro\/wp-json\/wp\/v2\/posts"}],"about":[{"href":"https:\/\/blogs.laverdad.es\/faro\/wp-json\/wp\/v2\/types\/post"}],"author":[{"embeddable":true,"href":"https:\/\/blogs.laverdad.es\/faro\/wp-json\/wp\/v2\/users\/26"}],"replies":[{"embeddable":true,"href":"https:\/\/blogs.laverdad.es\/faro\/wp-json\/wp\/v2\/comments?post=713"}],"version-history":[{"count":11,"href":"https:\/\/blogs.laverdad.es\/faro\/wp-json\/wp\/v2\/posts\/713\/revisions"}],"predecessor-version":[{"id":739,"href":"https:\/\/blogs.laverdad.es\/faro\/wp-json\/wp\/v2\/posts\/713\/revisions\/739"}],"wp:featuredmedia":[{"embeddable":true,"href":"https:\/\/blogs.laverdad.es\/faro\/wp-json\/wp\/v2\/media\/717"}],"wp:attachment":[{"href":"https:\/\/blogs.laverdad.es\/faro\/wp-json\/wp\/v2\/media?parent=713"}],"wp:term":[{"taxonomy":"category","embeddable":true,"href":"https:\/\/blogs.laverdad.es\/faro\/wp-json\/wp\/v2\/categories?post=713"},{"taxonomy":"post_tag","embeddable":true,"href":"https:\/\/blogs.laverdad.es\/faro\/wp-json\/wp\/v2\/tags?post=713"}],"curies":[{"name":"wp","href":"https:\/\/api.w.org\/{rel}","templated":true}]}}