{"id":741,"date":"2018-06-28T19:09:01","date_gmt":"2018-06-28T17:09:01","guid":{"rendered":"http:\/\/blogs.laverdad.es\/faro\/?p=741"},"modified":"2018-06-28T19:18:31","modified_gmt":"2018-06-28T17:18:31","slug":"cinco-anos-predicando","status":"publish","type":"post","link":"https:\/\/blogs.laverdad.es\/faro\/2018\/06\/28\/cinco-anos-predicando\/","title":{"rendered":"Cinco a\u00f1os predicando"},"content":{"rendered":"<p>Hace 5 a\u00f1os ya que me autoimpuse esta especie de labor evangelizadora en pro de <strong>la<a href=\"https:\/\/blogs.laverdad.es\/faro\/2013\/07\/04\/la-importancia-de-la-i\/\"> innovaci\u00f3n<\/a>\u00a0<\/strong>que vengo desarrollando con m\u00e1s o menos regularidad y acierto desde este &#8220;p\u00falpito digital&#8221;<strong>, <\/strong>con los ambiciosos objetivos que enunciaba en el primer post:<\/p>\n<p><em>Este blog surgi\u00f3 con la pretensi\u00f3n de convertirse en un modesto\u00a0<strong>faro<\/strong>\u00a0que iluminara el camino hacia la innovaci\u00f3n sobre todo a las PYMES que piensan que es algo inalcanzable para ellas. <\/em><\/p>\n<p><em>Tambi\u00e9n se ocupar\u00e1 de la innovaci\u00f3n como concepto transversal y como actitud de sana rebeld\u00eda que debe impregnar no s\u00f3lo a la actividad empresarial sino\u00a0tambi\u00e9n\u00a0a los servicios\u00a0p\u00fablicos ante los cl\u00e1sicos\u00a0<strong>\u201csiempre se ha hecho as\u00ed\u201d y \u201cm\u00e1sdelomismo&#8221;<\/strong><\/em><\/p>\n<p>Dado que esta bit\u00e1cora\u00a0no tiene una legi\u00f3n de seguidores, y que \u00e9stos no suelen ser muy activos haciendo comentarios, la verdad es que no s\u00e9 en qu\u00e9 tipo de desierto pueden tener alg\u00fan eco los <strong>m\u00e1s de 100 art\u00edculos<\/strong> que, con tanto esfuerzo, he venido publicando hasta ahora.<\/p>\n<p><a href=\"https:\/\/static-blogs.laverdad.es\/wp-content\/uploads\/sites\/25\/2018\/06\/Barrabes_def_innovaci\u00f3n.png\"><img loading=\"lazy\" class=\"wp-image-742 aligncenter\" src=\"https:\/\/static-blogs.laverdad.es\/wp-content\/uploads\/sites\/25\/2018\/06\/Barrabes_def_innovaci\u00f3n.png\" alt=\"barrabes_def_innovacion\" width=\"393\" height=\"294\" \/><\/a><\/p>\n<p>Consciente de mis propias limitaciones, he procurado, desde el principio, beber\u00a0de las mejores fuentes, entre las que ocupa un lugar destacado uno de los mejores profesionales de Espa\u00f1a en\u00a0 materia de innovaci\u00f3n:\u00a0<a href=\"https:\/\/blogs.laverdad.es\/faro\/2014\/04\/08\/el-efecto-medici-la-historia-se-repite\/\"><strong>Amalio Rey.<\/strong><\/a><\/p>\n<p>Ha sido una casualidad que, justo ahora que yo &#8220;cumplo&#8221; 5 a\u00f1os en este menester, Amalio celebre su d\u00e9cimo aniversario como\u00a0autor de referencia.<\/p>\n<p>Con tal motivo, <a href=\"http:\/\/www.amaliorey.com\/2018\/06\/23\/10-razones-para-bloguear-10-anos-post-575\/\"><strong>su \u00faltimo post<\/strong><\/a> trata de sus vivencias como bloguero veterano, y lo traigo a colaci\u00f3n aqu\u00ed, a modo de humilde homenaje y por coincidir con \u00e9l en muchas de\u00a0las razones que expone, salvando las enormes distancias que nos separan en conocimiento, experiencia y proyecci\u00f3n p\u00fablica. A su favor, claro.<\/p>\n<p>Por mi parte, anteriormente hab\u00eda\u00a0aportado mi particular visi\u00f3n de lo que supone escribir un blog en dos art\u00edculos. El primero fue en noviembre de 2014, con el t\u00edtulo: <strong><a href=\"https:\/\/blogs.laverdad.es\/faro\/2014\/11\/18\/un-post-me-manda-hacer-violante\/\">&#8220;Un post me manda hacer Violante&#8221;<\/a>.<\/strong>\u00a0El segundo, <strong><a href=\"https:\/\/blogs.laverdad.es\/faro\/2015\/07\/21\/vivir-en-clave-de-blog-60-60-10\/\">&#8220;Vivir en clave de blog<\/a><\/strong>\u00a0fue<strong>\u00a0<\/strong>publicado en julio de 2015.<\/p>\n<p>En esta tercera ocasi\u00f3n, de forma muy resumida, puedo decir que mantener este espacio es un ejercicio de autodisciplina cuyo c\u00e1liz est\u00e1 uno tentado muchas veces de abandonar, que te sientes obligado a estar al d\u00eda y a forzar la inspiraci\u00f3n, que se aprende mucho pero que cuesta horrores ser sint\u00e9tico y ameno,&#8230;en definitiva, <strong>cada post es una especie de parto de vida muy ef\u00edmera<\/strong>, con una recompensa que va muy poquito m\u00e1s all\u00e1 de la mera satisfacci\u00f3n personal.<\/p>\n<p>Con motivo de este quinto aniversario, he utilizado el <a href=\"https:\/\/sites.google.com\/new\"><strong>nuevo Google Sites<\/strong><\/a>\u00a0para recoger todos los art\u00edculos que he publicado sobre innovaci\u00f3n, con objeto de facilitar su localizaci\u00f3n a los lectores interesados.<\/p>\n<p>Tambi\u00e9n he aprovechado la ocasi\u00f3n para actualizar <strong>mi CV<\/strong>, incluyendo otras publicaciones, presentaciones y proyectos, algunos de los cuales no pasaron de las musas al teatro, una colecci\u00f3n de <strong>v\u00eddeos<\/strong> caricaturescos con los que me r\u00edo una y otra vez, <strong>problemas de ingenio, <\/strong>todos los detalles de<strong> un proyecto educativo innovador<\/strong> y un espacio nost\u00e1lgico dedicado a la <strong>Academia de Cieza<\/strong> donde curs\u00e9 el Bachillerato.<\/p>\n<p>Esta especie de web personal que hoy comparto,\u00a0mezcla de archivo documental y de libro de memorias (<em>&#8220;memoria expandida&#8221;<\/em>, la llama Amalio Rey), que ir\u00e9 alimentando y actualizando continuamente, ser\u00e1 el pie de firma de los art\u00edculos que publique en adelante.<\/p>\n<div><a href=\"https:\/\/sites.google.com\/view\/juanjo-rios-pinera\/\"><strong>Juan J. R\u00edos Pi\u00f1era<\/strong><\/a><\/div>\n<div>https:\/\/sites.google.com\/view\/juanjo-rios-pinera\/<\/div>\n<div><\/div>\n<p>&nbsp;<\/p>\n<p>&nbsp;<\/p>\n","protected":false},"excerpt":{"rendered":"<p>Hace 5 a\u00f1os ya que me autoimpuse esta especie de labor evangelizadora en pro de la innovaci\u00f3n\u00a0que vengo desarrollando con m\u00e1s o menos regularidad y acierto desde este &#8220;p\u00falpito digital&#8221;, con los ambiciosos objetivos que enunciaba en el primer post: Este blog surgi\u00f3 con la pretensi\u00f3n de convertirse en un modesto\u00a0faro\u00a0que iluminara el camino hacia [&hellip;]<\/p>\n","protected":false},"author":26,"featured_media":0,"comment_status":"open","ping_status":"closed","sticky":false,"template":"","format":"standard","meta":[],"categories":[2],"tags":[685,50,686,687,688,684],"_links":{"self":[{"href":"https:\/\/blogs.laverdad.es\/faro\/wp-json\/wp\/v2\/posts\/741"}],"collection":[{"href":"https:\/\/blogs.laverdad.es\/faro\/wp-json\/wp\/v2\/posts"}],"about":[{"href":"https:\/\/blogs.laverdad.es\/faro\/wp-json\/wp\/v2\/types\/post"}],"author":[{"embeddable":true,"href":"https:\/\/blogs.laverdad.es\/faro\/wp-json\/wp\/v2\/users\/26"}],"replies":[{"embeddable":true,"href":"https:\/\/blogs.laverdad.es\/faro\/wp-json\/wp\/v2\/comments?post=741"}],"version-history":[{"count":9,"href":"https:\/\/blogs.laverdad.es\/faro\/wp-json\/wp\/v2\/posts\/741\/revisions"}],"predecessor-version":[{"id":751,"href":"https:\/\/blogs.laverdad.es\/faro\/wp-json\/wp\/v2\/posts\/741\/revisions\/751"}],"wp:attachment":[{"href":"https:\/\/blogs.laverdad.es\/faro\/wp-json\/wp\/v2\/media?parent=741"}],"wp:term":[{"taxonomy":"category","embeddable":true,"href":"https:\/\/blogs.laverdad.es\/faro\/wp-json\/wp\/v2\/categories?post=741"},{"taxonomy":"post_tag","embeddable":true,"href":"https:\/\/blogs.laverdad.es\/faro\/wp-json\/wp\/v2\/tags?post=741"}],"curies":[{"name":"wp","href":"https:\/\/api.w.org\/{rel}","templated":true}]}}