{"id":79,"date":"2014-08-17T14:57:14","date_gmt":"2014-08-17T12:57:14","guid":{"rendered":"http:\/\/blogs.laverdad.es\/faro\/?p=79"},"modified":"2014-08-17T14:57:14","modified_gmt":"2014-08-17T12:57:14","slug":"un-gestor-con-ideas-innovadoras","status":"publish","type":"post","link":"https:\/\/blogs.laverdad.es\/faro\/2014\/08\/17\/un-gestor-con-ideas-innovadoras\/","title":{"rendered":"Un gestor con ideas innovadoras"},"content":{"rendered":"<p>Hace unos d\u00edas la <strong><a href=\"http:\/\/www.laverdad.es\/murcia\/comarcas\/201408\/13\/sanidad-ficha-carlos-arenas-20140813005421-v.html\">prensa regional<\/a><\/strong>, en una escueta nota, \u00a0se hac\u00eda eco del nombramiento como nuevo gerente del Hospital de Cieza del <strong>Dr. Carlos Alberto Arenas<\/strong>. Este hecho me llam\u00f3 la atenci\u00f3n, como ciezano pero sobre todo por ser conocedor de su dilatada \u00a0trayectoria profesional, de ah\u00ed que, dado su car\u00e1cter innovador, pensara dedicarle una entrada en este blog, pasadas las vacaciones, ya que <em>deliberadamente<\/em> (= \u201crecomendaci\u00f3n\u201d de mi mujer) no me he llevado el ordenador a la playa.<\/p>\n<p>Sin embargo, ayer estuve en Cieza y, ech\u00e1ndole un vistazo al semanario <a href=\"http:\/\/www.elmiradordecieza.com\/Index\/index.php\/primera-plana\/item\/460-cese-de-andres-soto-como-gerente\">\u201cEl Mirador\u201d<\/a> v\u00ed que tambi\u00e9n recog\u00eda esta noticia, de l\u00f3gico inter\u00e9s local. Pero cuando esta ma\u00f1ana he visto que La verdad le dedicaba\u00a0 una p\u00e1gina a la figura del Dr. Arenas, bajo el t\u00edtulo: \u201dUn gestor de mal asiento\u201d, me he acabado de decidir, a escribir estas l\u00edneas contraviniendo la prescripci\u00f3n conyugal.<\/p>\n<p>Y no es que yo pretenda competir \u00a0con los plumillas profesionales \u00a0que se han ocupado de la noticia pero s\u00ed aportar alguna informaci\u00f3n adicional que permita reflexionar sobre la sostenibilidad del sistema sanitario, una preocupaci\u00f3n generalizada en todos los pa\u00edses del mundo, y en Europa en particular, como lo refleja el informe <a href=\"http:\/\/ec.europa.eu\/digital-agenda\/en\/news\/eu-task-force-ehealth-redesigning-health-europe-2020\">\u201cRedise\u00f1ando la salud en Europa para el 2020\u201d.<\/a><\/p>\n<p>Envejecimiento de la poblaci\u00f3n, aumento de las enfermedades cr\u00f3nicas, estilos de vida poco saludables, coste de las tecnolog\u00edas sanitarias, deficientes pol\u00edticas preventivas \u2026 \u00a0son factores que generan un crecimiento imparable de los presupuestos gubernamentales dedicados a garantizar la calidad de la sanidad p\u00fablica.<\/p>\n<p><strong>Las tecnolog\u00edas de la informaci\u00f3n<\/strong> se revelan como instrumentos fundamentales para mejorar la eficiencia de los sistemas sanitarios. En particular, la recomendaci\u00f3n IV del citado informe de la UE abunda en el <strong>\u201cpoder de los datos\u201d <\/strong>para propiciar innovaciones disruptivas.<strong><\/strong><\/p>\n<p>Urge la aplicaci\u00f3n de una pol\u00edtica de <strong>transparencia total<\/strong> derivada del tratamiento directo y combinado de las ingentes cantidades de datos que se generan a diario en las actividades de los centros sanitarios y que permanecen alojados en silos independientes, sin procesar, sin ser aprovechados para mejorar la eficiencia global del sistema \u00a0y sin ser divulgados \u00a0p\u00fablicamente para permitir apreciar los resultados y comparar<em>. El momento del cambio llegar\u00e1 propiciado por el <strong>OPEN DATA<\/strong><\/em> en salud, seg\u00fan los expertos.<\/p>\n<p>Seguiremos incidiendo en la importancia de la liberaci\u00f3n de los datos p\u00fablicos, aplicada al \u00e1mbito sanitario y al resto de sectores de la actividad administrativa, \u00a0pero volviendo al <a href=\"http:\/\/es.linkedin.com\/pub\/carlos-alberto-arenas-d%C3%ADaz\/30\/128\/326\">Dr. Arenas<\/a>\u00a0(por cierto intentar\u00e9 recabar su opini\u00f3n sobre el Open Data), \u00a0me permito recomendar a todas las personas interesadas en la sostenibilidad de la sanidad p\u00fablica la lectura, con mentalidad abierta y sin dogmatismos, \u00a0de su reconocido <a href=\"http:\/\/www.slideshare.net\/carlosalbertoarenas\/sostenibilidad-sistema-sanitario-en-espaa\">trabajo<\/a> sobre este tema, as\u00ed como esta <a href=\"http:\/\/es.slideshare.net\/carlosalbertoarenas\/entrevista-expansion\">entrevista en Expansi\u00f3n<\/a>\u00a0que ayuda a conocer sus ideas.<\/p>\n<p>Felices vacaciones para todos y suerte a Carlos Arenas en su nuevo destino.<\/p>\n","protected":false},"excerpt":{"rendered":"<p>Hace unos d\u00edas la prensa regional, en una escueta nota, \u00a0se hac\u00eda eco del nombramiento como nuevo gerente del Hospital de Cieza del Dr. Carlos Alberto Arenas. Este hecho me llam\u00f3 la atenci\u00f3n, como ciezano pero sobre todo por ser conocedor de su dilatada \u00a0trayectoria profesional, de ah\u00ed que, dado su car\u00e1cter innovador, pensara dedicarle [&hellip;]<\/p>\n","protected":false},"author":26,"featured_media":0,"comment_status":"open","ping_status":"closed","sticky":false,"template":"","format":"standard","meta":[],"categories":[6,8,9,13,17],"tags":[92,184,190,288,395,459],"_links":{"self":[{"href":"https:\/\/blogs.laverdad.es\/faro\/wp-json\/wp\/v2\/posts\/79"}],"collection":[{"href":"https:\/\/blogs.laverdad.es\/faro\/wp-json\/wp\/v2\/posts"}],"about":[{"href":"https:\/\/blogs.laverdad.es\/faro\/wp-json\/wp\/v2\/types\/post"}],"author":[{"embeddable":true,"href":"https:\/\/blogs.laverdad.es\/faro\/wp-json\/wp\/v2\/users\/26"}],"replies":[{"embeddable":true,"href":"https:\/\/blogs.laverdad.es\/faro\/wp-json\/wp\/v2\/comments?post=79"}],"version-history":[{"count":0,"href":"https:\/\/blogs.laverdad.es\/faro\/wp-json\/wp\/v2\/posts\/79\/revisions"}],"wp:attachment":[{"href":"https:\/\/blogs.laverdad.es\/faro\/wp-json\/wp\/v2\/media?parent=79"}],"wp:term":[{"taxonomy":"category","embeddable":true,"href":"https:\/\/blogs.laverdad.es\/faro\/wp-json\/wp\/v2\/categories?post=79"},{"taxonomy":"post_tag","embeddable":true,"href":"https:\/\/blogs.laverdad.es\/faro\/wp-json\/wp\/v2\/tags?post=79"}],"curies":[{"name":"wp","href":"https:\/\/api.w.org\/{rel}","templated":true}]}}