{"id":828,"date":"2018-12-27T22:43:29","date_gmt":"2018-12-27T21:43:29","guid":{"rendered":"https:\/\/blogs.laverdad.es\/faro\/?p=828"},"modified":"2018-12-27T22:54:35","modified_gmt":"2018-12-27T21:54:35","slug":"predicar-en-el-desierto","status":"publish","type":"post","link":"https:\/\/blogs.laverdad.es\/faro\/2018\/12\/27\/predicar-en-el-desierto\/","title":{"rendered":"\u00bfPredicar en el desierto?"},"content":{"rendered":"<p><em>Hasta hace poco se consideraba que el ideal femenino de belleza se ajustaba a las medidas <strong>90-60-90<\/strong><\/em>. As\u00ed comenzaba uno de los <a href=\"https:\/\/blogs.laverdad.es\/faro\/2015\/07\/21\/vivir-en-clave-de-blog-60-60-10\/\"><strong>posts<\/strong><\/a> que vengo publicando con fines divulgativos desde hace hace m\u00e1s de cinco a\u00f1os, a modo de &#8220;reclamo&#8221; para motivar su lectura.<\/p>\n<p>Despertar inter\u00e9s en la primera frase es un recurso de bloguero amateur que no necesitan\u00a0utilizar los grandes expertos que me sirven de inspiraci\u00f3n, por su propio prestigio y quiz\u00e1 porque suelen dirigirse a un p\u00fablico m\u00e1s t\u00e9cnico.<\/p>\n<p><iframe loading=\"lazy\" width=\"500\" height=\"375\" src=\"https:\/\/www.youtube.com\/embed\/cgyrO9Eb0ao?feature=oembed\" frameborder=\"0\" allow=\"accelerometer; autoplay; encrypted-media; gyroscope; picture-in-picture\" allowfullscreen><\/iframe><\/p>\n<p>Parafraseando a\u00a0Lope de Vega en su famoso <strong><a href=\"http:\/\/lenguayliteratura.org\/proyectoaula\/un-soneto-me-manda-hacer-violante-lope-de-vega\/\">metapoema<\/a><\/strong>, casi sin querer, estoy ya en el tercer p\u00e1rrafo, as\u00ed que puedo reiterar que mantener un blog en temas minoritarios y no morir en el intento es una tarea a prueba de perseverantes, m\u00e1xime cuando no tienes retornos salvo el que te aportan las fr\u00edas estad\u00edsticas, como es mi caso.<\/p>\n<p>Lo peor es sentir la obligaci\u00f3n de publicar, sobre todo cuando no se te ocurre nada o no tienes la m\u00ednima inspiraci\u00f3n, tiempo o ganas.<\/p>\n<p>Ya s\u00e9 que palos con gusto no duelen, que no me asiste el derecho a quejarme, y que incidir en este asunto no despierta ning\u00fan inter\u00e9s, de ah\u00ed que me permita este \u00edntimo (y peri\u00f3dico) desahogo en la parte intermedia del art\u00edculo.<\/p>\n<p>Me consuela un poco coincidir en mis lamentos con uno de mis expertos de cabecera, <strong>Amalio Rey\u00a0<\/strong>cuando afirma que<strong>\u00a0\u00a0<\/strong>resulta\u00a0desalentadora\u00a0 la habitual\u00a0<strong><a href=\"https:\/\/www.amaliorey.com\/2018\/12\/20\/un-poquito-de-feedback-por-favor\/\">ausencia de feedback<\/a>\u00a0<\/strong>por parte de los lectores de los blogs.<\/p>\n<p>Por cierto, aprovecho para anticipar que contamos con la participaci\u00f3n\u00a0de Amalio en un curso para directivos que lanzaremos a primeros de a\u00f1o desde la C\u00e1tedra Internacional de Innovaci\u00f3n de la UCAM.<\/p>\n<p>No era mi intenci\u00f3n inicial pero quiz\u00e1 este post ha derivado\u00a0hacia unos derroteros un tanto quejumbrosos porque los\u00a0fines de a\u00f1o suelen ser momentos de hacer balances, res\u00famenes, reflexiones y listas de\u00a0buenos prop\u00f3sitos de cara al ejercicio entrante.<\/p>\n<p>Cumplimentado el apartado de las reflexiones y de los balances, abandono de inmediato el muro de las lamentaciones y entro en la habitual secci\u00f3n de <strong>res\u00famenes anuales<\/strong> seleccionando los posts m\u00e1s le\u00eddos durante 2018, dentro de un orden modesto,\u00a0 con el a\u00f1adido de un art\u00edculo que le dediqu\u00e9 al <strong>Papa Francisco<\/strong> hace cinco a\u00f1os.<\/p>\n<p><a href=\"https:\/\/blogs.laverdad.es\/faro\/2018\/10\/27\/un-innovador-de-libro\/\"><strong>Un innovador de libro:<\/strong><\/a>\u00a0Implantar la cultura de la innovaci\u00f3n, el gran reto que ha superado Rafael Juan, presidente de Dulcesol,\u00a0 aplicando grandes dosis de\u00a0<strong>liderazgo<\/strong>\u00a0y desterrando en parte, no sin dificultades, los arcaicos\u00a0<strong>paradigmas jer\u00e1rquicos,\u00a0<\/strong>t\u00edpicos de la sociedad industrial.<\/p>\n<p><a href=\"https:\/\/blogs.laverdad.es\/faro\/2018\/09\/30\/ideas-innovadoras-para-resolver-el-problema-de-la-sostenibilidad\/\"><strong>Ideas innovadoras para resolver el problema de la sostenibilidad:<\/strong><\/a>\u00a0El murciano Juanfra Abad fue uno de los 300 innovadores espa\u00f1oles invitados a la cumbre sobre Innovaci\u00f3n y Econom\u00eda Circular celebrada en Madrid, que cont\u00f3 con las intervenciones de 4 Premios Nobel, con\u00a0<strong>Obama<\/strong>\u00a0como figura estelar, y las de otras personalidades como Cristina Garmendia o Karma Ura,\u00a0<a href=\"https:\/\/blogs.laverdad.es\/faro\/2017\/12\/29\/salud-dinero-y-amor\/\"><strong>ministro de la Felicidad<\/strong>\u00a0<\/a>de But\u00e1n, reflexionando sobre la necesidad de innovar para garantizar la sostenibilidad del planeta.<\/p>\n<p><a href=\"https:\/\/blogs.laverdad.es\/faro\/2018\/07\/28\/jaque-mate-en-7-movimientos\/\"><strong>Jaque mate en 7 movimientos:<\/strong><\/a>\u00a0<strong>Franc Ponti<\/strong> nos describe c\u00f3mo en s\u00f3lo 7 movimientos, cualquier empresa puede dar\u00a0<strong>jaque mate<\/strong>\u00a0a las inercias decadentes y a las rutinas aburridas que tanto desmotivan a los empleados y que garantizan la obsolescencia acelerada de las organizaciones.<\/p>\n<p><a href=\"https:\/\/blogs.laverdad.es\/faro\/2018\/01\/31\/liderazgo-y-megatendencias-para-2018\/\"><strong>Liderazgo y megatendencias para 2018:<\/strong><\/a> Hoy no basta con ser un\u00a0<a href=\"https:\/\/www.sintetia.com\/el-silente-boicot-del-dia-a-dia-y-la-muerte-lenta-de-las-organizaciones\/\"><strong>buen gestor<\/strong><\/a>, ni siquiera con apuntar en la buena direcci\u00f3n, aunque esto ya ser\u00eda un logro no despreciable. Se necesitan l\u00edderes que\u00a0anticipen el futuro.<strong>\u00a0<\/strong>Y gobernantes con\u00a0<a href=\"https:\/\/blogs.laverdad.es\/faro\/2017\/02\/28\/gobernar-con-conocimiento-de-causa\/\"><strong>conocimiento de causa<\/strong><\/a>.<\/p>\n<p><strong><a href=\"https:\/\/blogs.laverdad.es\/faro\/2018\/02\/28\/orquestar-innovacion\/\">Orquestar la innovaci\u00f3n<\/a>:\u00a0<\/strong>Las principales competencias asociadas a esta figura directiva transversal emergente que es el Director de Innovaci\u00f3n se agrupar\u00edan en tres grandes bloques:\u00a0identificaci\u00f3n de los retos\u00a0de innovaci\u00f3n de la empresa (tecnol\u00f3gicos, organizativos o comerciales),\u00a0\u00a0gesti\u00f3n y financiaci\u00f3n de los proyectos\u00a0que den respuesta a esos retos estrat\u00e9gicos y por \u00faltimo,\u00a0la explotaci\u00f3n de los resultados.<\/p>\n<p><a href=\"https:\/\/blogs.laverdad.es\/faro\/2018\/03\/29\/mentalidad-ganadora-y-vision-compartida\/\"><strong>Mentalidad ganadora y visi\u00f3n compartida:<\/strong><\/a> En el apartado de buenos prop\u00f3sitos para el 2019,\u00a0destacar\u00eda mi participaci\u00f3n en un nuevo plan de impulso y reactivaci\u00f3n de un movimiento social que aspira a contribuir a la construcci\u00f3n de una sociedad murciana innovadora en todos los \u00e1mbitos. Contamos con todas las personas de buena voluntad.<\/p>\n<p>Y para finalizar, en sinton\u00eda con estas fechas, y con la labor evangelizadora que requiere predicar el discurso de la innovaci\u00f3n, (espero que no suene irreverente) el prometido post sobre el Papa. \u00a1\u00a1Felices fiestas para todos\u00a1\u00a1<\/p>\n<p><strong><a href=\"https:\/\/sites.google.com\/view\/juanjo-rios-pinera\/\">Mi p\u00e1gina personal<\/a><\/strong>\u00a0(con todos los art\u00edculos publicados y m\u00e1s cosas)<\/p>\n<p>&nbsp;<\/p>\n<blockquote data-secret=\"vysfqealdD\" class=\"wp-embedded-content\"><p><a href=\"https:\/\/blogs.laverdad.es\/faro\/2013\/08\/05\/francisco-el-papa-innovador\/\">Francisco, el Papa innovador<\/a><\/p><\/blockquote>\n<p><iframe class=\"wp-embedded-content\" sandbox=\"allow-scripts\" security=\"restricted\" style=\"position: absolute; clip: rect(1px, 1px, 1px, 1px);\" src=\"https:\/\/blogs.laverdad.es\/faro\/2013\/08\/05\/francisco-el-papa-innovador\/embed\/#?secret=vysfqealdD\" data-secret=\"vysfqealdD\" width=\"500\" height=\"282\" title=\"&#8220;Francisco, el Papa innovador&#8221; &#8212; La i de innovaci\u00f3n\" frameborder=\"0\" marginwidth=\"0\" marginheight=\"0\" scrolling=\"no\"><\/iframe><\/p>\n<p>&nbsp;<\/p>\n","protected":false},"excerpt":{"rendered":"<p>Hasta hace poco se consideraba que el ideal femenino de belleza se ajustaba a las medidas 90-60-90. As\u00ed comenzaba uno de los posts que vengo publicando con fines divulgativos desde hace hace m\u00e1s de cinco a\u00f1os, a modo de &#8220;reclamo&#8221; para motivar su lectura. Despertar inter\u00e9s en la primera frase es un recurso de bloguero [&hellip;]<\/p>\n","protected":false},"author":26,"featured_media":0,"comment_status":"open","ping_status":"closed","sticky":false,"template":"","format":"standard","meta":[],"categories":[6,1],"tags":[50,719,720,238,407,707,490],"_links":{"self":[{"href":"https:\/\/blogs.laverdad.es\/faro\/wp-json\/wp\/v2\/posts\/828"}],"collection":[{"href":"https:\/\/blogs.laverdad.es\/faro\/wp-json\/wp\/v2\/posts"}],"about":[{"href":"https:\/\/blogs.laverdad.es\/faro\/wp-json\/wp\/v2\/types\/post"}],"author":[{"embeddable":true,"href":"https:\/\/blogs.laverdad.es\/faro\/wp-json\/wp\/v2\/users\/26"}],"replies":[{"embeddable":true,"href":"https:\/\/blogs.laverdad.es\/faro\/wp-json\/wp\/v2\/comments?post=828"}],"version-history":[{"count":5,"href":"https:\/\/blogs.laverdad.es\/faro\/wp-json\/wp\/v2\/posts\/828\/revisions"}],"predecessor-version":[{"id":833,"href":"https:\/\/blogs.laverdad.es\/faro\/wp-json\/wp\/v2\/posts\/828\/revisions\/833"}],"wp:attachment":[{"href":"https:\/\/blogs.laverdad.es\/faro\/wp-json\/wp\/v2\/media?parent=828"}],"wp:term":[{"taxonomy":"category","embeddable":true,"href":"https:\/\/blogs.laverdad.es\/faro\/wp-json\/wp\/v2\/categories?post=828"},{"taxonomy":"post_tag","embeddable":true,"href":"https:\/\/blogs.laverdad.es\/faro\/wp-json\/wp\/v2\/tags?post=828"}],"curies":[{"name":"wp","href":"https:\/\/api.w.org\/{rel}","templated":true}]}}