{"id":404,"date":"2019-06-26T09:23:53","date_gmt":"2019-06-26T07:23:53","guid":{"rendered":"https:\/\/blogs.laverdad.es\/febandasrmurcia\/?p=404"},"modified":"2019-06-26T09:23:53","modified_gmt":"2019-06-26T07:23:53","slug":"la-banda-de-musica-y-su-escuela-algo-mas-que-musica","status":"publish","type":"post","link":"https:\/\/blogs.laverdad.es\/febandasrmurcia\/2019\/06\/26\/la-banda-de-musica-y-su-escuela-algo-mas-que-musica\/","title":{"rendered":"La Banda de M\u00fasica y su Escuela, algo m\u00e1s que M\u00fasica."},"content":{"rendered":"<p>Este a\u00f1o 2019 es especial para la gran familia que forma la Uni\u00f3n Musical &#8220;Santa Cruz&#8221; de Abanilla. El 15 de enero se cumpli\u00f3 un cuarto de siglo desde nuestro nacimiento. Atr\u00e1s quedan aquellos comienzos ilusionantes en los que el objetivo era crear una escuela de m\u00fasica y una banda con una estructura formal m\u00e1s definida de lo conocido hasta entonces en Abanilla. Han pasado 25 a\u00f1os y gracias a la colaboraci\u00f3n desinteresada de las distintas directivas, m\u00fasicos, padres, socios, entidades colaboradoras, Comunidad Aut\u00f3noma de la Regi\u00f3n de Murcia y el Excmo. Ayuntamiento de Abanilla, se ha conseguido hacer realidad en nuestro municipio una asociaci\u00f3n cultural compuesta por tres bandas de m\u00fasica y por la Escuela de M\u00fasica &#8220;Pascual Lozano&#8221;; con m\u00e1s de 100 alumnos de edades comprendidas entre los 4 y 60 a\u00f1os y con una plantilla docente con titulaci\u00f3n superior en las distintas especialidades de instrumentos. Desde su constituci\u00f3n, m\u00e1s de 200 m\u00fasicos se han incorporado a nuestra Banda Titular.<\/p>\n<p>25 a\u00f1os despu\u00e9s, ese proyecto cultural que inici\u00f3 nuestro primer director, Pascual Lozano Mart\u00ednez &#8220;El Coronel&#8221;, con el apoyo de varios m\u00fasicos mayores y los padres de los m\u00fasicos m\u00e1s j\u00f3venes, se ha cumplido holgadamente continuando con la actividad educativa y musical de la anterior banda del pueblo, la &#8220;Agrupaci\u00f3n Musical Abanillense&#8221;.<\/p>\n<p>Las anteriores l\u00edneas pod\u00edan haber sido escritas por cualquiera de las Asociaciones que componen la Federaci\u00f3n de Bandas de M\u00fasica de la Regi\u00f3n de Murcia. Cada banda y su Escuela de M\u00fasica iniciaron su andadura en un momento diferente. Sin embargo, todas tienen en com\u00fan dos hechos fundamentales:<\/p>\n<p>\u2022 Una historia parecida (reflejada en el Libro de la Historia de las Bandas de M\u00fasica de la Regi\u00f3n de Murcia presentado en el X Congreso de Cronistas Oficiales de la Regi\u00f3n de Murcia -2017-) y<br \/>\n\u2022 Que estas entidades son algo m\u00e1s que m\u00fasica. \u00bfPor qu\u00e9?&#8230;<\/p>\n<p>-Porque nuestros peque\u00f1os alumnos, adem\u00e1s de aprender m\u00fasica, se divierten, cantan, sonr\u00eden y se ilusionan con las actividades que realiza nuestra asociaci\u00f3n.<\/p>\n<p>-Porque en las audiciones de Navidad y de fin de curso, los alumnos pierden el miedo esc\u00e9nico, se sienten valorados y, con nuestra presencia, contribuimos a su formaci\u00f3n musical y personal. Adem\u00e1s, en la Escuela de M\u00fasica se fomenta la preparaci\u00f3n y acceso al Conservatorio para que, aquellos alumnos que lo deseen, puedan disponer de una titulaci\u00f3n profesional o superior que avale el esfuerzo que realizan.<\/p>\n<p>-Porque nuestros m\u00fasicos de la banda, j\u00f3venes del municipio, ensayan en equipo, inician amistades y a su vez, se esfuerzan mucho para ofrecer conciertos que hacen disfrutar tanto al que escucha como al que interpreta la m\u00fasica. Organizar y realizar un concierto es m\u00e1s dif\u00edcil de lo que parece. Nuestras bandas de m\u00fasica ofrecen varios conciertos al a\u00f1o y el Festival de Bandas de M\u00fasica &#8220;Villa de Abanilla&#8221;.<\/p>\n<p>-Porque entre todos (alumnos, padres, socios, profesores, m\u00fasicos, directiva, Comunidad Aut\u00f3noma, Excmo. Ayuntamiento, Federaci\u00f3n de Moros y Cristianos, Hermandad de la Sant\u00edsima Cruz, Cofrad\u00edas de Semana Santa, K\u00e1bilas y Mesnadas, entidades privadas,\u2026) hemos conseguido escribir una historia de 25 a\u00f1os formando m\u00fasicos. Una historia que est\u00e1 plasmada en un libro recientemente editado. Gracias a todos ellos se mantiene la ilusi\u00f3n en un gran proyecto cultural en Abanilla que ha educado y formado a m\u00e1s de 200 m\u00fasicos desde 1994.<\/p>\n<p>-Porque defendemos activamente que la banda de m\u00fasica tenga actuaciones y los j\u00f3venes m\u00fasicos toquen por las calles de nuestro pueblo y fuera de \u00e9l, ya que es un buen escaparate donde mostrar los esfuerzos realizados en la escuela y animar a otros j\u00f3venes a unirse a nuestra asociaci\u00f3n.<\/p>\n<p>-Porque en Santa Cecilia, cada a\u00f1o, la banda de m\u00fasica recoge a un nuevo m\u00fasico en la puerta de su casa, ante la orgullosa y emocionada mirada de unos padres que llevan a\u00f1os esperando ese momento.<\/p>\n<p>-Porque entre todos seguimos ense\u00f1ando a ese nuevo m\u00fasico, le damos comprensi\u00f3n y apoyo ya que todos los principios cuestan. Nadie nace ense\u00f1ado. Tocar el instrumento, llevar las partituras, marcar el paso, mantener la formaci\u00f3n, tocar en conjunto, etc\u2026 no es tan f\u00e1cil como parece. Y en unos a\u00f1os, cuando ese m\u00fasico nos sobrepasa en altura, nos acordamos de cuando sali\u00f3 por primera vez en la banda y tocaba bien. Ahora toca mejor y nos sentimos orgullosos de haber puesto nuestro peque\u00f1o grano de arena. Y si en alg\u00fan momento, ese m\u00fasico decide dejar la banda, su banda, que siga tocando. Que no se deje la m\u00fasica. Y si se queda en la banda, su banda, adem\u00e1s de m\u00fasica, participar\u00e1 en tantas y tantas actividades que se realizan. No s\u00f3lo tocar la m\u00fasica&#8230; algo m\u00e1s.<\/p>\n<p>M\u00fasica y algo m\u00e1s es lo que hacemos en la Uni\u00f3n Musical &#8220;Santa Cruz&#8221; de Abanilla y en el resto de asociaciones musicales (con escuela y banda) que forman parte de la Federaci\u00f3n de Bandas de M\u00fasica de la Regi\u00f3n de Murcia. Valoremos la m\u00fasica y lo que hemos construido entre todos y record\u00e9moslo siempre.<\/p>\n<p>Por \u00faltimo, &#8220;una imagen vale m\u00e1s que mil palabras&#8221;. Dentro del Ciclo &#8220;Bandas en el Auditorio&#8221; 2018\/2019 organizado por la Federaci\u00f3n de Bandas, la foto del concierto ofrecido el pasado 17 de febrero en el Auditorio y Centro de Congresos &#8220;V\u00edctor Villegas&#8221; de Murcia es un buen ejemplo del potencial de este tipo de asociaciones musicales y su importancia en la sociedad actual. J\u00f3venes m\u00fasicos, alumnos, padres e incluso abuelos, es decir, una gran familia involucrada en un proyecto cultural que no emerge de la noche a la ma\u00f1ana. Esa foto refleja el esfuerzo, compromiso, trabajo en equipo y dedicaci\u00f3n de todos los componentes que aparecen para conseguir un gran espect\u00e1culo que une a varias generaciones con el objetivo de transmitir al p\u00fablico algo m\u00e1s que m\u00fasica. 25 a\u00f1os despu\u00e9s, de eso se trata.<\/p>\n<p>UNI\u00d3N MUSICAL &#8220;SANTA CRUZ&#8221; &#8211; 1994-2019. 25 A\u00d1OS FORMANDO M\u00daSICOS.<\/p>\n<script type=\"text\/javascript\">\n\nvar addthis_config = {\"data_track_clickback\":false,\"data_track_addressbar\":false,\"data_track_textcopy\":false,\"ui_atversion\":\"300\"};\nvar addthis_product = 'wpp-3.1';\n<\/script><script type=\"text\/javascript\" src=\"\/\/s7.addthis.com\/js\/300\/addthis_widget.js#pubid=112f3483c90ecf208d9ddb3794c68691\"><\/script>","protected":false},"excerpt":{"rendered":"<p>Este a\u00f1o 2019 es especial para la gran familia que forma la Uni\u00f3n Musical &#8220;Santa Cruz&#8221; de Abanilla. El 15 de enero se cumpli\u00f3 un cuarto de siglo desde nuestro nacimiento. Atr\u00e1s quedan aquellos comienzos ilusionantes en los que el objetivo era crear una escuela de m\u00fasica y una banda con una estructura formal m\u00e1s [&hellip;]<\/p>\n","protected":false},"author":10086,"featured_media":405,"comment_status":"open","ping_status":"closed","sticky":false,"template":"","format":"standard","meta":[],"categories":[4],"tags":[],"_links":{"self":[{"href":"https:\/\/blogs.laverdad.es\/febandasrmurcia\/wp-json\/wp\/v2\/posts\/404"}],"collection":[{"href":"https:\/\/blogs.laverdad.es\/febandasrmurcia\/wp-json\/wp\/v2\/posts"}],"about":[{"href":"https:\/\/blogs.laverdad.es\/febandasrmurcia\/wp-json\/wp\/v2\/types\/post"}],"author":[{"embeddable":true,"href":"https:\/\/blogs.laverdad.es\/febandasrmurcia\/wp-json\/wp\/v2\/users\/10086"}],"replies":[{"embeddable":true,"href":"https:\/\/blogs.laverdad.es\/febandasrmurcia\/wp-json\/wp\/v2\/comments?post=404"}],"version-history":[{"count":1,"href":"https:\/\/blogs.laverdad.es\/febandasrmurcia\/wp-json\/wp\/v2\/posts\/404\/revisions"}],"predecessor-version":[{"id":406,"href":"https:\/\/blogs.laverdad.es\/febandasrmurcia\/wp-json\/wp\/v2\/posts\/404\/revisions\/406"}],"wp:featuredmedia":[{"embeddable":true,"href":"https:\/\/blogs.laverdad.es\/febandasrmurcia\/wp-json\/wp\/v2\/media\/405"}],"wp:attachment":[{"href":"https:\/\/blogs.laverdad.es\/febandasrmurcia\/wp-json\/wp\/v2\/media?parent=404"}],"wp:term":[{"taxonomy":"category","embeddable":true,"href":"https:\/\/blogs.laverdad.es\/febandasrmurcia\/wp-json\/wp\/v2\/categories?post=404"},{"taxonomy":"post_tag","embeddable":true,"href":"https:\/\/blogs.laverdad.es\/febandasrmurcia\/wp-json\/wp\/v2\/tags?post=404"}],"curies":[{"name":"wp","href":"https:\/\/api.w.org\/{rel}","templated":true}]}}