{"id":411,"date":"2019-09-05T20:57:32","date_gmt":"2019-09-05T18:57:32","guid":{"rendered":"https:\/\/blogs.laverdad.es\/febandasrmurcia\/?p=411"},"modified":"2019-09-05T20:57:32","modified_gmt":"2019-09-05T18:57:32","slug":"saluda-la-presidenta-de-la-federacion-de-bandas-de-musica-de-la-region-de-murcia-2","status":"publish","type":"post","link":"https:\/\/blogs.laverdad.es\/febandasrmurcia\/2019\/09\/05\/saluda-la-presidenta-de-la-federacion-de-bandas-de-musica-de-la-region-de-murcia-2\/","title":{"rendered":"Saluda la Presidenta de la Federaci\u00f3n de Bandas de M\u00fasica de la Regi\u00f3n de Murcia."},"content":{"rendered":"<p>Bienvenidos al Blog de La Verdad dedicado a la Federaci\u00f3n de Bandas de M\u00fasica de la Regi\u00f3n de Murcia: \u201cNuestras Escuelas y Bandas de M\u00fasica tienen mucho que decir\u201d. Sin duda, un espacio digital que ha servido desde su inicio en septiembre de 2018, como punto de encuentro para todos los amantes de la m\u00fasica y en especial de la m\u00fasica de Banda, y por otro, como medio de comunicaci\u00f3n y difusi\u00f3n de la labor que desempe\u00f1an las Bandas de M\u00fasica Federadas de nuestra Regi\u00f3n, mediante art\u00edculos y noticias relacionadas con las mismas.<\/p>\n<p>La Federaci\u00f3n de Bandas de M\u00fasica de la Regi\u00f3n de Murcia est\u00e1 celebrando su treinta y cinco Aniversario, y mediante este medio, continuamos con la labor de dignificaci\u00f3n de la m\u00fasica, en las Escuelas y sus Bandas, que a trav\u00e9s de su metodolog\u00eda, realizan anualmente 1.500 actos culturales en toda la Comunidad, situ\u00e1ndonos como el colectivo con m\u00e1s actos musicales culturales de toda la Regi\u00f3n.<\/p>\n<p>Las asociaciones sin \u00e1nimo de lucro son la base del funcionamiento de las Bandas de M\u00fasica Federadas, de las cuales surgen las Juntas Directivas que gestionan el funcionamiento de las Escuelas de M\u00fasica y de las Bandas. En un marco de autonom\u00eda, cada asociaci\u00f3nmusical tiene una estructura de funcionamiento que permite desarrollar valores individuales, de convivencia intergeneracional, altruismo y cooperaci\u00f3n entre otros.<\/p>\n<p>Uno de los objetivo primordiales de este aniversario es la visibilizaci\u00f3n de la labor educativa y cultural en los medios de comunicaci\u00f3n tradicionales (prensa, radio y televisi\u00f3n), as\u00ed como en este blog y redes sociales.<\/p>\n<p>Estos medios propician la difusi\u00f3n de las actividades que fomentan la uni\u00f3n, el proceso de formaci\u00f3n y la actividad cultural que se realiza en las aulas de las Escuelas de M\u00fasica de nuestra Regi\u00f3n.<\/p>\n<p>Iniciamos el 35 Aniversario el 16 de enero de 2019, con la presentaci\u00f3n del Estudio realizado sobre el Impacto Sociocultural y Econ\u00f3mico de las Bandas de M\u00fasica de la Regi\u00f3n de Murcia, elaborado por la Universidad Polit\u00e9cnica de Cartagena. El 14 de febrero se aprob\u00f3 la Ley de la M\u00fasica de la Regi\u00f3n de Murcia en la Asamblea Regional. Esta Ley dictamina en su ordenamiento que se deber\u00e1 desarrollar en el plazo de un a\u00f1o. Continuamos dos d\u00edas despu\u00e9s con el VIII Certamen Regional \u201cCiudad de Cartagena\u201d y el Proyecto de la Banda Sinf\u00f3nica de la Federaci\u00f3n, dirigido por Rafael Gonz\u00e1lez Garc\u00eda.<\/p>\n<p>La evoluci\u00f3n sociol\u00f3gica y cultural es una realidad constatable en el proceso formativo y de expresi\u00f3n en los actos culturales de nuestras Bandas de M\u00fasica. Estas manifestaciones, precisan una mirada diferente, abierta \u2026, que permitan disfrutar de los incentivos que nos ofrece la incorporaci\u00f3n de nuevas tecnolog\u00edas, fomentando la transmisi\u00f3n de sensaciones experimentadas a trav\u00e9s la m\u00fasica en el p\u00fablico asistente. La interactividad entre la interpretaci\u00f3n de la banda y el p\u00fablico es un espacio a explorar.<\/p>\n<p>Agradecer a los responsables de La Verdad D. Alberto Aguirre de C\u00e1rcer y su equipo de redacci\u00f3n, por brindarnos este medio digital, a las cuarenta Escuelas y Bandas de M\u00fasica federadas, que ayudar\u00e1 a mostrar desde distintas perspectivas la realidad educativa, social y cultural, logros e innovaciones.<\/p>\n<p>Convencidos de que todo suma, la riqueza de este colectivo y seguidores tienen mucho que decir, por eso, tambi\u00e9n agradecemos a los lectores su apoyo visitando este blog, as\u00ed como ayud\u00e1ndonos a compartirlo y difundirlo para que \u201cla m\u00fasica contin\u00fae evolucionando\u201d<\/p>\n<p>Gracias por su visita, su persona es siempre bienvenida.<\/p>\n<p>Ginesa Zamora Saura.<\/p>\n<script type=\"text\/javascript\">\n\nvar addthis_config = {\"data_track_clickback\":false,\"data_track_addressbar\":false,\"data_track_textcopy\":false,\"ui_atversion\":\"300\"};\nvar addthis_product = 'wpp-3.1';\n<\/script><script type=\"text\/javascript\" src=\"\/\/s7.addthis.com\/js\/300\/addthis_widget.js#pubid=112f3483c90ecf208d9ddb3794c68691\"><\/script>","protected":false},"excerpt":{"rendered":"<p>Bienvenidos al Blog de La Verdad dedicado a la Federaci\u00f3n de Bandas de M\u00fasica de la Regi\u00f3n de Murcia: \u201cNuestras Escuelas y Bandas de M\u00fasica tienen mucho que decir\u201d. Sin duda, un espacio digital que ha servido desde su inicio en septiembre de 2018, como punto de encuentro para todos los amantes de la m\u00fasica [&hellip;]<\/p>\n","protected":false},"author":10086,"featured_media":412,"comment_status":"open","ping_status":"closed","sticky":false,"template":"","format":"standard","meta":[],"categories":[4],"tags":[],"_links":{"self":[{"href":"https:\/\/blogs.laverdad.es\/febandasrmurcia\/wp-json\/wp\/v2\/posts\/411"}],"collection":[{"href":"https:\/\/blogs.laverdad.es\/febandasrmurcia\/wp-json\/wp\/v2\/posts"}],"about":[{"href":"https:\/\/blogs.laverdad.es\/febandasrmurcia\/wp-json\/wp\/v2\/types\/post"}],"author":[{"embeddable":true,"href":"https:\/\/blogs.laverdad.es\/febandasrmurcia\/wp-json\/wp\/v2\/users\/10086"}],"replies":[{"embeddable":true,"href":"https:\/\/blogs.laverdad.es\/febandasrmurcia\/wp-json\/wp\/v2\/comments?post=411"}],"version-history":[{"count":1,"href":"https:\/\/blogs.laverdad.es\/febandasrmurcia\/wp-json\/wp\/v2\/posts\/411\/revisions"}],"predecessor-version":[{"id":413,"href":"https:\/\/blogs.laverdad.es\/febandasrmurcia\/wp-json\/wp\/v2\/posts\/411\/revisions\/413"}],"wp:featuredmedia":[{"embeddable":true,"href":"https:\/\/blogs.laverdad.es\/febandasrmurcia\/wp-json\/wp\/v2\/media\/412"}],"wp:attachment":[{"href":"https:\/\/blogs.laverdad.es\/febandasrmurcia\/wp-json\/wp\/v2\/media?parent=411"}],"wp:term":[{"taxonomy":"category","embeddable":true,"href":"https:\/\/blogs.laverdad.es\/febandasrmurcia\/wp-json\/wp\/v2\/categories?post=411"},{"taxonomy":"post_tag","embeddable":true,"href":"https:\/\/blogs.laverdad.es\/febandasrmurcia\/wp-json\/wp\/v2\/tags?post=411"}],"curies":[{"name":"wp","href":"https:\/\/api.w.org\/{rel}","templated":true}]}}