{"id":592,"date":"2021-02-23T19:24:08","date_gmt":"2021-02-23T18:24:08","guid":{"rendered":"https:\/\/blogs.laverdad.es\/febandasrmurcia\/?p=592"},"modified":"2021-02-23T19:24:08","modified_gmt":"2021-02-23T18:24:08","slug":"mision-posible-usar-el-arma-mas-poderosa-la-musica","status":"publish","type":"post","link":"https:\/\/blogs.laverdad.es\/febandasrmurcia\/2021\/02\/23\/mision-posible-usar-el-arma-mas-poderosa-la-musica\/","title":{"rendered":"MISI\u00d3N POSIBLE: Usar el arma m\u00e1s poderosa, LA M\u00daSICA."},"content":{"rendered":"<p style=\"text-align: left;\"><em>\u201cTodos hemos tenido un a\u00f1o dif\u00edcil, muy dif\u00edcil. Sin embargo, seguimos creyendo en el mensaje de la M\u00fasica.<\/em><\/p>\n<p style=\"text-align: left;\"><em>Los m\u00fasicos tienen en su poder flores en lugar de armas, flores que nos traen alegr\u00eda, esperanza, paz, hermandad, AMOR. Por lo tanto, la M\u00fasica no solo es importante por ser un entretenimiento, la M\u00fasica no solo es una profesi\u00f3n, la M\u00fasica es una MISI\u00d3N.<\/em><\/p>\n<p style=\"text-align: left;\"><em>Por eso hacemos este trabajo: para lograr a trav\u00e9s de esa misi\u00f3n una sociedad mejor.<\/em><\/p>\n<p style=\"text-align: left;\"><em>Pensemos que las nuevas generaciones se han visto privadas durante todo este a\u00f1o de la reflexi\u00f3n profunda y cr\u00edtica por atender, casi exclusivamente, a la salud y por supuesto que la salud es lo primero y m\u00e1s importante, pero tambi\u00e9n importa la salud mental y la M\u00fasica ayuda a ello.<\/em><\/p>\n<p style=\"text-align: left;\"><em>Por eso, mi mensaje a los gobernantes, presidentes y primeros ministros de todo el mundo es: consideren siempre la cultura como uno de los elementos primordiales para tener una sociedad mejor en el futuro&#8221;.<\/em><\/p>\n<p style=\"text-align: right;\"><span style=\"font-size: 10pt;\">Riccardo Muti. Transcripci\u00f3n del discurso realizado en el transcurso del Concierto de A\u00f1o Nuevo en la Sala Dorada de la Filarm\u00f3nica de Viena, 1 de enero de 2021.<\/span><\/p>\n<p>&nbsp;<\/p>\n<p>Como casi siempre, la ma\u00f1ana del primer d\u00eda del a\u00f1o mantengo el mismo ritual: ver y escuchar el famos\u00edsimo Concierto de A\u00f1o Nuevo, unos a\u00f1os con m\u00e1s atenci\u00f3n y otros, los que quiz\u00e1s la Nochevieja ha sido m\u00e1s intensa, la escucha ha mermado por culpa de la somnolencia. Este a\u00f1o no era el caso puesto que por desgracia, la Nochevieja de 2020, no pasar\u00e1 a la historia precisamente por la cantidad de horas bailando al son de las canciones del momento o los repetidos \u201cbrindis\u201d con cava catal\u00e1n, por lo tanto, en esta ocasi\u00f3n, mi atenci\u00f3n estaba plenamente dirigida hacia lo que, con cierta curiosidad, iba a ser el primer concierto del 2021; digo con cierta curiosidad porque ten\u00eda la duda de c\u00f3mo ser\u00eda ver a la orquesta m\u00e1s famosa en el auditorio m\u00e1s televisado de la historia -\u00a1sin p\u00fablico asistente!- espectadores, por otra parte, de cierta \u00e9lite y que en esta ocasi\u00f3n, se quedar\u00edan al igual que yo a\u00f1o tras a\u00f1o, sin poder asistir a este magn\u00edfico evento; lo cual, tengo que decir, me produc\u00eda cierto placer puesto que de esa manera y por una vez, todos los oyentes del mundo \u00edbamos a ver este Concierto en las mismas condiciones -al fin \u00e9ramos todos y todas iguales-. Sin embargo, ese extra\u00f1o placer se fue al traste cuando vi el primer plano del auditorio vac\u00edo; en ese momento me recorri\u00f3 una enorme tristeza y desolaci\u00f3n: no era justo escuchar esa maravillosa orquesta tocando para un mont\u00f3n de asientos vac\u00edos, carentes de japoneses, chinos, rusos, alemanes, austr\u00edacos, espa\u00f1oles, franceses\u2026.. Aquello ten\u00eda un aspecto extra\u00f1o, fantasmag\u00f3rico y desolador; solo la maravillosa decoraci\u00f3n floral del auditorio lo hac\u00eda bello y esperanzador. A la est\u00e9tica floral se uni\u00f3 esplendorosamente la direcci\u00f3n con la que el Maestro comenz\u00f3 a dar forma a la m\u00fasica. Por mencionar una de las interpretaciones, retengo en mi cabeza los ecos de una en particular \u2013 \u00a1qu\u00e9 Poeta y Aldeano interpretaron dios m\u00edo!, \u00a1Qu\u00e9 solo de violonchelo! \u2013 Esta composici\u00f3n fue una obra que no hace muchos a\u00f1os formaba parte del repertorio band\u00edstico. El resto del concierto, sencillamente, estuvo maravilloso. Muti fue \u201cIl Capo\u201d absolutamente.<\/p>\n<p>Adem\u00e1s de todo esto, resulta que un murciano era el core\u00f3grafo de los t\u00edpicos bailes que todos los a\u00f1os intervienen en un momento de la retrasmisi\u00f3n: \u00a1qu\u00e9 m\u00e1s se pod\u00eda pedir!<\/p>\n<p>Pues s\u00ed, se pod\u00eda pedir m\u00e1s, todav\u00eda quedaba lo mejor de la ma\u00f1ana. Antes de los tradicionales bises se produjo el milagro; el Maestro, Riccardo Muti, con la experiencia y sabidur\u00eda de sus 79 a\u00f1os, agarr\u00f3 con fuerza el micr\u00f3fono y lanz\u00f3 a los cuatro vientos el deseo para el Nuevo A\u00f1o. Su alocuci\u00f3n hecha en un ingl\u00e9s f\u00e1cilmente entendible y con una maravillosa claridad, retumb\u00f3, no solo en la vac\u00eda Sala Dorada si no que hizo vibrar las paredes de los salones de todas las casas del mundo. Conforme el Maestro iba diciendo frase tras frase, mi coraz\u00f3n lat\u00eda cada vez m\u00e1s fuerte y no era una fuerza cualquiera, era una fuerza en\u00e9rgica, de \u00e1nimo y de alegr\u00eda. Al mismo tiempo, mis ojos se humedec\u00edan y mi piel se erizaba. Ya con su magistral direcci\u00f3n a lo largo del concierto y a trav\u00e9s de los sonidos producidos por la Filarm\u00f3nica Vienesa esa sensaci\u00f3n hab\u00eda hecho su aparici\u00f3n, sin embargo, en este instante, el estremecimiento era distinto; ten\u00eda otro cariz. Por fin, alguien y no cualquiera; el Maestro Muti y ante millones de espectadores, dec\u00eda lo que yo &#8211; y sospecho que mucha m\u00e1s gente- pensaba, pienso y pensar\u00e9. Les puedo prometer que hubo un momento que mi loca imaginaci\u00f3n me hizo ver una especie de alucinaci\u00f3n: escuchando a uno de los m\u00e1s prestigiosos directores del mundo ve\u00eda en \u00e9l miles de bocas y voces a la vez expresando un \u00fanico pensamiento. Es como si telep\u00e1ticamente todos los m\u00fasicos del mundo hablaran a trav\u00e9s de la voz del maestro. Es como si la humilde labor que los m\u00fasicos realizamos d\u00eda tras d\u00eda apareciera de repente en un gran luminoso de letras de luz en un color pleno de esperanza, dejando un mensaje que debemos trasmitir todos los d\u00edas de nuestra vida: \u00a1La M\u00fasica construye una sociedad mejor y esa debe ser nuestra misi\u00f3n!<\/p>\n<p>Pocos d\u00edas despu\u00e9s recib\u00eda la siguiente noticia: la Asociaci\u00f3n de Amigos de la M\u00fasica de Yecla, su Escuela y su Banda eran reconocidas por el Ministerio del Interior como Entidad de Utilidad P\u00fablica. Casi cincuenta a\u00f1os de trabajo intenso se ve\u00edan recompensados por el Gobierno de Espa\u00f1a, dos a\u00f1os despu\u00e9s de iniciar el expediente se consegu\u00eda esa declaraci\u00f3n. Resulta que el Maestro Muti ten\u00eda raz\u00f3n, resulta que los m\u00fasicos tenemos la misi\u00f3n de hacer la sociedad mejor. Resulta que si trabajamos intensamente conseguiremos hacer entender a los dem\u00e1s que la M\u00fasica es absolutamente necesaria. Resulta que si nos empe\u00f1amos, las asociaciones musicales, escuelas y bandas, con su labor sin \u00e1nimo de lucro, con su actividad altruista y sacrificada ayudan a mejorar el futuro y el presente de nuestra gente. Nuestros j\u00f3venes y nuestros mayores tendr\u00e1n una existencia m\u00e1s confortable y en definitiva m\u00e1s saludable. Nuestro cuerpo y alma andar\u00e1n m\u00e1s felices por el camino de la vida.<\/p>\n<p>Sigamos creyendo pues en nuestra MISI\u00d3N. Continuemos luchando como hasta ahora por la M\u00daSICA. Ella debe seguir sonando en todos los rincones del mundo a pesar de esta traicionera y maldita pandemia. Esforc\u00e9monos al m\u00e1ximo en superar cualquier adversidad.<\/p>\n<p>\u00c1ngel Hern\u00e1ndez Azor\u00edn (2021)<br \/>\nDirector de la Banda y Escuela de la Asociaci\u00f3n de Amigos de la M\u00fasica de Yecla.<br \/>\nDirector de la Banda \u201cAsociaci\u00f3n Jumillana de Amigos de la M\u00fasica\u201d de Jumilla.<\/p>\n<script type=\"text\/javascript\">\n\nvar addthis_config = {\"data_track_clickback\":false,\"data_track_addressbar\":false,\"data_track_textcopy\":false,\"ui_atversion\":\"300\"};\nvar addthis_product = 'wpp-3.1';\n<\/script><script type=\"text\/javascript\" src=\"\/\/s7.addthis.com\/js\/300\/addthis_widget.js#pubid=112f3483c90ecf208d9ddb3794c68691\"><\/script>","protected":false},"excerpt":{"rendered":"<p>\u201cTodos hemos tenido un a\u00f1o dif\u00edcil, muy dif\u00edcil. Sin embargo, seguimos creyendo en el mensaje de la M\u00fasica. Los m\u00fasicos tienen en su poder flores en lugar de armas, flores que nos traen alegr\u00eda, esperanza, paz, hermandad, AMOR. Por lo tanto, la M\u00fasica no solo es importante por ser un entretenimiento, la M\u00fasica no solo [&hellip;]<\/p>\n","protected":false},"author":10086,"featured_media":593,"comment_status":"open","ping_status":"closed","sticky":false,"template":"","format":"standard","meta":[],"categories":[4],"tags":[],"_links":{"self":[{"href":"https:\/\/blogs.laverdad.es\/febandasrmurcia\/wp-json\/wp\/v2\/posts\/592"}],"collection":[{"href":"https:\/\/blogs.laverdad.es\/febandasrmurcia\/wp-json\/wp\/v2\/posts"}],"about":[{"href":"https:\/\/blogs.laverdad.es\/febandasrmurcia\/wp-json\/wp\/v2\/types\/post"}],"author":[{"embeddable":true,"href":"https:\/\/blogs.laverdad.es\/febandasrmurcia\/wp-json\/wp\/v2\/users\/10086"}],"replies":[{"embeddable":true,"href":"https:\/\/blogs.laverdad.es\/febandasrmurcia\/wp-json\/wp\/v2\/comments?post=592"}],"version-history":[{"count":2,"href":"https:\/\/blogs.laverdad.es\/febandasrmurcia\/wp-json\/wp\/v2\/posts\/592\/revisions"}],"predecessor-version":[{"id":595,"href":"https:\/\/blogs.laverdad.es\/febandasrmurcia\/wp-json\/wp\/v2\/posts\/592\/revisions\/595"}],"wp:featuredmedia":[{"embeddable":true,"href":"https:\/\/blogs.laverdad.es\/febandasrmurcia\/wp-json\/wp\/v2\/media\/593"}],"wp:attachment":[{"href":"https:\/\/blogs.laverdad.es\/febandasrmurcia\/wp-json\/wp\/v2\/media?parent=592"}],"wp:term":[{"taxonomy":"category","embeddable":true,"href":"https:\/\/blogs.laverdad.es\/febandasrmurcia\/wp-json\/wp\/v2\/categories?post=592"},{"taxonomy":"post_tag","embeddable":true,"href":"https:\/\/blogs.laverdad.es\/febandasrmurcia\/wp-json\/wp\/v2\/tags?post=592"}],"curies":[{"name":"wp","href":"https:\/\/api.w.org\/{rel}","templated":true}]}}