{"id":651,"date":"2021-10-06T19:00:08","date_gmt":"2021-10-06T17:00:08","guid":{"rendered":"https:\/\/blogs.laverdad.es\/febandasrmurcia\/?p=651"},"modified":"2021-10-06T19:00:08","modified_gmt":"2021-10-06T17:00:08","slug":"los-festivales-de-bandas","status":"publish","type":"post","link":"https:\/\/blogs.laverdad.es\/febandasrmurcia\/2021\/10\/06\/los-festivales-de-bandas\/","title":{"rendered":"Los Festivales de Bandas"},"content":{"rendered":"<p>Cuando me propusieron escribir unas l\u00edneas acerca del tema que nos ocupa; los festivales de bandas, fueron muchas las im\u00e1genes que en ese momento me vinieron a la mente. Y es que, dentro de las actividades que una banda de m\u00fasica viene a desarrollar, los festivales de bandas representan una de las actividades m\u00e1s significativas, de m\u00e1s calado y provecho.<\/p>\n<p>Quienes formen o hayan formado parte de una asociaci\u00f3n musical estar\u00e1n de acuerdo conmigo que nos encontramos ante una actividad sumamente gratificante cuyos beneficios son innumerables, tanto en lo propiamente musical como en lo social.<\/p>\n<p>Entre los objetivos fundamentales en los que se asienta una agrupaci\u00f3n musical est\u00e1 el de ir progresando como conjunto instrumental, mejorar la calidad t\u00e9cnica de los m\u00fasicos, descubrir y explorar nuevos repertorios y todo ello bajo el manto de una m\u00e1xima: aprender y disfrutar con la m\u00fasica. Por otra parte, trabajar de forma continuada en una banda de m\u00fasica a trav\u00e9s de los ensayos y otras actividades tiene un fuerte car\u00e1cter socializador; compartimos con los dem\u00e1s un mismo centro de inter\u00e9s que une mucho, el compa\u00f1erismo y la pertenencia al grupo rompe todo complejo de inferioridad, te conviertes en una parte imprescindible, nos ayuda a desarrollar aspectos tales como la empat\u00eda, el trabajo en equipo o te ayuda a dominar y mejorar tu t\u00e9cnica musical, entre otros.<\/p>\n<p>Esta doble funcionalidad de una banda de m\u00fasica a la que acabo de hacer referencia &#8211; el desarrollo musical y social- se potencia de una manera muy importante cuando se decide participar en un festival de bandas.<\/p>\n<p>Los m\u00fasicos y el director tienen ante s\u00ed una tarea y responsabilidad a\u00f1adida; encontrar un repertorio que permita trabajar determinados par\u00e1metros y as\u00ed mejorar el nivel musical, tanto individual como del grupo, y por otro lado que este resulte atractivo y motivador para el m\u00fasico que va a trabajar durante semanas con \u00e9l, as\u00ed como para el p\u00fablico al que ir\u00e1 dirigido. Un Festival de Bandas adem\u00e1s conforma una actividad con un agente motivador para los m\u00fasicos muy interesante. Cuando est\u00e1 prevista la realizaci\u00f3n de un festival, los m\u00fasicos ya saben que tienen que aumentar su capacidad de esfuerzo, su nivel de exigencia y su disciplina asistiendo con m\u00e1s asiduidad a los ensayos y estudiar su partitura ante las diferentes indicaciones del director.<\/p>\n<p>Adem\u00e1s, el hecho de tener la oportunidad de salir del espacio habitual en el que desarrollas tu pr\u00e1ctica instrumental y conocer otras bandas, otros lugares, es un a\u00f1adido a los m\u00faltiples beneficios que implica la participaci\u00f3n de un festival de bandas.<\/p>\n<p>En lo social, el hecho de tener que tocar en otro municipio, ante un p\u00fablico distinto al que se est\u00e1 acostumbrado y tener que compartir actuaci\u00f3n con otra banda de m\u00fasica hace que las relaciones de los m\u00fasicos se estrechen entre s\u00ed, puesto que tienes la responsabilidad de ejecutar bien tu papel, estar compenetrado con el resto de los compa\u00f1eros y compa\u00f1eras y, en definitiva, se produce una suma de talentos en la que cada uno pone lo mejor de s\u00ed mismo, provocando que las relaciones sociales del grupo se fortalezcan.<\/p>\n<p>Por otra parte, cuando dos o m\u00e1s bandas se unen para la celebraci\u00f3n de un festival de bandas, se produce una amalgama de beneficios donde el m\u00fasico es el m\u00e1s favorecido. Los Festivales de Bandas de M\u00fasica ofrecen al m\u00fasico la oportunidad de conocer m\u00faltiples pueblos y ciudades, de tocar en muchos teatros y auditorios, descubrir nuevo repertorio, conocer nuevas amistades y entablar cordiales lazos afectivos ya sea dentro de tu propia asociaci\u00f3n como con las dem\u00e1s, en definitiva, compartir con otras personas una misma pasi\u00f3n y ese amor incondicional por la m\u00fasica que se siente es altamente reconfortante.<\/p>\n<p>En mi caso personal, y estoy seguro que aquel integrante de una banda de m\u00fasica que lea estas l\u00edneas compartir\u00e1, el haber participado en festivales de bandas me ha brindado la oportunidad de conocer muchos de los pueblos y ciudades de la Regi\u00f3n de Murcia as\u00ed como de otras provincias, haber tocado en teatros que, por l\u00f3gica general, no hubiese tenido la oportunidad de hacer, he compartido con mis compa\u00f1eros de banda an\u00e9cdotas y momentos que guardo dulcemente en mi recuerdo, me ha hecho crecer como m\u00fasico y ha cultivado en m\u00ed valores muy importantes como el respeto, la capacidad de an\u00e1lisis y juicio cr\u00edtico y el gusto por la est\u00e9tica musical.<\/p>\n<p>En nuestra Regi\u00f3n de Murcia, los festivales de bandas nacieron pr\u00e1cticamente de forma paralela a la creaci\u00f3n de la mayor\u00eda de las actuales asociaciones musicales all\u00e1 por principios de los a\u00f1os 80 y los a\u00f1os 90 del siglo pasado. Son muchas las poblaciones de nuestra Comunidad Aut\u00f3noma que superan m\u00e1s de veinticinco y treinta ediciones de festivales de bandas a sus espaldas, siendo por tanto uno de los acontecimientos intr\u00ednsecos de una banda de m\u00fasica, profundamente enraizados, siendo por tanto un elemento imprescindible y b\u00e1sico de la actividad de una banda.<\/p>\n<p>Tras el obligado par\u00f3n que hemos vivido en los \u00faltimos dieciocho meses derivados de la pandemia, en el que la actividad general de nuestras bandas de m\u00fasica se ha visto muy perjudicada, he podido comprobar como nuestros festivales de bandas poco a poco vuelven a resurgir, realiz\u00e1ndose con todas las medidas higi\u00e9nico-sanitarias que imperan y lo hacen con las mejores condiciones, con m\u00e1s fuerza e ilusi\u00f3n que nunca demostrando as\u00ed que la Cultura, nuestra Cultura, es segura.<\/p>\n<p>Quiero concluir mandando un mensaje de \u00e1nimo a todas las directivas que tan mal lo han pasado y a\u00fan est\u00e1n pasando, para que, con el debido impulso y ayuda, retomen plenamente su actividad musical, se animen a retomar los festivales de bandas, tanto en sus municipios como a participar de otros. La m\u00fasica es necesaria, quienes aman la m\u00fasica, p\u00fablico o instrumentista, la necesitan. Trabajemos por la m\u00fasica de nuestros barrios, pueblos y ciudades. La m\u00fasica nos hace mejores como personas.<\/p>\n<p>Diego Boluda.<\/p>\n<script type=\"text\/javascript\">\n\nvar addthis_config = {\"data_track_clickback\":false,\"data_track_addressbar\":false,\"data_track_textcopy\":false,\"ui_atversion\":\"300\"};\nvar addthis_product = 'wpp-3.1';\n<\/script><script type=\"text\/javascript\" src=\"\/\/s7.addthis.com\/js\/300\/addthis_widget.js#pubid=112f3483c90ecf208d9ddb3794c68691\"><\/script>","protected":false},"excerpt":{"rendered":"<p>Cuando me propusieron escribir unas l\u00edneas acerca del tema que nos ocupa; los festivales de bandas, fueron muchas las im\u00e1genes que en ese momento me vinieron a la mente. Y es que, dentro de las actividades que una banda de m\u00fasica viene a desarrollar, los festivales de bandas representan una de las actividades m\u00e1s significativas, [&hellip;]<\/p>\n","protected":false},"author":10086,"featured_media":652,"comment_status":"open","ping_status":"closed","sticky":false,"template":"","format":"standard","meta":[],"categories":[4],"tags":[],"_links":{"self":[{"href":"https:\/\/blogs.laverdad.es\/febandasrmurcia\/wp-json\/wp\/v2\/posts\/651"}],"collection":[{"href":"https:\/\/blogs.laverdad.es\/febandasrmurcia\/wp-json\/wp\/v2\/posts"}],"about":[{"href":"https:\/\/blogs.laverdad.es\/febandasrmurcia\/wp-json\/wp\/v2\/types\/post"}],"author":[{"embeddable":true,"href":"https:\/\/blogs.laverdad.es\/febandasrmurcia\/wp-json\/wp\/v2\/users\/10086"}],"replies":[{"embeddable":true,"href":"https:\/\/blogs.laverdad.es\/febandasrmurcia\/wp-json\/wp\/v2\/comments?post=651"}],"version-history":[{"count":2,"href":"https:\/\/blogs.laverdad.es\/febandasrmurcia\/wp-json\/wp\/v2\/posts\/651\/revisions"}],"predecessor-version":[{"id":654,"href":"https:\/\/blogs.laverdad.es\/febandasrmurcia\/wp-json\/wp\/v2\/posts\/651\/revisions\/654"}],"wp:featuredmedia":[{"embeddable":true,"href":"https:\/\/blogs.laverdad.es\/febandasrmurcia\/wp-json\/wp\/v2\/media\/652"}],"wp:attachment":[{"href":"https:\/\/blogs.laverdad.es\/febandasrmurcia\/wp-json\/wp\/v2\/media?parent=651"}],"wp:term":[{"taxonomy":"category","embeddable":true,"href":"https:\/\/blogs.laverdad.es\/febandasrmurcia\/wp-json\/wp\/v2\/categories?post=651"},{"taxonomy":"post_tag","embeddable":true,"href":"https:\/\/blogs.laverdad.es\/febandasrmurcia\/wp-json\/wp\/v2\/tags?post=651"}],"curies":[{"name":"wp","href":"https:\/\/api.w.org\/{rel}","templated":true}]}}