{"id":660,"date":"2021-11-02T20:06:33","date_gmt":"2021-11-02T19:06:33","guid":{"rendered":"https:\/\/blogs.laverdad.es\/febandasrmurcia\/?p=660"},"modified":"2021-11-02T20:06:33","modified_gmt":"2021-11-02T19:06:33","slug":"bartolome-perez-casas","status":"publish","type":"post","link":"https:\/\/blogs.laverdad.es\/febandasrmurcia\/2021\/11\/02\/bartolome-perez-casas\/","title":{"rendered":"Bartolom\u00e9 P\u00e9rez Casas"},"content":{"rendered":"<p>Por Jos\u00e9 Luis Palao Azor\u00edn.<\/p>\n<p>Hoy recordamos la figura de Bartolom\u00e9 P\u00e9rez Casas, sin duda alguna important\u00edsimo y reconocido m\u00fasico, compositor y director de orquesta proveniente de nuestra Regi\u00f3n de Murcia. Naci\u00f3 en Lorca en el seno de una familia humilde en el a\u00f1o 1873 y a muy temprana edad comenz\u00f3 a dar sus primeros pasos en la m\u00fasica de la mano de dos de sus familiares: su abuelo, Juan Casas, y su t\u00edo, Jos\u00e9 Mar\u00eda Casas. Estos contaban ya con una trayectoria y un rol musical relevantes en Lorca. De hecho, su abuelo fue director de la banda de la Hermandad de Labradores y en 1854 cumpli\u00f3 su objetivo de que la agrupaci\u00f3n que dirig\u00eda pasase a ser banda municipal, coexistiendo esta agrupaci\u00f3n con otras en ese momento en la ciudad.<\/p>\n<p>Con tan solo 9 a\u00f1os Bartolom\u00e9 ya formaba parte de la banda de Lorca con el requinto. Unos a\u00f1os m\u00e1s tarde su t\u00edo Jos\u00e9 Mar\u00eda, consciente de las facilidades que presentaba su sobrino para la m\u00fasica, lo alent\u00f3 para que se trasladara a Madrid a estudiar en el conservatorio. Poco despu\u00e9s, en 1890, regres\u00f3 a la Regi\u00f3n de Murcia para cubrir una plaza de requinto en la Banda de M\u00fasica del Tercer Regimiento de Infanter\u00eda de Marina, en la portuaria ciudad de Cartagena, donde tambi\u00e9n contrajo matrimonio con Angelita Ros Castelo. Debido a sus deberes castrenses y mientras estos se prolongaron en el tiempo, P\u00e9rez Casas no pudo continuar presencialmente en el conservatorio, por lo que se vio obligado a estudiar por correspondencia y de manera, adem\u00e1s, autodidacta tanto Armon\u00eda como Composici\u00f3n con los profesores Cant\u00f3 y Felipe Pedrell respectivamente. Ser\u00e1 m\u00e1s tarde cuando tendr\u00e1 la oportunidad de completar sus estudios superiores en el Conservatorio de Madrid.<\/p>\n<p>En 1893 gan\u00f3 por oposici\u00f3n la plaza de M\u00fasico Mayor en la Banda del Regimiento de Infanter\u00eda de Espa\u00f1a n\u00ba48, lugar en el que estudi\u00f3, de manera te\u00f3rica y pr\u00e1ctica, las peculiaridades y posibilidades que ofrec\u00edan los instrumentos de viento y de percusi\u00f3n que conformaban una banda militar. Los conocimientos adquiridos por Bartolom\u00e9 durante esta etapa lo condujeron en 1897, superando con gran brillantez el proceso de las oposiciones, a alcanzar el puesto de director de m\u00fasica del Real Cuerpo de Alabarderos, formaci\u00f3n que super\u00f3 su nivel art\u00edstico bajo su batuta. Fue a partir de 1901 cuando comenz\u00f3 a compatibilizar este trabajo con su labor de int\u00e9rprete como viol\u00edn 2\u00ba en la Orquesta del Teatro Real de Madrid.<\/p>\n<p>Por otro lado, siguiendo la l\u00ednea cronol\u00f3gica de su vida, cabe destacar que entre 1902 y 1903 compuso un Cuarteto en Re Menor con piano, la cual se estren\u00f3 en el Teatro de la Comedia. Pero fue en 1904 cuando fue galardonado por la Real Academia de Bellas Artes de San Fernando, junto a La vida breve de Manuel de Falla, por su suite murciana de car\u00e1cter sinf\u00f3nico titulada A mi tierra. Como se puede deducir de su t\u00edtulo, dedic\u00f3 su creaci\u00f3n a Lorca, su tierra natal, y, seg\u00fan entendidos music\u00f3logos, est\u00e1 enmarcada como una de las m\u00e1s grandes obras del nacionalismo espa\u00f1ol.<\/p>\n<p>Fue en el a\u00f1o 1908 cuando, coincidiendo con la fundaci\u00f3n que llev\u00f3 a cabo de la Sociedad de Instrumentos de Viento, el rey Alfonso XII le encarg\u00f3 la instrumentaci\u00f3n y armonizaci\u00f3n oficial de la Marcha Real, declarada como Himno Nacional de Espa\u00f1a por Decreto de 17 de julio de 1942, la cual se ha mantenido vigente hasta 1997. Seg\u00fan parece, la primera grabaci\u00f3n de su instrumentaci\u00f3n fue dirigida por \u00e9l mismo e interpretada por la Banda de M\u00fasica del Regimiento de Infanter\u00eda Wad-Ras n\u00ba.53. A partir del Real Decreto del 10 de octubre de 1997, momento en que el Reino de Espa\u00f1a adquiri\u00f3 los derechos de autor de la Marcha Real (hasta ese momento pertenec\u00edan a los herederos de P\u00e9rez Casas), la versi\u00f3n sinf\u00f3nica oficial pas\u00f3 a ser la realizada por Francisco Grau, que es la que perdura hasta nuestros d\u00edas.<\/p>\n<p>En 1911 decidi\u00f3 solicitar su baja en el ej\u00e9rcito para dedicarse a la docencia en el Real Conservatorio Superior de Madrid tras obtener plaza por oposici\u00f3n como catedr\u00e1tico de Armon\u00eda. All\u00ed imparti\u00f3 clases hasta su jubilaci\u00f3n a distinguidos m\u00fasicos como Adolfo Salazar y Victorino Echevarr\u00eda (antiguo director de la Banda Municipal de Madrid), entre otros.<\/p>\n<p>En 1915 fund\u00f3 y dirigi\u00f3 la Orquesta Filarm\u00f3nica de Madrid, formada por profesores y m\u00fasicos de la Banda de Alabarderos, cuyo objetivo era difundir y fomentar la m\u00fasica sinf\u00f3nica. Tanto fue as\u00ed que los conciertos que realizaron fueron los primeros de m\u00fasica sinf\u00f3nica retransmitidos a trav\u00e9s de la radio, en los que sonaban composiciones del momento como La Mer y La Valse de Debussy\u00a0o el famoso\u00a0Bolero\u00a0de Ravel.<\/p>\n<p>En 1925 la Real Academia de Bellas Artes de San Fernando lo nombr\u00f3 Acad\u00e9mico Numerario, cuyo discurso de ingreso trat\u00f3 sobre el tema \u201cLos conciertos como signo de cultura musical en los pueblos\u201d.<\/p>\n<p>En el a\u00f1o 1938 fue nombrado director de la Orquesta Nacional de Espa\u00f1a y ocho a\u00f1os m\u00e1s tarde fue designado comisario general de la M\u00fasica en el Ministerio de Educaci\u00f3n Nacional, puesto que ocup\u00f3 hasta el momento de su muerte en 1956.<\/p>\n<p>Su ciudad natal condecor\u00f3 a este lorquino ilustre con el nombramiento de Hijo Predilecto de la localidad. Adem\u00e1s, una calle de la ciudad porta su nombre junto a una escultura que le rinde homenaje, as\u00ed como un instituto de Educaci\u00f3n Secundaria recibe tambi\u00e9n el nombre de tan grande m\u00fasico.<\/p>\n<p>As\u00ed, podemos afirmar a viva voz que Bartolom\u00e9 P\u00e9rez Casas fue uno de los m\u00fasicos murcianos m\u00e1s admirados en todos los c\u00edrculos culturales de la \u00e9poca e indudablemente una de las figuras m\u00e1s importantes de todo el siglo XX.<\/p>\n<p><img loading=\"lazy\" class=\" wp-image-662 aligncenter\" src=\"https:\/\/static-blogs.laverdad.es\/wp-content\/uploads\/sites\/139\/2021\/11\/b2-285x300.jpg\" alt=\"\" width=\"690\" height=\"726\" srcset=\"https:\/\/static-blogs.laverdad.es\/wp-content\/uploads\/sites\/139\/2021\/11\/b2-285x300.jpg 285w, https:\/\/static-blogs.laverdad.es\/wp-content\/uploads\/sites\/139\/2021\/11\/b2.jpg 391w\" sizes=\"(max-width: 690px) 100vw, 690px\" \/><\/p>\n<p>A continuaci\u00f3n, a trav\u00e9s de este enlace, pueden acceder al cat\u00e1logo de obras de Bartolom\u00e9 P\u00e9rez Casas en la p\u00e1gina de la Biblioteca Nacional de Espa\u00f1a:<\/p>\n<p><a href=\"https:\/\/datos.bne.es\/persona\/XX1024688.html\">https:\/\/datos.bne.es\/persona\/XX1024688.html<\/a><\/p>\n<p><span style=\"text-decoration: underline;\">Webgraf\u00eda:<\/span><\/p>\n<p>Real Academia de la Historia:<\/p>\n<p><a href=\"https:\/\/dbe.rah.es\/biografias\/5379\/bartolome-perez-casas\">https:\/\/dbe.rah.es\/biografias\/5379\/bartolome-perez-casas<\/a><\/p>\n<p>Regi\u00f3n de Murcia digital:<\/p>\n<p><a href=\"https:\/\/www.regmurcia.com\/servlet\/s.Sl?sit=a,82,c,373,m,1935&amp;r=ReP-2248-DETALLE_REPORTAJESPADRE\">https:\/\/www.regmurcia.com\/servlet\/s.Sl?sit=a,82,c,373,m,1935&amp;r=ReP-2248-DETALLE_REPORTAJESPADRE<\/a><\/p>\n<p><a href=\"https:\/\/www.regmurcia.com\/servlet\/s.Sl?sit=a,64,c,373,m,1871&amp;r=ReP-27451-DETALLE_REPORTAJESPADRE\">https:\/\/www.regmurcia.com\/servlet\/s.Sl?sit=a,64,c,373,m,1871&amp;r=ReP-27451-DETALLE_REPORTAJESPADRE<\/a><\/p>\n<script type=\"text\/javascript\">\n\nvar addthis_config = {\"data_track_clickback\":false,\"data_track_addressbar\":false,\"data_track_textcopy\":false,\"ui_atversion\":\"300\"};\nvar addthis_product = 'wpp-3.1';\n<\/script><script type=\"text\/javascript\" src=\"\/\/s7.addthis.com\/js\/300\/addthis_widget.js#pubid=112f3483c90ecf208d9ddb3794c68691\"><\/script>","protected":false},"excerpt":{"rendered":"<p>Por Jos\u00e9 Luis Palao Azor\u00edn. Hoy recordamos la figura de Bartolom\u00e9 P\u00e9rez Casas, sin duda alguna important\u00edsimo y reconocido m\u00fasico, compositor y director de orquesta proveniente de nuestra Regi\u00f3n de Murcia. Naci\u00f3 en Lorca en el seno de una familia humilde en el a\u00f1o 1873 y a muy temprana edad comenz\u00f3 a dar sus primeros [&hellip;]<\/p>\n","protected":false},"author":10086,"featured_media":661,"comment_status":"open","ping_status":"closed","sticky":false,"template":"","format":"standard","meta":[],"categories":[4],"tags":[],"_links":{"self":[{"href":"https:\/\/blogs.laverdad.es\/febandasrmurcia\/wp-json\/wp\/v2\/posts\/660"}],"collection":[{"href":"https:\/\/blogs.laverdad.es\/febandasrmurcia\/wp-json\/wp\/v2\/posts"}],"about":[{"href":"https:\/\/blogs.laverdad.es\/febandasrmurcia\/wp-json\/wp\/v2\/types\/post"}],"author":[{"embeddable":true,"href":"https:\/\/blogs.laverdad.es\/febandasrmurcia\/wp-json\/wp\/v2\/users\/10086"}],"replies":[{"embeddable":true,"href":"https:\/\/blogs.laverdad.es\/febandasrmurcia\/wp-json\/wp\/v2\/comments?post=660"}],"version-history":[{"count":3,"href":"https:\/\/blogs.laverdad.es\/febandasrmurcia\/wp-json\/wp\/v2\/posts\/660\/revisions"}],"predecessor-version":[{"id":665,"href":"https:\/\/blogs.laverdad.es\/febandasrmurcia\/wp-json\/wp\/v2\/posts\/660\/revisions\/665"}],"wp:featuredmedia":[{"embeddable":true,"href":"https:\/\/blogs.laverdad.es\/febandasrmurcia\/wp-json\/wp\/v2\/media\/661"}],"wp:attachment":[{"href":"https:\/\/blogs.laverdad.es\/febandasrmurcia\/wp-json\/wp\/v2\/media?parent=660"}],"wp:term":[{"taxonomy":"category","embeddable":true,"href":"https:\/\/blogs.laverdad.es\/febandasrmurcia\/wp-json\/wp\/v2\/categories?post=660"},{"taxonomy":"post_tag","embeddable":true,"href":"https:\/\/blogs.laverdad.es\/febandasrmurcia\/wp-json\/wp\/v2\/tags?post=660"}],"curies":[{"name":"wp","href":"https:\/\/api.w.org\/{rel}","templated":true}]}}